{"id":139923,"date":"2021-11-11T17:58:46","date_gmt":"2021-11-11T20:58:46","guid":{"rendered":"https:\/\/www.hoymercedes.com.ar\/principal\/?p=139923"},"modified":"2021-11-11T18:04:23","modified_gmt":"2021-11-11T21:04:23","slug":"autoridades-del-spb-visitan-pabellon-literario-en-la-carcel-local","status":"publish","type":"post","link":"https:\/\/www.hoymercedes.com.ar\/principal\/2021\/11\/11\/autoridades-del-spb-visitan-pabellon-literario-en-la-carcel-local\/","title":{"rendered":"Autoridades del SPB visitan pabell\u00f3n literario en la c\u00e1rcel local"},"content":{"rendered":"\n<p>En el marco del Programa Pabellones Literarios para la Libertad que se lleva adelante en las c\u00e1rceles bonaerenses, entre ellas en la Unidad N\u00b0 5 de Mercedes, las autoridades del Ministerio de Justicia y Derechos Humanos de la provincia de Buenos Aires, de la Jefatura del Servicio Penitenciario Bonaerense (SPB), de talleristas y de un magistrado, en la que mostraron los avances alcanzados, recorrieron los talleres literarios del penal local. <\/p>\n\n\n\n<div class=\"wp-block-image\"><figure class=\"aligncenter size-full\"><img loading=\"lazy\" decoding=\"async\" width=\"800\" height=\"370\" data-attachment-id=\"139924\" data-permalink=\"https:\/\/www.hoymercedes.com.ar\/principal\/2021\/11\/11\/autoridades-del-spb-visitan-pabellon-literario-en-la-carcel-local\/whatsapp-image-2021-11-11-at-17-36-18\/#main\" data-orig-file=\"https:\/\/www.hoymercedes.com.ar\/principal\/wp-content\/uploads\/2021\/11\/WhatsApp-Image-2021-11-11-at-17.36.18.jpeg\" data-orig-size=\"800,370\" data-comments-opened=\"0\" data-image-meta=\"{&quot;aperture&quot;:&quot;0&quot;,&quot;credit&quot;:&quot;&quot;,&quot;camera&quot;:&quot;&quot;,&quot;caption&quot;:&quot;&quot;,&quot;created_timestamp&quot;:&quot;0&quot;,&quot;copyright&quot;:&quot;&quot;,&quot;focal_length&quot;:&quot;0&quot;,&quot;iso&quot;:&quot;0&quot;,&quot;shutter_speed&quot;:&quot;0&quot;,&quot;title&quot;:&quot;&quot;,&quot;orientation&quot;:&quot;0&quot;}\" data-image-title=\"WhatsApp Image 2021-11-11 at 17.36.18\" data-image-description=\"\" data-image-caption=\"\" data-large-file=\"https:\/\/www.hoymercedes.com.ar\/principal\/wp-content\/uploads\/2021\/11\/WhatsApp-Image-2021-11-11-at-17.36.18.jpeg\" src=\"https:\/\/www.hoymercedes.com.ar\/principal\/wp-content\/uploads\/2021\/11\/WhatsApp-Image-2021-11-11-at-17.36.18.jpeg\" alt=\"\" class=\"wp-image-139924\" srcset=\"https:\/\/www.hoymercedes.com.ar\/principal\/wp-content\/uploads\/2021\/11\/WhatsApp-Image-2021-11-11-at-17.36.18.jpeg 800w, https:\/\/www.hoymercedes.com.ar\/principal\/wp-content\/uploads\/2021\/11\/WhatsApp-Image-2021-11-11-at-17.36.18-630x291.jpeg 630w, https:\/\/www.hoymercedes.com.ar\/principal\/wp-content\/uploads\/2021\/11\/WhatsApp-Image-2021-11-11-at-17.36.18-150x69.jpeg 150w\" sizes=\"auto, (max-width: 800px) 100vw, 800px\" \/><\/figure><\/div>\n\n\n\n<p>De acuerdo a la informaci\u00f3n brindada por la Unidad N\u00b0 5, la recorrida se llev\u00f3 adelante en la Unidad 5 del SPB en el Anexo Femenino, y en los pabellones 6 \u00a0y 4 con la participaci\u00f3n de Julia Lescano, \u00a0asesora del Ministerio de Justicia y Derechos Humanos de la provincia de Buenos Aires y el Juez Roberto Conti, quienes son los impulsores del Programa. A Lescano y Conti los acompa\u00f1aron el Director de la Unidad, Prefecto Mayor Horacio Maldonado, el Subdirector de Asistencia y Tratamiento, Prefecto Roberto Frade, los capellanes Norberto Chirigliano y Hern\u00e1n L\u00f3pez y los talleristas Lucia Lascano y Loana Crivelli.<\/p>\n\n\n\n<p>En estos encuentros se inauguraron dos bibliotecas dentro de los pabellones, y una de ellas lleva el nombre de la tallerista Lucia Lascano quien fue la impulsora. Tambi\u00e9n se visualizaron videos donde estaban registrados los avances de los trabajos y una representaci\u00f3n teatral escrita por los internos. Asimismo, mostraron revistas y peque\u00f1os libros ilustrados que son las producciones logradas.<\/p>\n\n\n\n<p>La informaci\u00f3n llegada desde el SPB da cuenta que algunos de los participantes fueron alfabetizados por sus compa\u00f1eros, dentro del Taller, leyeron escritos propios y expresaron frases como que ahora iban a poder leer un libro de cuentos a su hija, o ayudar en las tareas, o mejorar su forma de hablar y expresarse. Incluso algunos de esos relatos fueron escuchados por las autoridades presentes. <\/p>\n\n\n\n<p>Adem\u00e1s, conversaron sobre los avances y la importancia de seguir este trabajo que cambia la conducta de los internos, les hablaron de entender el mensaje de la importancia de la palabra, de tener m\u00e1s recursos para no ejercer la violencia, el respeto y la comprensi\u00f3n por el otro, incluso que piensen a quienes les hicieron da\u00f1o, para aprender que quieren en la vida, y que el estudiar es un camino para ese cambio de rumbo que necesitan. \u00a0<\/p>\n\n\n\n<p>El Juez Conti entreg\u00f3 el libro Las llaves de Raquel, que es la historia de vida del cordob\u00e9s Esteban Hubner que muestra su superaci\u00f3n de quien ahora es profesor de la Universidad de Oxford. Por \u00faltimo, la Asesora Julia Lescano se reuni\u00f3 con el personal Femenino en una charla informativa de los derechos de las mujeres en el \u00e1mbito laboral.<\/p>\n\n\n\n<p>Fuente: Prensa U5<\/p>\n\n\n\n<div class=\"wp-block-image\"><figure class=\"aligncenter size-large\"><img loading=\"lazy\" decoding=\"async\" width=\"1024\" height=\"473\" data-attachment-id=\"139928\" data-permalink=\"https:\/\/www.hoymercedes.com.ar\/principal\/2021\/11\/11\/autoridades-del-spb-visitan-pabellon-literario-en-la-carcel-local\/whatsapp-image-2021-11-11-at-17-36-18-1\/#main\" data-orig-file=\"https:\/\/www.hoymercedes.com.ar\/principal\/wp-content\/uploads\/2021\/11\/WhatsApp-Image-2021-11-11-at-17.36.18-1-e1636664626674.jpeg\" data-orig-size=\"800,370\" data-comments-opened=\"0\" data-image-meta=\"{&quot;aperture&quot;:&quot;0&quot;,&quot;credit&quot;:&quot;&quot;,&quot;camera&quot;:&quot;&quot;,&quot;caption&quot;:&quot;&quot;,&quot;created_timestamp&quot;:&quot;0&quot;,&quot;copyright&quot;:&quot;&quot;,&quot;focal_length&quot;:&quot;0&quot;,&quot;iso&quot;:&quot;0&quot;,&quot;shutter_speed&quot;:&quot;0&quot;,&quot;title&quot;:&quot;&quot;,&quot;orientation&quot;:&quot;0&quot;}\" data-image-title=\"WhatsApp Image 2021-11-11 at 17.36.18 (1)\" data-image-description=\"\" data-image-caption=\"\" data-large-file=\"https:\/\/www.hoymercedes.com.ar\/principal\/wp-content\/uploads\/2021\/11\/WhatsApp-Image-2021-11-11-at-17.36.18-1-1024x473.jpeg\" src=\"https:\/\/www.hoymercedes.com.ar\/principal\/wp-content\/uploads\/2021\/11\/WhatsApp-Image-2021-11-11-at-17.36.18-1-1024x473.jpeg\" alt=\"\" class=\"wp-image-139928\"\/><\/figure><\/div>\n","protected":false},"excerpt":{"rendered":"<p>En el marco del Programa Pabellones Literarios para la Libertad que se lleva adelante en las c\u00e1rceles bonaerenses, entre ellas &#8230; <a title=\"Autoridades del SPB visitan pabell\u00f3n literario en la c\u00e1rcel local\" class=\"read-more\" href=\"https:\/\/www.hoymercedes.com.ar\/principal\/2021\/11\/11\/autoridades-del-spb-visitan-pabellon-literario-en-la-carcel-local\/\" aria-label=\"Leer m\u00e1s sobre Autoridades del SPB visitan pabell\u00f3n literario en la c\u00e1rcel local\">Leer m\u00e1s<\/a><\/p>\n","protected":false},"author":1,"featured_media":139925,"comment_status":"closed","ping_status":"open","sticky":false,"template":"","format":"standard","meta":{"_monsterinsights_skip_tracking":false,"_monsterinsights_sitenote_active":false,"_monsterinsights_sitenote_note":"","_monsterinsights_sitenote_category":0,"jetpack_post_was_ever_published":false,"_jetpack_newsletter_access":"","_jetpack_dont_email_post_to_subs":false,"_jetpack_newsletter_tier_id":0,"_jetpack_memberships_contains_paywalled_content":false,"_jetpack_memberships_contains_paid_content":false,"footnotes":"","jetpack_publicize_message":"","jetpack_publicize_feature_enabled":true,"jetpack_social_post_already_shared":true,"jetpack_social_options":{"image_generator_settings":{"template":"highway","default_image_id":0,"font":"","enabled":false},"version":2},"_wpas_customize_per_network":false},"categories":[8],"tags":[],"class_list":["post-139923","post","type-post","status-publish","format-standard","has-post-thumbnail","hentry","category-sociedad","generate-columns","tablet-grid-50","mobile-grid-100","grid-parent","grid-50"],"jetpack_publicize_connections":[],"jetpack_featured_media_url":"https:\/\/www.hoymercedes.com.ar\/principal\/wp-content\/uploads\/2021\/11\/carcel-literaria.jpeg","wps_subtitle":"","jetpack_sharing_enabled":true,"_links":{"self":[{"href":"https:\/\/www.hoymercedes.com.ar\/principal\/wp-json\/wp\/v2\/posts\/139923","targetHints":{"allow":["GET"]}}],"collection":[{"href":"https:\/\/www.hoymercedes.com.ar\/principal\/wp-json\/wp\/v2\/posts"}],"about":[{"href":"https:\/\/www.hoymercedes.com.ar\/principal\/wp-json\/wp\/v2\/types\/post"}],"author":[{"embeddable":true,"href":"https:\/\/www.hoymercedes.com.ar\/principal\/wp-json\/wp\/v2\/users\/1"}],"replies":[{"embeddable":true,"href":"https:\/\/www.hoymercedes.com.ar\/principal\/wp-json\/wp\/v2\/comments?post=139923"}],"version-history":[{"count":0,"href":"https:\/\/www.hoymercedes.com.ar\/principal\/wp-json\/wp\/v2\/posts\/139923\/revisions"}],"wp:featuredmedia":[{"embeddable":true,"href":"https:\/\/www.hoymercedes.com.ar\/principal\/wp-json\/wp\/v2\/media\/139925"}],"wp:attachment":[{"href":"https:\/\/www.hoymercedes.com.ar\/principal\/wp-json\/wp\/v2\/media?parent=139923"}],"wp:term":[{"taxonomy":"category","embeddable":true,"href":"https:\/\/www.hoymercedes.com.ar\/principal\/wp-json\/wp\/v2\/categories?post=139923"},{"taxonomy":"post_tag","embeddable":true,"href":"https:\/\/www.hoymercedes.com.ar\/principal\/wp-json\/wp\/v2\/tags?post=139923"}],"curies":[{"name":"wp","href":"https:\/\/api.w.org\/{rel}","templated":true}]}}