{"id":14014,"date":"2012-06-28T00:36:36","date_gmt":"2012-06-28T00:36:36","guid":{"rendered":"http:\/\/www.hoymercedes.com.ar\/principal\/?p=14014"},"modified":"2012-06-28T00:41:08","modified_gmt":"2012-06-28T00:41:08","slug":"proyecto-sur-mercedes-campana-de-abrigos-para-el-borda","status":"publish","type":"post","link":"https:\/\/www.hoymercedes.com.ar\/principal\/2012\/06\/28\/proyecto-sur-mercedes-campana-de-abrigos-para-el-borda\/","title":{"rendered":"Proyecto Sur Mercedes: Campa\u00f1a de abrigos para el Borda"},"content":{"rendered":"<figure id=\"attachment_14018\" aria-describedby=\"caption-attachment-14018\" style=\"width: 602px\" class=\"wp-caption aligncenter\"><a href=\"https:\/\/www.hoymercedes.com.ar\/principal\/wp-content\/uploads\/2012\/06\/Hospital.Borda_.jpg\"><img loading=\"lazy\" decoding=\"async\" data-attachment-id=\"14018\" data-permalink=\"https:\/\/www.hoymercedes.com.ar\/principal\/2012\/06\/28\/proyecto-sur-mercedes-campana-de-abrigos-para-el-borda\/hospital-borda\/#main\" data-orig-file=\"https:\/\/www.hoymercedes.com.ar\/principal\/wp-content\/uploads\/2012\/06\/Hospital.Borda_.jpg\" data-orig-size=\"612,407\" data-comments-opened=\"1\" data-image-meta=\"{&quot;aperture&quot;:&quot;0&quot;,&quot;credit&quot;:&quot;&quot;,&quot;camera&quot;:&quot;&quot;,&quot;caption&quot;:&quot;&quot;,&quot;created_timestamp&quot;:&quot;0&quot;,&quot;copyright&quot;:&quot;&quot;,&quot;focal_length&quot;:&quot;0&quot;,&quot;iso&quot;:&quot;0&quot;,&quot;shutter_speed&quot;:&quot;0&quot;,&quot;title&quot;:&quot;&quot;}\" data-image-title=\"Hospital.Borda\" data-image-description=\"\" data-image-caption=\"&lt;p&gt;Foto: kaiul-kaiul.blogspot.com.ar&lt;\/p&gt;\n\" data-large-file=\"https:\/\/www.hoymercedes.com.ar\/principal\/wp-content\/uploads\/2012\/06\/Hospital.Borda_.jpg\" class=\"size-full wp-image-14018\" title=\"Hospital.Borda\" src=\"https:\/\/www.hoymercedes.com.ar\/principal\/wp-content\/uploads\/2012\/06\/Hospital.Borda_.jpg\" alt=\"\" width=\"612\" height=\"407\" \/><\/a><figcaption id=\"caption-attachment-14018\" class=\"wp-caption-text\">Foto: kaiul-kaiul.blogspot.com.ar<\/figcaption><\/figure>\n<p>El Movimiento Proyecto Sur Mercedes se suma a la campa\u00f1a nacional de donaci\u00f3n de abrigos para Hospital de salud mental Jos\u00e9 T. Borda.<\/p>\n<p>Este nosocomio porte\u00f1o sufre la falta de calefacci\u00f3n en varias de sus a\u00e9reas, ya que varios meses atr\u00e1s se cort\u00f3 el suministro de gas, afectando a 800 internos, al personal m\u00e9dico, enfermer\u00eda y mantenimiento, adem\u00e1s de perjudicar las actividades que all\u00ed se desarrollan. Tambi\u00e9n se registra en sus instalaciones paredes electrificadas, producto de la humedad presente en ellas.<\/p>\n<p>Es por ello que apelamos a la solidaridad de la ciudadan\u00eda colaborando con un abrigo en desuso. Nuestra ayuda es importante.<\/p>\n<p>Que podemos donar?<\/p>\n<p>Calzado de invierno, ropa de abrigo, mantas, frazadas, etc.<\/p>\n<p>Donde llevamos los donativos?<\/p>\n<p>26 entre 45 y 47 n\u00ba 1118 de lunes a viernes de 9:30 a 15hs.<\/p>\n<p>14 entre 37 y 39 n\u00ba 929 en todo momento del d\u00eda.<\/p>\n<p>El V\u00e9rtice Estudio-Taller esquina 21 y 36 de 13 a 20 hs.<\/p>\n<p>Movimiento Proyecto Sur Mercedes.<\/p>\n","protected":false},"excerpt":{"rendered":"<p>El Movimiento Proyecto Sur Mercedes se suma a la campa\u00f1a nacional de donaci\u00f3n de abrigos para Hospital de salud mental &#8230; <a title=\"Proyecto Sur Mercedes: Campa\u00f1a de abrigos para el Borda\" class=\"read-more\" href=\"https:\/\/www.hoymercedes.com.ar\/principal\/2012\/06\/28\/proyecto-sur-mercedes-campana-de-abrigos-para-el-borda\/\" aria-label=\"Leer m\u00e1s sobre Proyecto Sur Mercedes: Campa\u00f1a de abrigos para el Borda\">Leer m\u00e1s<\/a><\/p>\n","protected":false},"author":1,"featured_media":0,"comment_status":"open","ping_status":"open","sticky":false,"template":"","format":"standard","meta":{"_monsterinsights_skip_tracking":false,"_monsterinsights_sitenote_active":false,"_monsterinsights_sitenote_note":"","_monsterinsights_sitenote_category":0,"jetpack_post_was_ever_published":false,"_jetpack_newsletter_access":"","_jetpack_dont_email_post_to_subs":false,"_jetpack_newsletter_tier_id":0,"_jetpack_memberships_contains_paywalled_content":false,"_jetpack_memberships_contains_paid_content":false,"footnotes":"","jetpack_publicize_message":"","jetpack_publicize_feature_enabled":true,"jetpack_social_post_already_shared":false,"jetpack_social_options":{"image_generator_settings":{"template":"highway","default_image_id":0,"font":"","enabled":false},"version":2},"_wpas_customize_per_network":false},"categories":[5],"tags":[2435,109],"class_list":["post-14014","post","type-post","status-publish","format-standard","hentry","category-politica","tag-abrigos-para-el-borda","tag-proyecto-sur-mercedes","generate-columns","tablet-grid-50","mobile-grid-100","grid-parent","grid-50"],"jetpack_publicize_connections":[],"jetpack_featured_media_url":"","wps_subtitle":"","jetpack_sharing_enabled":true,"_links":{"self":[{"href":"https:\/\/www.hoymercedes.com.ar\/principal\/wp-json\/wp\/v2\/posts\/14014","targetHints":{"allow":["GET"]}}],"collection":[{"href":"https:\/\/www.hoymercedes.com.ar\/principal\/wp-json\/wp\/v2\/posts"}],"about":[{"href":"https:\/\/www.hoymercedes.com.ar\/principal\/wp-json\/wp\/v2\/types\/post"}],"author":[{"embeddable":true,"href":"https:\/\/www.hoymercedes.com.ar\/principal\/wp-json\/wp\/v2\/users\/1"}],"replies":[{"embeddable":true,"href":"https:\/\/www.hoymercedes.com.ar\/principal\/wp-json\/wp\/v2\/comments?post=14014"}],"version-history":[{"count":0,"href":"https:\/\/www.hoymercedes.com.ar\/principal\/wp-json\/wp\/v2\/posts\/14014\/revisions"}],"wp:attachment":[{"href":"https:\/\/www.hoymercedes.com.ar\/principal\/wp-json\/wp\/v2\/media?parent=14014"}],"wp:term":[{"taxonomy":"category","embeddable":true,"href":"https:\/\/www.hoymercedes.com.ar\/principal\/wp-json\/wp\/v2\/categories?post=14014"},{"taxonomy":"post_tag","embeddable":true,"href":"https:\/\/www.hoymercedes.com.ar\/principal\/wp-json\/wp\/v2\/tags?post=14014"}],"curies":[{"name":"wp","href":"https:\/\/api.w.org\/{rel}","templated":true}]}}