{"id":140179,"date":"2021-11-16T12:29:00","date_gmt":"2021-11-16T15:29:00","guid":{"rendered":"https:\/\/www.hoymercedes.com.ar\/principal\/?p=140179"},"modified":"2021-11-16T20:34:50","modified_gmt":"2021-11-16T23:34:50","slug":"el-club-holanda-inauguro-su-salon-de-usos-multiples","status":"publish","type":"post","link":"https:\/\/www.hoymercedes.com.ar\/principal\/2021\/11\/16\/el-club-holanda-inauguro-su-salon-de-usos-multiples\/","title":{"rendered":"El Club Holanda inaugur\u00f3 su sal\u00f3n de usos m\u00faltiples"},"content":{"rendered":"\n<p>Por Prensa Municipal &#8211; Mediante el Programa Nacional Clubes en Obra, complementado con el acompa\u00f1amiento de la Municipalidad de Mercedes y el Programa \u201cEsfuerzos Compartidos\u201d, la instituci\u00f3n del barrio Blandengues sum\u00f3 un Sal\u00f3n de Usos M\u00faltiples para todas las familias.<\/p>\n\n\n\n<div class=\"wp-block-image\"><figure class=\"aligncenter size-full\"><img loading=\"lazy\" decoding=\"async\" width=\"899\" height=\"599\" data-attachment-id=\"140180\" data-permalink=\"https:\/\/www.hoymercedes.com.ar\/principal\/2021\/11\/16\/el-club-holanda-inauguro-su-salon-de-usos-multiples\/thumbnail2\/#main\" data-orig-file=\"https:\/\/www.hoymercedes.com.ar\/principal\/wp-content\/uploads\/2021\/11\/thumbnail2.jpg\" data-orig-size=\"899,599\" data-comments-opened=\"0\" data-image-meta=\"{&quot;aperture&quot;:&quot;0&quot;,&quot;credit&quot;:&quot;&quot;,&quot;camera&quot;:&quot;&quot;,&quot;caption&quot;:&quot;&quot;,&quot;created_timestamp&quot;:&quot;0&quot;,&quot;copyright&quot;:&quot;&quot;,&quot;focal_length&quot;:&quot;0&quot;,&quot;iso&quot;:&quot;0&quot;,&quot;shutter_speed&quot;:&quot;0&quot;,&quot;title&quot;:&quot;&quot;,&quot;orientation&quot;:&quot;0&quot;}\" data-image-title=\"thumbnail2\" data-image-description=\"\" data-image-caption=\"\" data-large-file=\"https:\/\/www.hoymercedes.com.ar\/principal\/wp-content\/uploads\/2021\/11\/thumbnail2.jpg\" src=\"https:\/\/www.hoymercedes.com.ar\/principal\/wp-content\/uploads\/2021\/11\/thumbnail2.jpg\" alt=\"\" class=\"wp-image-140180\" srcset=\"https:\/\/www.hoymercedes.com.ar\/principal\/wp-content\/uploads\/2021\/11\/thumbnail2.jpg 899w, https:\/\/www.hoymercedes.com.ar\/principal\/wp-content\/uploads\/2021\/11\/thumbnail2-630x420.jpg 630w, https:\/\/www.hoymercedes.com.ar\/principal\/wp-content\/uploads\/2021\/11\/thumbnail2-150x100.jpg 150w, https:\/\/www.hoymercedes.com.ar\/principal\/wp-content\/uploads\/2021\/11\/thumbnail2-700x465.jpg 700w\" sizes=\"auto, (max-width: 899px) 100vw, 899px\" \/><\/figure><\/div>\n\n\n\n<p>En esta inauguraci\u00f3n estuvo presente el intendente Juan Ignacio Ustarroz manifest\u00f3 \u201ces una alegr\u00eda enorme estar en este lugar y ver como creci\u00f3 el Club Holanda. Hace un tiempo los vecinos y sus dirigentes retomaron el proyecto del club, donde comenzamos junto a ellos de a poquito, como todo sue\u00f1o, donde compramos terrenos donde hoy se encuentra la cancha, el SUM y los vestuarios\u201d y agreg\u00f3 \u201cvamos a seguir trabajando, porque somos conscientes de todo lo que generan los clubes en nuestra sociedad\u201d. &nbsp;<\/p>\n\n\n\n<p>En este sentido, el intendente Ustarroz se\u00f1al\u00f3 \u201cnuestro objetivo es que en cada rinc\u00f3n de nuestra ciudad haya clubes, donde cre\u00f3 que es muy importante apostar al deporte, la educaci\u00f3n y la cultura\u201d y les pidi\u00f3 a todos \u201ccuiden mucho al club porque est\u00e1 hecho para los chicos y las familias, los amigos, es, en definitiva, para todo el barrio\u201d.&nbsp;&nbsp;&nbsp;<\/p>\n\n\n\n<p>\u201cA disfrutar de estas instalaciones, de este club que est\u00e1 creciendo much\u00edsimo, a apoyarlo, porque no solamente brinda un lugar para realizar deportes, sino, tambi\u00e9n, sirve para el encuentro y contenci\u00f3n para muchos chicos y chicas\u201d destac\u00f3 el intendente Ustarroz.&nbsp;&nbsp;&nbsp;<\/p>\n\n\n\n<p>Desde el Club Holanda Jos\u00e9 Medina dijo que estamos \u201cmuy contento por el apoyo del intendente Ustarroz porque lo que se ha logrado en este tiempo es impresionante. Este era un sue\u00f1o que ten\u00edamos y la verdad que ver a todos estos chicos y el club que tenemos me causa mucha emoci\u00f3n\u201d. &nbsp;<\/p>\n\n\n\n<p>\u201cMuchas cosas que hemos conseguido en nuestra instituci\u00f3n han sido gracias intendente Ustarroz y al gran trabajo que viene haciendo, no s\u00f3lo en nuestro club, sino en todos los clubes de la ciudad\u201d. &nbsp;<\/p>\n\n\n\n<p>De esta manera, el Municipio de Mercedes, a trav\u00e9s de la Direcci\u00f3n de Deportes, viene trabajando en conjunto con los clubes de la ciudad y el Ministerio de Turismo y Deportes de la Naci\u00f3n para mejorar las infraestructuras de las instituciones sociales y deportivas, que cumplen un rol fundamental en la inclusi\u00f3n, el cuidado de la salud y el desarrollo humano.<\/p>\n\n\n\n<p>El SUM lleva, adem\u00e1s, el nombre de \u00abDaniel Lescano\u00bb, un reconocimiento que, deseado desde la intituci\u00f3n, al igual que la cancha que nombraron como \u00abMario Rodolfo Fern\u00e1ndez\u00bb.<\/p>\n","protected":false},"excerpt":{"rendered":"<p>Por Prensa Municipal &#8211; Mediante el Programa Nacional Clubes en Obra, complementado con el acompa\u00f1amiento de la Municipalidad de Mercedes &#8230; <a title=\"El Club Holanda inaugur\u00f3 su sal\u00f3n de usos m\u00faltiples\" class=\"read-more\" href=\"https:\/\/www.hoymercedes.com.ar\/principal\/2021\/11\/16\/el-club-holanda-inauguro-su-salon-de-usos-multiples\/\" aria-label=\"Leer m\u00e1s sobre El Club Holanda inaugur\u00f3 su sal\u00f3n de usos m\u00faltiples\">Leer m\u00e1s<\/a><\/p>\n","protected":false},"author":1,"featured_media":140180,"comment_status":"closed","ping_status":"open","sticky":false,"template":"","format":"standard","meta":{"_monsterinsights_skip_tracking":false,"_monsterinsights_sitenote_active":false,"_monsterinsights_sitenote_note":"","_monsterinsights_sitenote_category":0,"jetpack_post_was_ever_published":false,"_jetpack_newsletter_access":"","_jetpack_dont_email_post_to_subs":false,"_jetpack_newsletter_tier_id":0,"_jetpack_memberships_contains_paywalled_content":false,"_jetpack_memberships_contains_paid_content":false,"footnotes":"","jetpack_publicize_message":"","jetpack_publicize_feature_enabled":true,"jetpack_social_post_already_shared":true,"jetpack_social_options":{"image_generator_settings":{"template":"highway","default_image_id":0,"font":"","enabled":false},"version":2},"_wpas_customize_per_network":false},"categories":[21],"tags":[204,244],"class_list":["post-140179","post","type-post","status-publish","format-standard","has-post-thumbnail","hentry","category-deportes","tag-deportes-2","tag-municipio-2","generate-columns","tablet-grid-50","mobile-grid-100","grid-parent","grid-50"],"jetpack_publicize_connections":[],"jetpack_featured_media_url":"https:\/\/www.hoymercedes.com.ar\/principal\/wp-content\/uploads\/2021\/11\/thumbnail2.jpg","wps_subtitle":"","jetpack_sharing_enabled":true,"_links":{"self":[{"href":"https:\/\/www.hoymercedes.com.ar\/principal\/wp-json\/wp\/v2\/posts\/140179","targetHints":{"allow":["GET"]}}],"collection":[{"href":"https:\/\/www.hoymercedes.com.ar\/principal\/wp-json\/wp\/v2\/posts"}],"about":[{"href":"https:\/\/www.hoymercedes.com.ar\/principal\/wp-json\/wp\/v2\/types\/post"}],"author":[{"embeddable":true,"href":"https:\/\/www.hoymercedes.com.ar\/principal\/wp-json\/wp\/v2\/users\/1"}],"replies":[{"embeddable":true,"href":"https:\/\/www.hoymercedes.com.ar\/principal\/wp-json\/wp\/v2\/comments?post=140179"}],"version-history":[{"count":0,"href":"https:\/\/www.hoymercedes.com.ar\/principal\/wp-json\/wp\/v2\/posts\/140179\/revisions"}],"wp:featuredmedia":[{"embeddable":true,"href":"https:\/\/www.hoymercedes.com.ar\/principal\/wp-json\/wp\/v2\/media\/140180"}],"wp:attachment":[{"href":"https:\/\/www.hoymercedes.com.ar\/principal\/wp-json\/wp\/v2\/media?parent=140179"}],"wp:term":[{"taxonomy":"category","embeddable":true,"href":"https:\/\/www.hoymercedes.com.ar\/principal\/wp-json\/wp\/v2\/categories?post=140179"},{"taxonomy":"post_tag","embeddable":true,"href":"https:\/\/www.hoymercedes.com.ar\/principal\/wp-json\/wp\/v2\/tags?post=140179"}],"curies":[{"name":"wp","href":"https:\/\/api.w.org\/{rel}","templated":true}]}}