{"id":14020,"date":"2012-06-28T03:45:06","date_gmt":"2012-06-28T03:45:06","guid":{"rendered":"http:\/\/www.hoymercedes.com.ar\/principal\/?p=14020"},"modified":"2012-06-28T03:45:06","modified_gmt":"2012-06-28T03:45:06","slug":"moyano-en-la-cabina-del-discurso-mediatico","status":"publish","type":"post","link":"https:\/\/www.hoymercedes.com.ar\/principal\/2012\/06\/28\/moyano-en-la-cabina-del-discurso-mediatico\/","title":{"rendered":"Moyano en la cabina del discurso medi\u00e1tico"},"content":{"rendered":"<figure id=\"attachment_14022\" aria-describedby=\"caption-attachment-14022\" style=\"width: 602px\" class=\"wp-caption aligncenter\"><a href=\"https:\/\/www.hoymercedes.com.ar\/principal\/wp-content\/uploads\/2012\/06\/ActoMoyanoFotoTelam.jpg\"><img loading=\"lazy\" decoding=\"async\" data-attachment-id=\"14022\" data-permalink=\"https:\/\/www.hoymercedes.com.ar\/principal\/2012\/06\/28\/moyano-en-la-cabina-del-discurso-mediatico\/actomoyanofototelam\/#main\" data-orig-file=\"https:\/\/www.hoymercedes.com.ar\/principal\/wp-content\/uploads\/2012\/06\/ActoMoyanoFotoTelam.jpg\" data-orig-size=\"612,367\" data-comments-opened=\"1\" data-image-meta=\"{&quot;aperture&quot;:&quot;0&quot;,&quot;credit&quot;:&quot;&quot;,&quot;camera&quot;:&quot;&quot;,&quot;caption&quot;:&quot;&quot;,&quot;created_timestamp&quot;:&quot;0&quot;,&quot;copyright&quot;:&quot;&quot;,&quot;focal_length&quot;:&quot;0&quot;,&quot;iso&quot;:&quot;0&quot;,&quot;shutter_speed&quot;:&quot;0&quot;,&quot;title&quot;:&quot;&quot;}\" data-image-title=\"ActoMoyanoFotoTelam\" data-image-description=\"\" data-image-caption=\"&lt;p&gt;Foto: TELAM&lt;\/p&gt;\n\" data-large-file=\"https:\/\/www.hoymercedes.com.ar\/principal\/wp-content\/uploads\/2012\/06\/ActoMoyanoFotoTelam.jpg\" class=\"size-full wp-image-14022\" title=\"ActoMoyanoFotoTelam\" src=\"https:\/\/www.hoymercedes.com.ar\/principal\/wp-content\/uploads\/2012\/06\/ActoMoyanoFotoTelam.jpg\" alt=\"\" width=\"612\" height=\"367\" \/><\/a><figcaption id=\"caption-attachment-14022\" class=\"wp-caption-text\">Foto: TELAM<\/figcaption><\/figure>\n<p><strong>Por Luciano Demergasso y Sebastian Varcel\u00f3<\/strong><\/p>\n<p>El dirigente de los trabajadores, Hugo Moyano, llev\u00f3 adelante un paro con movilizaci\u00f3n y un acto en Plaza de Mayo que sin duda quedar\u00e1 en la historia como el efectuado por el principal socio de la actual gesti\u00f3n hasta hace muy poco tiempo. Tambi\u00e9n por mostrar las divisiones existentes en la Confederaci\u00f3n General del Trabajo, las relaciones de poder y las luchas inter sindicales en relaci\u00f3n a la interpretaci\u00f3n de la realidad que efect\u00faan as\u00ed como su cercan\u00eda al gobierno.<\/p>\n<p>Su discurso es v\u00e1lido en tanto pudo haber cambiado de opini\u00f3n: de ser un aliado destacado a un opositor en ascenso, sin embargo, eso mismo le quita fuerza. \u00bfC\u00f3mo se explica un cambio tan radical? Los reclamos que hace son parte de la realidad, pero, existen desde que los Kirchner asumieron. \u00bfAhora se da cuenta? Preguntas banales que desnudan una actitud y un trasfondo pol\u00edtico de lucha de poder.<\/p>\n<p>Moyano podr\u00eda haber criticado al gobierno por las verdaderas falencias que posee: silencio ante las explotaciones mineras, la ley antiterrorista, las relaciones con los \u201ccapitalistas amigos\u201d, los subsidios indiscriminados a unos sectores y no a otros, la relaci\u00f3n con algunos intendentes, etc. Sin embargo cay\u00f3 en el discurso medi\u00e1tico y lo repiti\u00f3 al pi\u00e9 de la letra. Habl\u00f3 de la soberbia presidencial, de la falta de di\u00e1logo, de los negocios del pasado de N\u00e9stor Kirchner (un verdadero golpe bajo, por m\u00e1s real e indiscutible que sea) y anuncios propios del peron\u00f3metro vigente. Es decir que en lugar de reclamar por inclusi\u00f3n social, trabajo asalariado en blanco, impuesto a los ricos y poderosos, participaci\u00f3n obrera en las ganancias de las empresas y distribuci\u00f3n de la riqueza (no del ingreso, de la riqueza!) se limit\u00f3 a la peque\u00f1ez pol\u00edtica de reclamos de la clase media con aspiraciones burguesas inviables. No pens\u00f3 en t\u00e9rminos de proletariado sino de los que ya est\u00e1n adentro. No fue inclusivo sino acumulativo. No quiere decir ello que se deba dejar de luchar por m\u00e1s y mejor salario y condiciones de trabajo para quienes lo tienen.<\/p>\n<p>El discurso tiene una afinidad clar\u00edsima e indubitable con las exposiciones de la Mesa de Enlace de las agrupaciones propietarias de la tierra, de los grupos financieros y de las grandes empresas medi\u00e1ticas. El mismo. Estuvo en sinton\u00eda fina con los poderosos lejos del Moyano de los noventa.<\/p>\n<p>Algunos analistas opositores al gobierno ya dec\u00edan que Moyano qued\u00f3 debilitado. Del medio mill\u00f3n de trabajadores juntados hace un a\u00f1o s\u00f3lo convoc\u00f3 entre 20 y 25 mil seg\u00fan Todo Noticias, por ejemplo. A\u00fan siendo s\u00f3lo de camioneros el n\u00famero es bajo. Su gremio tiene 150 mil afiliados y no se sumaron tantos miles de otros gremios que adhirieron.<\/p>\n<p>Perdi\u00f3 la posibilidad de correr por izquierda al gobierno, que es lo que m\u00e1s le duele. Le salt\u00f3 por derecha, que es lo que m\u00e1s le conviene. Dicen que su imagen subi\u00f3 algunos puntos y que la presidencial baj\u00f3. Viejo term\u00f3metro que sabemos no significa nada en las urnas y m\u00e1s cuando el gobierno tiene ya nueve a\u00f1os de gesti\u00f3n, algo que no es poca cosa en nuestro vol\u00e1til pa\u00eds, por el contrario, es hist\u00f3rico. (Adem\u00e1s es una medici\u00f3n sobre personas, no procesos, que es lo que cuenta en la vida de un pa\u00eds)<\/p>\n<p>El l\u00edder de los camioneros tambi\u00e9n debi\u00f3 vivir las versiones enfrentadas que sus propios hijos daban de la actualidad. Uno mucho m\u00e1s sumiso a los mandatos paternos que el otro. No es un dato menor sino que presenta niveles de racionalidad.<\/p>\n<p>Moyano buscaba posicionarse como el referente opositor al gobierno para continuar sus pasos en la pol\u00edtica partidaria (Como Lula, alguna vez dijo). Reci\u00e9n empieza ese camino. Para la sociedad ser\u00eda mucho m\u00e1s saludable si lo hace desde un campo m\u00e1s original y pegado a la masa de los trabajadores, no s\u00f3lo a los que m\u00e1s ganan, que no est\u00e1 mal pero es insuficiente. A la vez es necesario que construya su propio y creativo mensaje, sin esa repetici\u00f3n de lo que grandes corporaciones repiten infinitamente. Moyano puso primera, ojal\u00e1 avance en mejores condiciones.<\/p>\n<p>&nbsp;<\/p>\n","protected":false},"excerpt":{"rendered":"<p>Por Luciano Demergasso y Sebastian Varcel\u00f3 El dirigente de los trabajadores, Hugo Moyano, llev\u00f3 adelante un paro con movilizaci\u00f3n y &#8230; <a title=\"Moyano en la cabina del discurso medi\u00e1tico\" class=\"read-more\" href=\"https:\/\/www.hoymercedes.com.ar\/principal\/2012\/06\/28\/moyano-en-la-cabina-del-discurso-mediatico\/\" aria-label=\"Leer m\u00e1s sobre Moyano en la cabina del discurso medi\u00e1tico\">Leer m\u00e1s<\/a><\/p>\n","protected":false},"author":1,"featured_media":0,"comment_status":"open","ping_status":"open","sticky":false,"template":"","format":"standard","meta":{"_monsterinsights_skip_tracking":false,"_monsterinsights_sitenote_active":false,"_monsterinsights_sitenote_note":"","_monsterinsights_sitenote_category":0,"jetpack_post_was_ever_published":false,"_jetpack_newsletter_access":"","_jetpack_dont_email_post_to_subs":false,"_jetpack_newsletter_tier_id":0,"_jetpack_memberships_contains_paywalled_content":false,"_jetpack_memberships_contains_paid_content":false,"footnotes":"","jetpack_publicize_message":"","jetpack_publicize_feature_enabled":true,"jetpack_social_post_already_shared":false,"jetpack_social_options":{"image_generator_settings":{"template":"highway","default_image_id":0,"font":"","enabled":false},"version":2},"_wpas_customize_per_network":false},"categories":[1],"tags":[2079],"class_list":["post-14020","post","type-post","status-publish","format-standard","hentry","category-opinion","tag-luciano-demergasso","generate-columns","tablet-grid-50","mobile-grid-100","grid-parent","grid-50"],"jetpack_publicize_connections":[],"jetpack_featured_media_url":"","wps_subtitle":"","jetpack_sharing_enabled":true,"_links":{"self":[{"href":"https:\/\/www.hoymercedes.com.ar\/principal\/wp-json\/wp\/v2\/posts\/14020","targetHints":{"allow":["GET"]}}],"collection":[{"href":"https:\/\/www.hoymercedes.com.ar\/principal\/wp-json\/wp\/v2\/posts"}],"about":[{"href":"https:\/\/www.hoymercedes.com.ar\/principal\/wp-json\/wp\/v2\/types\/post"}],"author":[{"embeddable":true,"href":"https:\/\/www.hoymercedes.com.ar\/principal\/wp-json\/wp\/v2\/users\/1"}],"replies":[{"embeddable":true,"href":"https:\/\/www.hoymercedes.com.ar\/principal\/wp-json\/wp\/v2\/comments?post=14020"}],"version-history":[{"count":0,"href":"https:\/\/www.hoymercedes.com.ar\/principal\/wp-json\/wp\/v2\/posts\/14020\/revisions"}],"wp:attachment":[{"href":"https:\/\/www.hoymercedes.com.ar\/principal\/wp-json\/wp\/v2\/media?parent=14020"}],"wp:term":[{"taxonomy":"category","embeddable":true,"href":"https:\/\/www.hoymercedes.com.ar\/principal\/wp-json\/wp\/v2\/categories?post=14020"},{"taxonomy":"post_tag","embeddable":true,"href":"https:\/\/www.hoymercedes.com.ar\/principal\/wp-json\/wp\/v2\/tags?post=14020"}],"curies":[{"name":"wp","href":"https:\/\/api.w.org\/{rel}","templated":true}]}}