{"id":14027,"date":"2012-06-28T11:29:59","date_gmt":"2012-06-28T11:29:59","guid":{"rendered":"http:\/\/www.hoymercedes.com.ar\/principal\/?p=14027"},"modified":"2012-06-28T11:29:59","modified_gmt":"2012-06-28T11:29:59","slug":"habrian-detenido-al-asesino-de-edith-lombardo","status":"publish","type":"post","link":"https:\/\/www.hoymercedes.com.ar\/principal\/2012\/06\/28\/habrian-detenido-al-asesino-de-edith-lombardo\/","title":{"rendered":"Habr\u00edan detenido al asesino de Edith Lombardo"},"content":{"rendered":"<p>Se trata de un menor de edad que por razones legales en estos momentos se encuentra alojado en un establecimiento especial en la ciudad de La Plata<\/p>\n<p>El Director de Seguridad de nuestra ciudad, Esteban Rossi se refiri\u00f3 tambi\u00e9n a los delitos ocurridos en los \u00faltimos d\u00edas en la ciudad mostrando la misma preocupaci\u00f3n que la sostenida por el intendente Carlos Selva en la conferencia de prensa del martes pr\u00f3ximo pasado.<\/p>\n<p>El funcionario precis\u00f3 \u201clamentablemente hemos sufrido en los \u00faltimos d\u00edas una serie de hechos delictivos importantes que incluyen un homicidio, el robo calificado al Fiscal general de Mercedes, al propietario de Chacinados el Mercedino, el incendio de un polirubro y otros hechos de menor cuant\u00eda pero que no dejan de ser una preocupaci\u00f3n porque en realidad nosotros ven\u00edamos en materia de delitos de una meseta, es decir no ten\u00edamos picos importantes.<\/p>\n<p>Hemos estado trabajando de manera muy intensa junto al personal policial y judicial tratando de lograr el esclarecimiento de los mismos y en tal sentido puedo decir que el caso del Fiscal Merola ya se encuentra virtualmente resuelto con la detenci\u00f3n de dos persona, el recupero de gran parte del dinero que se le hab\u00eda sustra\u00eddo y tambi\u00e9n de algunos de los objetos de valor que se hab\u00edan llevado, resta la detenci\u00f3n al menos de una persona m\u00e1s que ya se encuentra identificada pero permanece pr\u00f3fugo<\/p>\n<p>Tambi\u00e9n tenemos un detenido que es menor de edad a quien se le atribuye con varias pruebas la autor\u00eda de homicidio de la mujer de setenta y cinco a\u00f1os ocurrido en el barrio Facundo Quiroga, por el hecho de ser menor de edad en estos momentos se encuentra a disposici\u00f3n de la justicia alojado en un establecimiento especial en la ciudad de La Plata.<\/p>\n<p>Por otra parte tenemos identificados a los autores de otros hechos como los robos en los kioscos y en una helader\u00eda pero aun no se los ha podido localizar as\u00ed que seguimos trabajando para poder dar con ellos\u201d.<\/p>\n<p>M\u00e1s adelante Esteban Rossi sostuvo al ser consultado acerca de la unidades, nuevos m\u00f3viles que tiene que recibir Mercedes \u201cse est\u00e1n haciendo los \u00faltimos detalles para al entrega especialmente en el ploteado de las mismas, no creo que pase mucho tiempo m\u00e1s sin que las tengamos a nuestra disposici\u00f3n.<\/p>\n<p>Tambi\u00e9n hemos trabajado en uno de los m\u00f3viles que hab\u00eda chocado que ya contamos con los materiales necesarios as\u00ed que en poco tiempo volver\u00e1 a la calle.<\/p>\n<p>Nosotros de manera conjunta con personal policial de localidades vecinas estamos haciendo operativos muy importantes en las zonas rurales, se hizo en nuestra ciudad, en San Andres de Giles y el ultimo hace tres d\u00edas en el Partido de Alberti, estos operativo se comenzaron a efectuar debido al incremento de robos en la zona rural en varios partidos.<\/p>\n<p>Ocurre que hoy en dia los delincuentes cuentan con una log\u00edstica muy importante, incluso hay grupos que hasta cuentan con equipos de comunicaciones de mano que les permite pasarse datos importantes entre ellos.<\/p>\n<p>Vuelvo a reiterar que ven\u00edamos en una especie de meseta delictiva baja, en los \u00faltimos 14 meses hechos como el ocurrido al Dr. Pablo Merola solo hubo dos, y ahora de pronto nos encontramos con este en el cual estamos trabajando y seguramente en los pr\u00f3ximos d\u00edas estaremos en condiciones de entregar novedades de significativa importancia.<\/p>\n<p>En estos momentos tenemos cubierta la necesidad en materia de m\u00f3viles, pero nos falta, como ocurre en toda la provincia m\u00e1s personal, por supuesto que me gustar\u00eda tener 8 cuadr\u00edculas en lugar de cuatro, pero con que personal las armo\u201d<\/p>\n<p>Finalmente Rossi sostuvo \u201caunque a gente no lo vea, hay toda una organizaci\u00f3n armada con ls comisarias delas localidades vecinas para trabajar de manera conjunta, por eso los m\u00f3viles van y vienen en forma permanente controlando especialmente los accesos a cada una de las ciudades, las estaciones ferroviarias y las terminales de colectivos\u201d.<\/p>\n<p>&nbsp;<\/p>\n","protected":false},"excerpt":{"rendered":"<p>Se trata de un menor de edad que por razones legales en estos momentos se encuentra alojado en un establecimiento &#8230; <a title=\"Habr\u00edan detenido al asesino de Edith Lombardo\" class=\"read-more\" href=\"https:\/\/www.hoymercedes.com.ar\/principal\/2012\/06\/28\/habrian-detenido-al-asesino-de-edith-lombardo\/\" aria-label=\"Leer m\u00e1s sobre Habr\u00edan detenido al asesino de Edith Lombardo\">Leer m\u00e1s<\/a><\/p>\n","protected":false},"author":1,"featured_media":0,"comment_status":"open","ping_status":"open","sticky":false,"template":"","format":"standard","meta":{"_monsterinsights_skip_tracking":false,"_monsterinsights_sitenote_active":false,"_monsterinsights_sitenote_note":"","_monsterinsights_sitenote_category":0,"jetpack_post_was_ever_published":false,"_jetpack_newsletter_access":"","_jetpack_dont_email_post_to_subs":false,"_jetpack_newsletter_tier_id":0,"_jetpack_memberships_contains_paywalled_content":false,"_jetpack_memberships_contains_paid_content":false,"footnotes":"","jetpack_publicize_message":"","jetpack_publicize_feature_enabled":true,"jetpack_social_post_already_shared":false,"jetpack_social_options":{"image_generator_settings":{"template":"highway","default_image_id":0,"font":"","enabled":false},"version":2},"_wpas_customize_per_network":false},"categories":[85],"tags":[2436,2437],"class_list":["post-14027","post","type-post","status-publish","format-standard","hentry","category-policial","tag-asesinato-mercedes","tag-edith-lombardo","generate-columns","tablet-grid-50","mobile-grid-100","grid-parent","grid-50"],"jetpack_publicize_connections":[],"jetpack_featured_media_url":"","wps_subtitle":"","jetpack_sharing_enabled":true,"_links":{"self":[{"href":"https:\/\/www.hoymercedes.com.ar\/principal\/wp-json\/wp\/v2\/posts\/14027","targetHints":{"allow":["GET"]}}],"collection":[{"href":"https:\/\/www.hoymercedes.com.ar\/principal\/wp-json\/wp\/v2\/posts"}],"about":[{"href":"https:\/\/www.hoymercedes.com.ar\/principal\/wp-json\/wp\/v2\/types\/post"}],"author":[{"embeddable":true,"href":"https:\/\/www.hoymercedes.com.ar\/principal\/wp-json\/wp\/v2\/users\/1"}],"replies":[{"embeddable":true,"href":"https:\/\/www.hoymercedes.com.ar\/principal\/wp-json\/wp\/v2\/comments?post=14027"}],"version-history":[{"count":0,"href":"https:\/\/www.hoymercedes.com.ar\/principal\/wp-json\/wp\/v2\/posts\/14027\/revisions"}],"wp:attachment":[{"href":"https:\/\/www.hoymercedes.com.ar\/principal\/wp-json\/wp\/v2\/media?parent=14027"}],"wp:term":[{"taxonomy":"category","embeddable":true,"href":"https:\/\/www.hoymercedes.com.ar\/principal\/wp-json\/wp\/v2\/categories?post=14027"},{"taxonomy":"post_tag","embeddable":true,"href":"https:\/\/www.hoymercedes.com.ar\/principal\/wp-json\/wp\/v2\/tags?post=14027"}],"curies":[{"name":"wp","href":"https:\/\/api.w.org\/{rel}","templated":true}]}}