{"id":140276,"date":"2021-11-18T23:49:46","date_gmt":"2021-11-19T02:49:46","guid":{"rendered":"https:\/\/www.hoymercedes.com.ar\/principal\/?p=140276"},"modified":"2021-11-18T23:49:52","modified_gmt":"2021-11-19T02:49:52","slug":"justicia-de-mercedes-interviene-en-caso-de-violencia-en-patota-en-giles","status":"publish","type":"post","link":"https:\/\/www.hoymercedes.com.ar\/principal\/2021\/11\/18\/justicia-de-mercedes-interviene-en-caso-de-violencia-en-patota-en-giles\/","title":{"rendered":"Justicia de Mercedes interviene en caso de violencia en patota en Giles"},"content":{"rendered":"\n<figure class=\"wp-block-image size-large\"><img loading=\"lazy\" decoding=\"async\" width=\"1024\" height=\"575\" data-attachment-id=\"140281\" data-permalink=\"https:\/\/www.hoymercedes.com.ar\/principal\/2021\/11\/18\/justicia-de-mercedes-interviene-en-caso-de-violencia-en-patota-en-giles\/policiales-brutal-golpiza\/#main\" data-orig-file=\"https:\/\/www.hoymercedes.com.ar\/principal\/wp-content\/uploads\/2021\/11\/policiales-brutal-golpiza.webp\" data-orig-size=\"1536,863\" data-comments-opened=\"0\" data-image-meta=\"{&quot;aperture&quot;:&quot;0&quot;,&quot;credit&quot;:&quot;&quot;,&quot;camera&quot;:&quot;&quot;,&quot;caption&quot;:&quot;&quot;,&quot;created_timestamp&quot;:&quot;0&quot;,&quot;copyright&quot;:&quot;&quot;,&quot;focal_length&quot;:&quot;0&quot;,&quot;iso&quot;:&quot;0&quot;,&quot;shutter_speed&quot;:&quot;0&quot;,&quot;title&quot;:&quot;&quot;,&quot;orientation&quot;:&quot;0&quot;}\" data-image-title=\"policiales-brutal-golpiza\" data-image-description=\"\" data-image-caption=\"\" data-large-file=\"https:\/\/www.hoymercedes.com.ar\/principal\/wp-content\/uploads\/2021\/11\/policiales-brutal-golpiza-1024x575.webp\" src=\"https:\/\/www.hoymercedes.com.ar\/principal\/wp-content\/uploads\/2021\/11\/policiales-brutal-golpiza-1024x575.webp\" alt=\"\" class=\"wp-image-140281\" srcset=\"https:\/\/www.hoymercedes.com.ar\/principal\/wp-content\/uploads\/2021\/11\/policiales-brutal-golpiza-1024x575.webp 1024w, https:\/\/www.hoymercedes.com.ar\/principal\/wp-content\/uploads\/2021\/11\/policiales-brutal-golpiza-630x354.webp 630w, https:\/\/www.hoymercedes.com.ar\/principal\/wp-content\/uploads\/2021\/11\/policiales-brutal-golpiza-150x84.webp 150w, https:\/\/www.hoymercedes.com.ar\/principal\/wp-content\/uploads\/2021\/11\/policiales-brutal-golpiza.webp 1536w\" sizes=\"auto, (max-width: 1024px) 100vw, 1024px\" \/><\/figure>\n\n\n\n<p>Tras una fuerte golpiza a un joven de 30 a\u00f1os en la localidad de Giles se inici\u00f3 una fuerte investigaci\u00f3n policial y judicial que determni\u00f3 la detenci\u00f3n de 3 mayores de edad. D\u00edas atr\u00e1s una marcha por el pueblo ped\u00eda justicia y expresaban que habr\u00eda un cuarto involucrado.<\/p>\n\n\n\n<p>La polic\u00eda el pasado 13 de noviembre en horas de la madrugada hab\u00eda ya detenido a 3 gilenses acusados de ser autores del salvaje ataque.<\/p>\n\n\n\n<p>Los apuntalados tienen 18, 20 y 26 a\u00f1os y se encuentran a disposici\u00f3n de la Unidad Fiscal de Instrucci\u00f3n N\u00b04 de Mercedes.<\/p>\n\n\n\n<p>La victima en grave estado tiene intervenci\u00f3n del Hospital San Andres.<\/p>\n\n\n\n<p>Hasta el momento la causa est\u00e1 caratulada como \u201cEsclarecimiento de homicidio agravado en grado de tentativa\u201d.<\/p>\n\n\n\n<p>Fuente: Infociudad.com.ar<\/p>\n","protected":false},"excerpt":{"rendered":"<p>Tras una fuerte golpiza a un joven de 30 a\u00f1os en la localidad de Giles se inici\u00f3 una fuerte investigaci\u00f3n &#8230; <a title=\"Justicia de Mercedes interviene en caso de violencia en patota en Giles\" class=\"read-more\" href=\"https:\/\/www.hoymercedes.com.ar\/principal\/2021\/11\/18\/justicia-de-mercedes-interviene-en-caso-de-violencia-en-patota-en-giles\/\" aria-label=\"Leer m\u00e1s sobre Justicia de Mercedes interviene en caso de violencia en patota en Giles\">Leer m\u00e1s<\/a><\/p>\n","protected":false},"author":1,"featured_media":140281,"comment_status":"closed","ping_status":"open","sticky":false,"template":"","format":"standard","meta":{"_monsterinsights_skip_tracking":false,"_monsterinsights_sitenote_active":false,"_monsterinsights_sitenote_note":"","_monsterinsights_sitenote_category":0,"jetpack_post_was_ever_published":false,"_jetpack_newsletter_access":"","_jetpack_dont_email_post_to_subs":false,"_jetpack_newsletter_tier_id":0,"_jetpack_memberships_contains_paywalled_content":false,"_jetpack_memberships_contains_paid_content":false,"footnotes":"","jetpack_publicize_message":"","jetpack_publicize_feature_enabled":true,"jetpack_social_post_already_shared":true,"jetpack_social_options":{"image_generator_settings":{"template":"highway","default_image_id":0,"font":"","enabled":false},"version":2},"_wpas_customize_per_network":false},"categories":[85],"tags":[18105],"class_list":["post-140276","post","type-post","status-publish","format-standard","has-post-thumbnail","hentry","category-policial","tag-patota-en-giles","generate-columns","tablet-grid-50","mobile-grid-100","grid-parent","grid-50"],"jetpack_publicize_connections":[],"jetpack_featured_media_url":"https:\/\/www.hoymercedes.com.ar\/principal\/wp-content\/uploads\/2021\/11\/policiales-brutal-golpiza.webp","wps_subtitle":"Grave","jetpack_sharing_enabled":true,"_links":{"self":[{"href":"https:\/\/www.hoymercedes.com.ar\/principal\/wp-json\/wp\/v2\/posts\/140276","targetHints":{"allow":["GET"]}}],"collection":[{"href":"https:\/\/www.hoymercedes.com.ar\/principal\/wp-json\/wp\/v2\/posts"}],"about":[{"href":"https:\/\/www.hoymercedes.com.ar\/principal\/wp-json\/wp\/v2\/types\/post"}],"author":[{"embeddable":true,"href":"https:\/\/www.hoymercedes.com.ar\/principal\/wp-json\/wp\/v2\/users\/1"}],"replies":[{"embeddable":true,"href":"https:\/\/www.hoymercedes.com.ar\/principal\/wp-json\/wp\/v2\/comments?post=140276"}],"version-history":[{"count":0,"href":"https:\/\/www.hoymercedes.com.ar\/principal\/wp-json\/wp\/v2\/posts\/140276\/revisions"}],"wp:featuredmedia":[{"embeddable":true,"href":"https:\/\/www.hoymercedes.com.ar\/principal\/wp-json\/wp\/v2\/media\/140281"}],"wp:attachment":[{"href":"https:\/\/www.hoymercedes.com.ar\/principal\/wp-json\/wp\/v2\/media?parent=140276"}],"wp:term":[{"taxonomy":"category","embeddable":true,"href":"https:\/\/www.hoymercedes.com.ar\/principal\/wp-json\/wp\/v2\/categories?post=140276"},{"taxonomy":"post_tag","embeddable":true,"href":"https:\/\/www.hoymercedes.com.ar\/principal\/wp-json\/wp\/v2\/tags?post=140276"}],"curies":[{"name":"wp","href":"https:\/\/api.w.org\/{rel}","templated":true}]}}