{"id":140299,"date":"2021-11-19T14:19:43","date_gmt":"2021-11-19T17:19:43","guid":{"rendered":"https:\/\/www.hoymercedes.com.ar\/principal\/?p=140299"},"modified":"2021-11-19T14:19:48","modified_gmt":"2021-11-19T17:19:48","slug":"despiste-y-vuelco-sobre-la-ruta-5-2","status":"publish","type":"post","link":"https:\/\/www.hoymercedes.com.ar\/principal\/2021\/11\/19\/despiste-y-vuelco-sobre-la-ruta-5-2\/","title":{"rendered":"Despiste y vuelco sobre la Ruta 5"},"content":{"rendered":"\n<p>En la ma\u00f1ana de este viernes, sobre la Ruta Nacional N\u00b0 5 se produjo un nuevo siniestro vial. A la altura del kil\u00f3metro 133,200, jurisdicci\u00f3n Suipacha, el conductor de un autom\u00f3vil Ford Fiesta, dominio JFW155, color gris oscuro, perdi\u00f3 el control del rodado despistandose hacia la banquina donde vuelca. <\/p>\n\n\n\n<div class=\"wp-block-image\"><figure class=\"aligncenter size-full\"><img loading=\"lazy\" decoding=\"async\" width=\"800\" height=\"370\" data-attachment-id=\"140300\" data-permalink=\"https:\/\/www.hoymercedes.com.ar\/principal\/2021\/11\/19\/despiste-y-vuelco-sobre-la-ruta-5-2\/255795753_4843335529034071_1314857270740564281_n\/#main\" data-orig-file=\"https:\/\/www.hoymercedes.com.ar\/principal\/wp-content\/uploads\/2021\/11\/255795753_4843335529034071_1314857270740564281_n.jpg\" data-orig-size=\"800,370\" data-comments-opened=\"0\" data-image-meta=\"{&quot;aperture&quot;:&quot;0&quot;,&quot;credit&quot;:&quot;&quot;,&quot;camera&quot;:&quot;&quot;,&quot;caption&quot;:&quot;&quot;,&quot;created_timestamp&quot;:&quot;0&quot;,&quot;copyright&quot;:&quot;&quot;,&quot;focal_length&quot;:&quot;0&quot;,&quot;iso&quot;:&quot;0&quot;,&quot;shutter_speed&quot;:&quot;0&quot;,&quot;title&quot;:&quot;&quot;,&quot;orientation&quot;:&quot;0&quot;}\" data-image-title=\"255795753_4843335529034071_1314857270740564281_n\" data-image-description=\"\" data-image-caption=\"\" data-large-file=\"https:\/\/www.hoymercedes.com.ar\/principal\/wp-content\/uploads\/2021\/11\/255795753_4843335529034071_1314857270740564281_n.jpg\" src=\"https:\/\/www.hoymercedes.com.ar\/principal\/wp-content\/uploads\/2021\/11\/255795753_4843335529034071_1314857270740564281_n.jpg\" alt=\"\" class=\"wp-image-140300\" srcset=\"https:\/\/www.hoymercedes.com.ar\/principal\/wp-content\/uploads\/2021\/11\/255795753_4843335529034071_1314857270740564281_n.jpg 800w, https:\/\/www.hoymercedes.com.ar\/principal\/wp-content\/uploads\/2021\/11\/255795753_4843335529034071_1314857270740564281_n-630x291.jpg 630w, https:\/\/www.hoymercedes.com.ar\/principal\/wp-content\/uploads\/2021\/11\/255795753_4843335529034071_1314857270740564281_n-150x69.jpg 150w\" sizes=\"auto, (max-width: 800px) 100vw, 800px\" \/><\/figure><\/div>\n\n\n\n<p>El veh\u00edculo rompe el alambrado per\u00edmetral del campo y queda sobre sus cuatro ruedas dentro del campo a varios metros de la cinta asf\u00e1ltica.<\/p>\n\n\n\n<p>Afortunadamente su \u00fanico ocupante, Hugo Flores, joven de 28 a\u00f1os radicado en Moreno, que se dirig\u00eda desde all\u00ed hacia la ciudad de Chivilcoy, no sufri\u00f3 heridas, siendo igualmente trasladado al Hospital Esteban Iribarne de Suipacha para efectuarle controles de rigor y descartar posibles lesiones ocultas.<\/p>\n\n\n\n<p>Intervino personal de CPR, Polic\u00eda Comunal , ambulancia del Same de Suipacha , m\u00f3viles del consecionario vial Corredores Viales y Polic\u00eda Vial Chivilcoy<\/p>\n\n\n\n<p>Colaboraci\u00f3n Jorge Lasala de Suipacha. <\/p>\n","protected":false},"excerpt":{"rendered":"<p>En la ma\u00f1ana de este viernes, sobre la Ruta Nacional N\u00b0 5 se produjo un nuevo siniestro vial. A la &#8230; <a title=\"Despiste y vuelco sobre la Ruta 5\" class=\"read-more\" href=\"https:\/\/www.hoymercedes.com.ar\/principal\/2021\/11\/19\/despiste-y-vuelco-sobre-la-ruta-5-2\/\" aria-label=\"Leer m\u00e1s sobre Despiste y vuelco sobre la Ruta 5\">Leer m\u00e1s<\/a><\/p>\n","protected":false},"author":1,"featured_media":140300,"comment_status":"closed","ping_status":"open","sticky":false,"template":"","format":"standard","meta":{"_monsterinsights_skip_tracking":false,"_monsterinsights_sitenote_active":false,"_monsterinsights_sitenote_note":"","_monsterinsights_sitenote_category":0,"jetpack_post_was_ever_published":false,"_jetpack_newsletter_access":"","_jetpack_dont_email_post_to_subs":false,"_jetpack_newsletter_tier_id":0,"_jetpack_memberships_contains_paywalled_content":false,"_jetpack_memberships_contains_paid_content":false,"footnotes":"","jetpack_publicize_message":"","jetpack_publicize_feature_enabled":true,"jetpack_social_post_already_shared":true,"jetpack_social_options":{"image_generator_settings":{"template":"highway","default_image_id":0,"font":"","enabled":false},"version":2},"_wpas_customize_per_network":false},"categories":[85],"tags":[],"class_list":["post-140299","post","type-post","status-publish","format-standard","has-post-thumbnail","hentry","category-policial","generate-columns","tablet-grid-50","mobile-grid-100","grid-parent","grid-50"],"jetpack_publicize_connections":[],"jetpack_featured_media_url":"https:\/\/www.hoymercedes.com.ar\/principal\/wp-content\/uploads\/2021\/11\/255795753_4843335529034071_1314857270740564281_n.jpg","wps_subtitle":"","jetpack_sharing_enabled":true,"_links":{"self":[{"href":"https:\/\/www.hoymercedes.com.ar\/principal\/wp-json\/wp\/v2\/posts\/140299","targetHints":{"allow":["GET"]}}],"collection":[{"href":"https:\/\/www.hoymercedes.com.ar\/principal\/wp-json\/wp\/v2\/posts"}],"about":[{"href":"https:\/\/www.hoymercedes.com.ar\/principal\/wp-json\/wp\/v2\/types\/post"}],"author":[{"embeddable":true,"href":"https:\/\/www.hoymercedes.com.ar\/principal\/wp-json\/wp\/v2\/users\/1"}],"replies":[{"embeddable":true,"href":"https:\/\/www.hoymercedes.com.ar\/principal\/wp-json\/wp\/v2\/comments?post=140299"}],"version-history":[{"count":0,"href":"https:\/\/www.hoymercedes.com.ar\/principal\/wp-json\/wp\/v2\/posts\/140299\/revisions"}],"wp:featuredmedia":[{"embeddable":true,"href":"https:\/\/www.hoymercedes.com.ar\/principal\/wp-json\/wp\/v2\/media\/140300"}],"wp:attachment":[{"href":"https:\/\/www.hoymercedes.com.ar\/principal\/wp-json\/wp\/v2\/media?parent=140299"}],"wp:term":[{"taxonomy":"category","embeddable":true,"href":"https:\/\/www.hoymercedes.com.ar\/principal\/wp-json\/wp\/v2\/categories?post=140299"},{"taxonomy":"post_tag","embeddable":true,"href":"https:\/\/www.hoymercedes.com.ar\/principal\/wp-json\/wp\/v2\/tags?post=140299"}],"curies":[{"name":"wp","href":"https:\/\/api.w.org\/{rel}","templated":true}]}}