{"id":14033,"date":"2012-06-28T11:46:33","date_gmt":"2012-06-28T11:46:33","guid":{"rendered":"http:\/\/www.hoymercedes.com.ar\/principal\/?p=14033"},"modified":"2012-06-28T11:46:33","modified_gmt":"2012-06-28T11:46:33","slug":"apoyo-a-los-jovenes-en-casa-del-estudiantes","status":"publish","type":"post","link":"https:\/\/www.hoymercedes.com.ar\/principal\/2012\/06\/28\/apoyo-a-los-jovenes-en-casa-del-estudiantes\/","title":{"rendered":"Apoyo a los j\u00f3venes en Casa del Estudiantes"},"content":{"rendered":"<p><a href=\"https:\/\/www.hoymercedes.com.ar\/principal\/wp-content\/uploads\/2012\/06\/CasaEstudianteMercedes.jpg\"><img loading=\"lazy\" decoding=\"async\" data-attachment-id=\"14035\" data-permalink=\"https:\/\/www.hoymercedes.com.ar\/principal\/2012\/06\/28\/apoyo-a-los-jovenes-en-casa-del-estudiantes\/casaestudiantemercedes\/#main\" data-orig-file=\"https:\/\/www.hoymercedes.com.ar\/principal\/wp-content\/uploads\/2012\/06\/CasaEstudianteMercedes.jpg\" data-orig-size=\"612,459\" data-comments-opened=\"1\" data-image-meta=\"{&quot;aperture&quot;:&quot;2.7&quot;,&quot;credit&quot;:&quot;&quot;,&quot;camera&quot;:&quot;DSC-W350&quot;,&quot;caption&quot;:&quot;&quot;,&quot;created_timestamp&quot;:&quot;1315017103&quot;,&quot;copyright&quot;:&quot;&quot;,&quot;focal_length&quot;:&quot;4.7&quot;,&quot;iso&quot;:&quot;640&quot;,&quot;shutter_speed&quot;:&quot;0.033333333333333&quot;,&quot;title&quot;:&quot;&quot;}\" data-image-title=\"CasaEstudianteMercedes\" data-image-description=\"\" data-image-caption=\"\" data-large-file=\"https:\/\/www.hoymercedes.com.ar\/principal\/wp-content\/uploads\/2012\/06\/CasaEstudianteMercedes.jpg\" class=\"aligncenter size-full wp-image-14035\" title=\"CasaEstudianteMercedes\" src=\"https:\/\/www.hoymercedes.com.ar\/principal\/wp-content\/uploads\/2012\/06\/CasaEstudianteMercedes.jpg\" alt=\"\" width=\"612\" height=\"459\" \/><\/a><\/p>\n<p>Los j\u00f3venes residentes en una de las Casas del Estudiante que la Municipalidad de Mercedes dispone en la ciudad de La Plata , recibieron una ayuda econ\u00f3mica de parte de los concejales del Partido Justicialita-Frente para la Victoria de la ciudad de Mercedes.<\/p>\n<p>En ese sentido, el concejal Arnaldo M\u00e9ndez, en representaci\u00f3n del bloque, se traslad\u00f3 hasta la ciudad capital de la provincia de Buenos Aires para hacer entrega a los estudiantes residentes en la casa ubicada en las calles 4 y 60, de una ayuda econ\u00f3mica para adquirir algunos electrodom\u00e9sticos.<\/p>\n<p>Seg\u00fan relat\u00f3 el propio M\u00e8ndez, la iniciativa surgi\u00f3 luego de una reuni\u00f3n que el concejal hab\u00eda mantenido con los estudiantes en la ciudad de La Plata, en la que lo j\u00f3venes le hab\u00edan manisfetado algunas nesecidades y \u00abluego de hablarlo con los compa\u00f1eros de bloque decidimos colaborar con los chicos y de alguna manera reconocer el efuerzo que realizan d\u00eca a d\u00eca\u00bb<\/p>\n<p>La Municipiladad de Mercedes dispone de dos casas en la ciudad de La Plata, en las que alberga gratu\u00edtamente a 25 estudiantes de la ciudad que no pueden solventar los gastos de alojamiento .<\/p>\n<p>\u00abLa casa del estudiantes en La Plata, es una clara herramienta de inclusi\u00f3n, otra de las tantas, que demuestra el compromiso del Intendente Selva con la educaci\u00f3n\u00bb, se\u00f1al\u00f3 al repecto el Concejal M\u00e8ndez.<\/p>\n<p><span style=\"color: #808080;\">Fuente: Agrupaci\u00f3n 17 de Octubre<\/span><\/p>\n","protected":false},"excerpt":{"rendered":"<p>Los j\u00f3venes residentes en una de las Casas del Estudiante que la Municipalidad de Mercedes dispone en la ciudad de &#8230; <a title=\"Apoyo a los j\u00f3venes en Casa del Estudiantes\" class=\"read-more\" href=\"https:\/\/www.hoymercedes.com.ar\/principal\/2012\/06\/28\/apoyo-a-los-jovenes-en-casa-del-estudiantes\/\" aria-label=\"Leer m\u00e1s sobre Apoyo a los j\u00f3venes en Casa del Estudiantes\">Leer m\u00e1s<\/a><\/p>\n","protected":false},"author":1,"featured_media":0,"comment_status":"open","ping_status":"open","sticky":false,"template":"","format":"standard","meta":{"_monsterinsights_skip_tracking":false,"_monsterinsights_sitenote_active":false,"_monsterinsights_sitenote_note":"","_monsterinsights_sitenote_category":0,"jetpack_post_was_ever_published":false,"_jetpack_newsletter_access":"","_jetpack_dont_email_post_to_subs":false,"_jetpack_newsletter_tier_id":0,"_jetpack_memberships_contains_paywalled_content":false,"_jetpack_memberships_contains_paid_content":false,"footnotes":"","jetpack_publicize_message":"","jetpack_publicize_feature_enabled":true,"jetpack_social_post_already_shared":false,"jetpack_social_options":{"image_generator_settings":{"template":"highway","default_image_id":0,"font":"","enabled":false},"version":2},"_wpas_customize_per_network":false},"categories":[5],"tags":[2438],"class_list":["post-14033","post","type-post","status-publish","format-standard","hentry","category-politica","tag-casa-estudiantes-mercedes","generate-columns","tablet-grid-50","mobile-grid-100","grid-parent","grid-50"],"jetpack_publicize_connections":[],"jetpack_featured_media_url":"","wps_subtitle":"","jetpack_sharing_enabled":true,"_links":{"self":[{"href":"https:\/\/www.hoymercedes.com.ar\/principal\/wp-json\/wp\/v2\/posts\/14033","targetHints":{"allow":["GET"]}}],"collection":[{"href":"https:\/\/www.hoymercedes.com.ar\/principal\/wp-json\/wp\/v2\/posts"}],"about":[{"href":"https:\/\/www.hoymercedes.com.ar\/principal\/wp-json\/wp\/v2\/types\/post"}],"author":[{"embeddable":true,"href":"https:\/\/www.hoymercedes.com.ar\/principal\/wp-json\/wp\/v2\/users\/1"}],"replies":[{"embeddable":true,"href":"https:\/\/www.hoymercedes.com.ar\/principal\/wp-json\/wp\/v2\/comments?post=14033"}],"version-history":[{"count":0,"href":"https:\/\/www.hoymercedes.com.ar\/principal\/wp-json\/wp\/v2\/posts\/14033\/revisions"}],"wp:attachment":[{"href":"https:\/\/www.hoymercedes.com.ar\/principal\/wp-json\/wp\/v2\/media?parent=14033"}],"wp:term":[{"taxonomy":"category","embeddable":true,"href":"https:\/\/www.hoymercedes.com.ar\/principal\/wp-json\/wp\/v2\/categories?post=14033"},{"taxonomy":"post_tag","embeddable":true,"href":"https:\/\/www.hoymercedes.com.ar\/principal\/wp-json\/wp\/v2\/tags?post=14033"}],"curies":[{"name":"wp","href":"https:\/\/api.w.org\/{rel}","templated":true}]}}