{"id":1404,"date":"2010-12-31T05:46:52","date_gmt":"2010-12-31T05:46:52","guid":{"rendered":"http:\/\/www.hoymercedes.com.ar\/principal\/?p=1404"},"modified":"2010-12-31T05:46:52","modified_gmt":"2010-12-31T05:46:52","slug":"el-movimiento-mercedino-para-la-victoria-inauguro-su-local-partidario","status":"publish","type":"post","link":"https:\/\/www.hoymercedes.com.ar\/principal\/2010\/12\/31\/el-movimiento-mercedino-para-la-victoria-inauguro-su-local-partidario\/","title":{"rendered":"El Movimiento Mercedino para la Victoria inaugur\u00f3 su local partidario"},"content":{"rendered":"<div style=\"text-align: justify;\">En el marco de una acto realizado este jueves, el Movimiento Mercedino para la Victoria dej\u00f3 inaugurado su local partidario en calle 25 entre 14 y 16 con la participaci\u00f3n de una nutrida cantidad de dirigentes y militantes justicialistas.<\/div>\n<div style=\"text-align: justify;\"><\/div>\n<div style=\"text-align: justify;\"><a href=\"https:\/\/www.hoymercedes.com.ar\/principal\/wp-content\/uploads\/2010\/12\/c2.jpg\"><\/a><\/div>\n<p style=\"text-align: center;\"><img loading=\"lazy\" decoding=\"async\" data-attachment-id=\"1406\" data-permalink=\"https:\/\/www.hoymercedes.com.ar\/principal\/2010\/12\/31\/el-movimiento-mercedino-para-la-victoria-inauguro-su-local-partidario\/c2\/#main\" data-orig-file=\"https:\/\/www.hoymercedes.com.ar\/principal\/wp-content\/uploads\/2010\/12\/c2.jpg\" data-orig-size=\"500,375\" data-comments-opened=\"1\" data-image-meta=\"{&quot;aperture&quot;:&quot;2.8&quot;,&quot;credit&quot;:&quot;&quot;,&quot;camera&quot;:&quot;COOLPIX L10&quot;,&quot;caption&quot;:&quot;&quot;,&quot;created_timestamp&quot;:&quot;1293551932&quot;,&quot;copyright&quot;:&quot;Copyright 2006&quot;,&quot;focal_length&quot;:&quot;6.2&quot;,&quot;iso&quot;:&quot;100&quot;,&quot;shutter_speed&quot;:&quot;0.016666666666667&quot;,&quot;title&quot;:&quot;&quot;}\" data-image-title=\"c2\" data-image-description=\"\" data-image-caption=\"\" data-large-file=\"https:\/\/www.hoymercedes.com.ar\/principal\/wp-content\/uploads\/2010\/12\/c2.jpg\" class=\"aligncenter size-full wp-image-1406\" title=\"c2\" src=\"https:\/\/www.hoymercedes.com.ar\/principal\/wp-content\/uploads\/2010\/12\/c2.jpg\" alt=\"\" width=\"500\" height=\"375\" \/><\/p>\n<div style=\"text-align: justify;\">\nEl encuentro cont\u00f3 con la participaci\u00f3n de Francisco \u201cPaco\u201d Duragnona, candidato a Intendente se San Antonio de Areco, la Diputada Nacional Diana Conti y el intendente de Bragado Aldo San Pedro, \u00a0y al mismo tiempo presidente de la Junta Nacional del Partido de la Victoria.<\/div>\n<div style=\"text-align: justify;\"><\/div>\n<div style=\"text-align: justify;\"><a href=\"https:\/\/www.hoymercedes.com.ar\/principal\/wp-content\/uploads\/2010\/12\/c5k.jpg\"><\/a><\/p>\n<p>Adem\u00e1s se hicieron presentes representantes de otras l\u00edneas del PJ local como por ejemplo Pablo Perazzo y Eduardo Cerulli que en su momento militaban en Uniad y Laealtad, tambi\u00e9n dirigentes del grupo liderado por Mart\u00edn Zubeld\u00eda, dirigentes barriales y desde ya el grupo mayoritario de La Campora de nuestra ciudad y por supuesto Eduardo \u201cWado\u201d De Pedro importante figura ya a nivel nacional de esta nueva corriente pol\u00edtica nacional.<\/p><\/div>\n<p style=\"text-align: center;\"><img loading=\"lazy\" decoding=\"async\" data-attachment-id=\"1407\" data-permalink=\"https:\/\/www.hoymercedes.com.ar\/principal\/2010\/12\/31\/el-movimiento-mercedino-para-la-victoria-inauguro-su-local-partidario\/c5k\/#main\" data-orig-file=\"https:\/\/www.hoymercedes.com.ar\/principal\/wp-content\/uploads\/2010\/12\/c5k.jpg\" data-orig-size=\"500,375\" data-comments-opened=\"1\" data-image-meta=\"{&quot;aperture&quot;:&quot;2.8&quot;,&quot;credit&quot;:&quot;&quot;,&quot;camera&quot;:&quot;COOLPIX L10&quot;,&quot;caption&quot;:&quot;&quot;,&quot;created_timestamp&quot;:&quot;1293551451&quot;,&quot;copyright&quot;:&quot;Copyright 2006&quot;,&quot;focal_length&quot;:&quot;6.2&quot;,&quot;iso&quot;:&quot;400&quot;,&quot;shutter_speed&quot;:&quot;0.016666666666667&quot;,&quot;title&quot;:&quot;&quot;}\" data-image-title=\"c5k\" data-image-description=\"\" data-image-caption=\"\" data-large-file=\"https:\/\/www.hoymercedes.com.ar\/principal\/wp-content\/uploads\/2010\/12\/c5k.jpg\" class=\"aligncenter size-full wp-image-1407\" title=\"c5k\" src=\"https:\/\/www.hoymercedes.com.ar\/principal\/wp-content\/uploads\/2010\/12\/c5k.jpg\" alt=\"\" width=\"500\" height=\"375\" srcset=\"https:\/\/www.hoymercedes.com.ar\/principal\/wp-content\/uploads\/2010\/12\/c5k.jpg 500w, https:\/\/www.hoymercedes.com.ar\/principal\/wp-content\/uploads\/2010\/12\/c5k-300x225.jpg 300w\" sizes=\"auto, (max-width: 500px) 100vw, 500px\" \/><\/p>\n<div style=\"text-align: justify;\"><\/div>\n<div style=\"text-align: justify;\"><a href=\"https:\/\/www.hoymercedes.com.ar\/principal\/wp-content\/uploads\/2010\/12\/c4.jpg\"><\/a><\/p>\n<p>Juan Ignacio Uztarroz, uno de los principales dirigentes del Movimiento sostuvo \u201cen un marco de tiempo muy acotado, tan solo 10 d\u00edas, hemos organizado dos actos importantes, el del Club Comunicaciones donde nos presentamos oficialmente y este que estamos comparti\u00e9ndo en estos momentos y en ambos casos con una significativa participaci\u00f3n de mercedinos y mercedinas que quieren un cambio en la ciudad.<\/p><\/div>\n<p style=\"text-align: center;\"><img loading=\"lazy\" decoding=\"async\" data-attachment-id=\"1408\" data-permalink=\"https:\/\/www.hoymercedes.com.ar\/principal\/2010\/12\/31\/el-movimiento-mercedino-para-la-victoria-inauguro-su-local-partidario\/c4\/#main\" data-orig-file=\"https:\/\/www.hoymercedes.com.ar\/principal\/wp-content\/uploads\/2010\/12\/c4.jpg\" data-orig-size=\"500,375\" data-comments-opened=\"1\" data-image-meta=\"{&quot;aperture&quot;:&quot;5.2&quot;,&quot;credit&quot;:&quot;&quot;,&quot;camera&quot;:&quot;COOLPIX L10&quot;,&quot;caption&quot;:&quot;&quot;,&quot;created_timestamp&quot;:&quot;1293551600&quot;,&quot;copyright&quot;:&quot;Copyright 2006&quot;,&quot;focal_length&quot;:&quot;18.6&quot;,&quot;iso&quot;:&quot;400&quot;,&quot;shutter_speed&quot;:&quot;0.016666666666667&quot;,&quot;title&quot;:&quot;&quot;}\" data-image-title=\"c4\" data-image-description=\"\" data-image-caption=\"\" data-large-file=\"https:\/\/www.hoymercedes.com.ar\/principal\/wp-content\/uploads\/2010\/12\/c4.jpg\" class=\"aligncenter size-full wp-image-1408\" title=\"c4\" src=\"https:\/\/www.hoymercedes.com.ar\/principal\/wp-content\/uploads\/2010\/12\/c4.jpg\" alt=\"\" width=\"500\" height=\"375\" srcset=\"https:\/\/www.hoymercedes.com.ar\/principal\/wp-content\/uploads\/2010\/12\/c4.jpg 500w, https:\/\/www.hoymercedes.com.ar\/principal\/wp-content\/uploads\/2010\/12\/c4-300x225.jpg 300w\" sizes=\"auto, (max-width: 500px) 100vw, 500px\" \/><\/p>\n<div style=\"text-align: justify;\"><\/div>\n<div style=\"text-align: justify;\"><a href=\"https:\/\/www.hoymercedes.com.ar\/principal\/wp-content\/uploads\/2010\/12\/c6.jpg\"><\/a><br \/>\nEstamos realmente muy contentos y esperanzados en este fin de a\u00f1o \u00a0y sin lugar a dudas el 2011 nos encontrar\u00e1 unidos luchando y generando este nuevo espacio que se crea en Mercedes cuya casa hoy ya es realidad\u201d para luego agregar \u201csabemos que estamos en una fecha at\u00edpica \u00a0y adem\u00e1s por cierto con mucho calor\u201d<\/div>\n<p style=\"text-align: center;\"><img loading=\"lazy\" decoding=\"async\" data-attachment-id=\"1409\" data-permalink=\"https:\/\/www.hoymercedes.com.ar\/principal\/2010\/12\/31\/el-movimiento-mercedino-para-la-victoria-inauguro-su-local-partidario\/c6\/#main\" data-orig-file=\"https:\/\/www.hoymercedes.com.ar\/principal\/wp-content\/uploads\/2010\/12\/c6.jpg\" data-orig-size=\"500,375\" data-comments-opened=\"1\" data-image-meta=\"{&quot;aperture&quot;:&quot;2.8&quot;,&quot;credit&quot;:&quot;&quot;,&quot;camera&quot;:&quot;COOLPIX L10&quot;,&quot;caption&quot;:&quot;&quot;,&quot;created_timestamp&quot;:&quot;1293551514&quot;,&quot;copyright&quot;:&quot;Copyright 2006&quot;,&quot;focal_length&quot;:&quot;6.2&quot;,&quot;iso&quot;:&quot;64&quot;,&quot;shutter_speed&quot;:&quot;0.033333333333333&quot;,&quot;title&quot;:&quot;&quot;}\" data-image-title=\"c6\" data-image-description=\"\" data-image-caption=\"\" data-large-file=\"https:\/\/www.hoymercedes.com.ar\/principal\/wp-content\/uploads\/2010\/12\/c6.jpg\" class=\"aligncenter size-full wp-image-1409\" title=\"c6\" src=\"https:\/\/www.hoymercedes.com.ar\/principal\/wp-content\/uploads\/2010\/12\/c6.jpg\" alt=\"\" width=\"500\" height=\"375\" srcset=\"https:\/\/www.hoymercedes.com.ar\/principal\/wp-content\/uploads\/2010\/12\/c6.jpg 500w, https:\/\/www.hoymercedes.com.ar\/principal\/wp-content\/uploads\/2010\/12\/c6-300x225.jpg 300w\" sizes=\"auto, (max-width: 500px) 100vw, 500px\" \/><\/p>\n<div style=\"text-align: justify;\"><\/div>\n<div style=\"text-align: justify;\"><a href=\"https:\/\/www.hoymercedes.com.ar\/principal\/wp-content\/uploads\/2010\/12\/c1.jpg\"><\/a><\/div>\n<p style=\"text-align: center;\"><img loading=\"lazy\" decoding=\"async\" data-attachment-id=\"1410\" data-permalink=\"https:\/\/www.hoymercedes.com.ar\/principal\/2010\/12\/31\/el-movimiento-mercedino-para-la-victoria-inauguro-su-local-partidario\/c1\/#main\" data-orig-file=\"https:\/\/www.hoymercedes.com.ar\/principal\/wp-content\/uploads\/2010\/12\/c1.jpg\" data-orig-size=\"500,375\" data-comments-opened=\"1\" data-image-meta=\"{&quot;aperture&quot;:&quot;4.7&quot;,&quot;credit&quot;:&quot;&quot;,&quot;camera&quot;:&quot;COOLPIX L10&quot;,&quot;caption&quot;:&quot;&quot;,&quot;created_timestamp&quot;:&quot;1293552339&quot;,&quot;copyright&quot;:&quot;Copyright 2006&quot;,&quot;focal_length&quot;:&quot;15.3&quot;,&quot;iso&quot;:&quot;200&quot;,&quot;shutter_speed&quot;:&quot;0.016666666666667&quot;,&quot;title&quot;:&quot;&quot;}\" data-image-title=\"c1\" data-image-description=\"\" data-image-caption=\"\" data-large-file=\"https:\/\/www.hoymercedes.com.ar\/principal\/wp-content\/uploads\/2010\/12\/c1.jpg\" class=\"aligncenter size-full wp-image-1410\" title=\"c1\" src=\"https:\/\/www.hoymercedes.com.ar\/principal\/wp-content\/uploads\/2010\/12\/c1.jpg\" alt=\"\" width=\"500\" height=\"375\" srcset=\"https:\/\/www.hoymercedes.com.ar\/principal\/wp-content\/uploads\/2010\/12\/c1.jpg 500w, https:\/\/www.hoymercedes.com.ar\/principal\/wp-content\/uploads\/2010\/12\/c1-300x225.jpg 300w\" sizes=\"auto, (max-width: 500px) 100vw, 500px\" \/><\/p>\n<div style=\"text-align: justify;\">\nLuego hicieron uso de la palabra Aldo San Pedro y la Diputada Conti para finalizar la parte protocolar el acto nuevamente Juan Ignacio Uztarroz ante el aplauso de los presentes y los canticos referidos en su gran mayor\u00eda a la JP, y a N\u00e9stor y Cristina Kirchner.<\/div>\n<div style=\"text-align: justify;\"><\/div>\n<div style=\"text-align: justify;\"><a href=\"https:\/\/www.hoymercedes.com.ar\/principal\/wp-content\/uploads\/2010\/12\/c3.jpg\"><\/a><\/div>\n<p style=\"text-align: center;\"><img loading=\"lazy\" decoding=\"async\" data-attachment-id=\"1411\" data-permalink=\"https:\/\/www.hoymercedes.com.ar\/principal\/2010\/12\/31\/el-movimiento-mercedino-para-la-victoria-inauguro-su-local-partidario\/c3\/#main\" data-orig-file=\"https:\/\/www.hoymercedes.com.ar\/principal\/wp-content\/uploads\/2010\/12\/c3.jpg\" data-orig-size=\"500,375\" data-comments-opened=\"1\" data-image-meta=\"{&quot;aperture&quot;:&quot;5.2&quot;,&quot;credit&quot;:&quot;&quot;,&quot;camera&quot;:&quot;COOLPIX L10&quot;,&quot;caption&quot;:&quot;&quot;,&quot;created_timestamp&quot;:&quot;1293551905&quot;,&quot;copyright&quot;:&quot;Copyright 2006&quot;,&quot;focal_length&quot;:&quot;18.6&quot;,&quot;iso&quot;:&quot;800&quot;,&quot;shutter_speed&quot;:&quot;0.016666666666667&quot;,&quot;title&quot;:&quot;&quot;}\" data-image-title=\"c3\" data-image-description=\"\" data-image-caption=\"\" data-large-file=\"https:\/\/www.hoymercedes.com.ar\/principal\/wp-content\/uploads\/2010\/12\/c3.jpg\" class=\"aligncenter size-full wp-image-1411\" title=\"c3\" src=\"https:\/\/www.hoymercedes.com.ar\/principal\/wp-content\/uploads\/2010\/12\/c3.jpg\" alt=\"\" width=\"500\" height=\"375\" srcset=\"https:\/\/www.hoymercedes.com.ar\/principal\/wp-content\/uploads\/2010\/12\/c3.jpg 500w, https:\/\/www.hoymercedes.com.ar\/principal\/wp-content\/uploads\/2010\/12\/c3-300x225.jpg 300w\" sizes=\"auto, (max-width: 500px) 100vw, 500px\" \/><\/p>\n<div style=\"text-align: justify;\">\nEl Movimiento Mercedino para la Victoria ya est\u00e1 oficialmente en marcha en la carrera de disputar \u00a0en la interna del justicialismo local la candidatura al actual jefe comunal Carlos Selva y para ello ya comenz\u00f3 a armar las estructura partidaria en nuestra ciudad.<\/div>\n<p style=\"text-align: justify;\">\n","protected":false},"excerpt":{"rendered":"<p>En el marco de una acto realizado este jueves, el Movimiento Mercedino para la Victoria dej\u00f3 inaugurado su local partidario &#8230; <a title=\"El Movimiento Mercedino para la Victoria inaugur\u00f3 su local partidario\" class=\"read-more\" href=\"https:\/\/www.hoymercedes.com.ar\/principal\/2010\/12\/31\/el-movimiento-mercedino-para-la-victoria-inauguro-su-local-partidario\/\" aria-label=\"Leer m\u00e1s sobre El Movimiento Mercedino para la Victoria inaugur\u00f3 su local partidario\">Leer m\u00e1s<\/a><\/p>\n","protected":false},"author":1,"featured_media":0,"comment_status":"open","ping_status":"open","sticky":false,"template":"","format":"standard","meta":{"_monsterinsights_skip_tracking":false,"_monsterinsights_sitenote_active":false,"_monsterinsights_sitenote_note":"","_monsterinsights_sitenote_category":0,"jetpack_post_was_ever_published":false,"_jetpack_newsletter_access":"","_jetpack_dont_email_post_to_subs":false,"_jetpack_newsletter_tier_id":0,"_jetpack_memberships_contains_paywalled_content":false,"_jetpack_memberships_contains_paid_content":false,"footnotes":"","jetpack_publicize_message":"","jetpack_publicize_feature_enabled":true,"jetpack_social_post_already_shared":false,"jetpack_social_options":{"image_generator_settings":{"template":"highway","default_image_id":0,"font":"","enabled":false},"version":2},"_wpas_customize_per_network":false},"categories":[5],"tags":[276,281],"class_list":["post-1404","post","type-post","status-publish","format-standard","hentry","category-politica","tag-la-campora-movimiento-frente-para-la-victoria-mercedes","tag-wado-de-pedro","generate-columns","tablet-grid-50","mobile-grid-100","grid-parent","grid-50"],"jetpack_publicize_connections":[],"jetpack_featured_media_url":"","wps_subtitle":"","jetpack_sharing_enabled":true,"_links":{"self":[{"href":"https:\/\/www.hoymercedes.com.ar\/principal\/wp-json\/wp\/v2\/posts\/1404","targetHints":{"allow":["GET"]}}],"collection":[{"href":"https:\/\/www.hoymercedes.com.ar\/principal\/wp-json\/wp\/v2\/posts"}],"about":[{"href":"https:\/\/www.hoymercedes.com.ar\/principal\/wp-json\/wp\/v2\/types\/post"}],"author":[{"embeddable":true,"href":"https:\/\/www.hoymercedes.com.ar\/principal\/wp-json\/wp\/v2\/users\/1"}],"replies":[{"embeddable":true,"href":"https:\/\/www.hoymercedes.com.ar\/principal\/wp-json\/wp\/v2\/comments?post=1404"}],"version-history":[{"count":0,"href":"https:\/\/www.hoymercedes.com.ar\/principal\/wp-json\/wp\/v2\/posts\/1404\/revisions"}],"wp:attachment":[{"href":"https:\/\/www.hoymercedes.com.ar\/principal\/wp-json\/wp\/v2\/media?parent=1404"}],"wp:term":[{"taxonomy":"category","embeddable":true,"href":"https:\/\/www.hoymercedes.com.ar\/principal\/wp-json\/wp\/v2\/categories?post=1404"},{"taxonomy":"post_tag","embeddable":true,"href":"https:\/\/www.hoymercedes.com.ar\/principal\/wp-json\/wp\/v2\/tags?post=1404"}],"curies":[{"name":"wp","href":"https:\/\/api.w.org\/{rel}","templated":true}]}}