{"id":140436,"date":"2021-11-22T02:16:25","date_gmt":"2021-11-22T05:16:25","guid":{"rendered":"https:\/\/www.hoymercedes.com.ar\/principal\/?p=140436"},"modified":"2021-11-22T02:16:31","modified_gmt":"2021-11-22T05:16:31","slug":"muere-hombre-por-herida-de-arma-blanca-2","status":"publish","type":"post","link":"https:\/\/www.hoymercedes.com.ar\/principal\/2021\/11\/22\/muere-hombre-por-herida-de-arma-blanca-2\/","title":{"rendered":"Muere hombre por herida de arma blanca"},"content":{"rendered":"\n<p>Un vecino de nuestra ciudad muere tras recibir herida de arma blanca a instancias de una femenina. La cuesti\u00f3n est\u00e1 en manos de la justicia que investiga los pormenores del fatal acontecimiento. El masculino tendr\u00eda 29 a\u00f1os de edad y la femenina 23. Habr\u00eda sido pasadas las 18hs de este domingo en barrio Favaloro.<\/p>\n\n\n\n<p>El acontecimiento est\u00e1 siendo objeto de la investigaci\u00f3n judicial y policial. <\/p>\n\n\n\n<p>Por motivos que no son de p\u00fablico conocimiento una mujer le propin\u00f3 una herida letal a la victima sobre la cual pr\u00e1cticamente nada se habr\u00eda podido hacer en t\u00e9rminos m\u00e9dicos dada la gravedad del acto.<\/p>\n\n\n\n<p>La detenci\u00f3n de la femenina fue muy r\u00e1pida por parte de la polic\u00eda.<\/p>\n\n\n\n<p>Varias versiones circularon, pero todo queda en materia de especulaci\u00f3n hasta tanto se conozcan detalles oficiales.<\/p>\n","protected":false},"excerpt":{"rendered":"<p>Un vecino de nuestra ciudad muere tras recibir herida de arma blanca a instancias de una femenina. La cuesti\u00f3n est\u00e1 &#8230; <a title=\"Muere hombre por herida de arma blanca\" class=\"read-more\" href=\"https:\/\/www.hoymercedes.com.ar\/principal\/2021\/11\/22\/muere-hombre-por-herida-de-arma-blanca-2\/\" aria-label=\"Leer m\u00e1s sobre Muere hombre por herida de arma blanca\">Leer m\u00e1s<\/a><\/p>\n","protected":false},"author":1,"featured_media":127982,"comment_status":"closed","ping_status":"open","sticky":false,"template":"","format":"standard","meta":{"_monsterinsights_skip_tracking":false,"_monsterinsights_sitenote_active":false,"_monsterinsights_sitenote_note":"","_monsterinsights_sitenote_category":0,"jetpack_post_was_ever_published":false,"_jetpack_newsletter_access":"","_jetpack_dont_email_post_to_subs":false,"_jetpack_newsletter_tier_id":0,"_jetpack_memberships_contains_paywalled_content":false,"_jetpack_memberships_contains_paid_content":false,"footnotes":"","jetpack_publicize_message":"","jetpack_publicize_feature_enabled":true,"jetpack_social_post_already_shared":true,"jetpack_social_options":{"image_generator_settings":{"template":"highway","default_image_id":0,"font":"","enabled":false},"version":2},"_wpas_customize_per_network":false},"categories":[85],"tags":[],"class_list":["post-140436","post","type-post","status-publish","format-standard","has-post-thumbnail","hentry","category-policial","generate-columns","tablet-grid-50","mobile-grid-100","grid-parent","grid-50"],"jetpack_publicize_connections":[],"jetpack_featured_media_url":"https:\/\/www.hoymercedes.com.ar\/principal\/wp-content\/uploads\/2021\/04\/PoliciaComual.jpg","wps_subtitle":"Fatal ","jetpack_sharing_enabled":true,"_links":{"self":[{"href":"https:\/\/www.hoymercedes.com.ar\/principal\/wp-json\/wp\/v2\/posts\/140436","targetHints":{"allow":["GET"]}}],"collection":[{"href":"https:\/\/www.hoymercedes.com.ar\/principal\/wp-json\/wp\/v2\/posts"}],"about":[{"href":"https:\/\/www.hoymercedes.com.ar\/principal\/wp-json\/wp\/v2\/types\/post"}],"author":[{"embeddable":true,"href":"https:\/\/www.hoymercedes.com.ar\/principal\/wp-json\/wp\/v2\/users\/1"}],"replies":[{"embeddable":true,"href":"https:\/\/www.hoymercedes.com.ar\/principal\/wp-json\/wp\/v2\/comments?post=140436"}],"version-history":[{"count":0,"href":"https:\/\/www.hoymercedes.com.ar\/principal\/wp-json\/wp\/v2\/posts\/140436\/revisions"}],"wp:featuredmedia":[{"embeddable":true,"href":"https:\/\/www.hoymercedes.com.ar\/principal\/wp-json\/wp\/v2\/media\/127982"}],"wp:attachment":[{"href":"https:\/\/www.hoymercedes.com.ar\/principal\/wp-json\/wp\/v2\/media?parent=140436"}],"wp:term":[{"taxonomy":"category","embeddable":true,"href":"https:\/\/www.hoymercedes.com.ar\/principal\/wp-json\/wp\/v2\/categories?post=140436"},{"taxonomy":"post_tag","embeddable":true,"href":"https:\/\/www.hoymercedes.com.ar\/principal\/wp-json\/wp\/v2\/tags?post=140436"}],"curies":[{"name":"wp","href":"https:\/\/api.w.org\/{rel}","templated":true}]}}