{"id":140492,"date":"2021-11-22T22:26:00","date_gmt":"2021-11-23T01:26:00","guid":{"rendered":"https:\/\/www.hoymercedes.com.ar\/principal\/?p=140492"},"modified":"2021-11-22T21:27:06","modified_gmt":"2021-11-23T00:27:06","slug":"municipio-y-bomberos-concretaron-nueva-mesa-de-trabajo","status":"publish","type":"post","link":"https:\/\/www.hoymercedes.com.ar\/principal\/2021\/11\/22\/municipio-y-bomberos-concretaron-nueva-mesa-de-trabajo\/","title":{"rendered":"Municipio y Bomberos concretaron nueva mesa de trabajo"},"content":{"rendered":"\n<figure class=\"wp-block-image size-full\"><img loading=\"lazy\" decoding=\"async\" width=\"1000\" height=\"667\" data-attachment-id=\"140493\" data-permalink=\"https:\/\/www.hoymercedes.com.ar\/principal\/2021\/11\/22\/municipio-y-bomberos-concretaron-nueva-mesa-de-trabajo\/ustarros-bomberos\/#main\" data-orig-file=\"https:\/\/www.hoymercedes.com.ar\/principal\/wp-content\/uploads\/2021\/11\/ustarros-bomberos.jpg\" data-orig-size=\"1000,667\" data-comments-opened=\"0\" data-image-meta=\"{&quot;aperture&quot;:&quot;9&quot;,&quot;credit&quot;:&quot;&quot;,&quot;camera&quot;:&quot;NIKON D3500&quot;,&quot;caption&quot;:&quot;&quot;,&quot;created_timestamp&quot;:&quot;1637240594&quot;,&quot;copyright&quot;:&quot;&quot;,&quot;focal_length&quot;:&quot;34&quot;,&quot;iso&quot;:&quot;2800&quot;,&quot;shutter_speed&quot;:&quot;0.025&quot;,&quot;title&quot;:&quot;&quot;,&quot;orientation&quot;:&quot;0&quot;}\" data-image-title=\"ustarros-bomberos\" data-image-description=\"\" data-image-caption=\"\" data-large-file=\"https:\/\/www.hoymercedes.com.ar\/principal\/wp-content\/uploads\/2021\/11\/ustarros-bomberos.jpg\" src=\"https:\/\/www.hoymercedes.com.ar\/principal\/wp-content\/uploads\/2021\/11\/ustarros-bomberos.jpg\" alt=\"\" class=\"wp-image-140493\" srcset=\"https:\/\/www.hoymercedes.com.ar\/principal\/wp-content\/uploads\/2021\/11\/ustarros-bomberos.jpg 1000w, https:\/\/www.hoymercedes.com.ar\/principal\/wp-content\/uploads\/2021\/11\/ustarros-bomberos-630x420.jpg 630w, https:\/\/www.hoymercedes.com.ar\/principal\/wp-content\/uploads\/2021\/11\/ustarros-bomberos-150x100.jpg 150w\" sizes=\"auto, (max-width: 1000px) 100vw, 1000px\" \/><\/figure>\n\n\n\n<p>El intendente Ustarroz recibi\u00f3 a integrantes del cuerpo de Bomberos Voluntarios con el objetivo de continuar profundizando las relaciones entre el Municipio y la instituci\u00f3n. Estuvo presente el jefe Mario Quaglia y el presidente de la cooperadora, Pedro Di Cecco, entre otros miembros de ambos espacios de trabajo y gesti\u00f3n. El presidente del Concejo Deliberante, Mat\u00edas Dematei, tambi\u00e9n particip\u00f3.<\/p>\n\n\n\n<p>La reuni\u00f3n se concret\u00f3 en el Palacio Municipal y permiti\u00f3 delinear aspectos de trabajo en conjunto, intervenciones solidarias y profundizar en la actualidad y contexto del Cuerpo de Bomberos local.<\/p>\n\n\n\n<p>De esta manera se sigue, afirmaron desde el municipio, trabajando con todas las instituciones de la ciudad y en especial aquellas que tiene tanto valor e importancia.<\/p>\n","protected":false},"excerpt":{"rendered":"<p>El intendente Ustarroz recibi\u00f3 a integrantes del cuerpo de Bomberos Voluntarios con el objetivo de continuar profundizando las relaciones entre &#8230; <a title=\"Municipio y Bomberos concretaron nueva mesa de trabajo\" class=\"read-more\" href=\"https:\/\/www.hoymercedes.com.ar\/principal\/2021\/11\/22\/municipio-y-bomberos-concretaron-nueva-mesa-de-trabajo\/\" aria-label=\"Leer m\u00e1s sobre Municipio y Bomberos concretaron nueva mesa de trabajo\">Leer m\u00e1s<\/a><\/p>\n","protected":false},"author":1,"featured_media":140493,"comment_status":"closed","ping_status":"open","sticky":false,"template":"","format":"standard","meta":{"_monsterinsights_skip_tracking":false,"_monsterinsights_sitenote_active":false,"_monsterinsights_sitenote_note":"","_monsterinsights_sitenote_category":0,"jetpack_post_was_ever_published":false,"_jetpack_newsletter_access":"","_jetpack_dont_email_post_to_subs":false,"_jetpack_newsletter_tier_id":0,"_jetpack_memberships_contains_paywalled_content":false,"_jetpack_memberships_contains_paid_content":false,"footnotes":"","jetpack_publicize_message":"","jetpack_publicize_feature_enabled":true,"jetpack_social_post_already_shared":true,"jetpack_social_options":{"image_generator_settings":{"template":"highway","default_image_id":0,"font":"","enabled":false},"version":2},"_wpas_customize_per_network":false},"categories":[8],"tags":[244],"class_list":["post-140492","post","type-post","status-publish","format-standard","has-post-thumbnail","hentry","category-sociedad","tag-municipio-2","generate-columns","tablet-grid-50","mobile-grid-100","grid-parent","grid-50"],"jetpack_publicize_connections":[],"jetpack_featured_media_url":"https:\/\/www.hoymercedes.com.ar\/principal\/wp-content\/uploads\/2021\/11\/ustarros-bomberos.jpg","wps_subtitle":"Relacines institucionales ","jetpack_sharing_enabled":true,"_links":{"self":[{"href":"https:\/\/www.hoymercedes.com.ar\/principal\/wp-json\/wp\/v2\/posts\/140492","targetHints":{"allow":["GET"]}}],"collection":[{"href":"https:\/\/www.hoymercedes.com.ar\/principal\/wp-json\/wp\/v2\/posts"}],"about":[{"href":"https:\/\/www.hoymercedes.com.ar\/principal\/wp-json\/wp\/v2\/types\/post"}],"author":[{"embeddable":true,"href":"https:\/\/www.hoymercedes.com.ar\/principal\/wp-json\/wp\/v2\/users\/1"}],"replies":[{"embeddable":true,"href":"https:\/\/www.hoymercedes.com.ar\/principal\/wp-json\/wp\/v2\/comments?post=140492"}],"version-history":[{"count":0,"href":"https:\/\/www.hoymercedes.com.ar\/principal\/wp-json\/wp\/v2\/posts\/140492\/revisions"}],"wp:featuredmedia":[{"embeddable":true,"href":"https:\/\/www.hoymercedes.com.ar\/principal\/wp-json\/wp\/v2\/media\/140493"}],"wp:attachment":[{"href":"https:\/\/www.hoymercedes.com.ar\/principal\/wp-json\/wp\/v2\/media?parent=140492"}],"wp:term":[{"taxonomy":"category","embeddable":true,"href":"https:\/\/www.hoymercedes.com.ar\/principal\/wp-json\/wp\/v2\/categories?post=140492"},{"taxonomy":"post_tag","embeddable":true,"href":"https:\/\/www.hoymercedes.com.ar\/principal\/wp-json\/wp\/v2\/tags?post=140492"}],"curies":[{"name":"wp","href":"https:\/\/api.w.org\/{rel}","templated":true}]}}