{"id":140499,"date":"2021-11-23T08:22:20","date_gmt":"2021-11-23T11:22:20","guid":{"rendered":"https:\/\/www.hoymercedes.com.ar\/principal\/?p=140499"},"modified":"2021-11-23T09:04:29","modified_gmt":"2021-11-23T12:04:29","slug":"incendio-en-establecimiento-agropecuario","status":"publish","type":"post","link":"https:\/\/www.hoymercedes.com.ar\/principal\/2021\/11\/23\/incendio-en-establecimiento-agropecuario\/","title":{"rendered":"Incendio en establecimiento agropecuario"},"content":{"rendered":"\n<p>En las \u00faltimas horas del lunes, se produjo un incendio de campo de grandes proporciones en el establecimiento agropecuario denominado \u00abLa \u00d1ata\u00bb, jurisdicci\u00f3n del partido de Mercedes.<\/p>\n\n\n\n<div class=\"wp-block-image\"><figure class=\"aligncenter size-full\"><img loading=\"lazy\" decoding=\"async\" width=\"955\" height=\"335\" data-attachment-id=\"140500\" data-permalink=\"https:\/\/www.hoymercedes.com.ar\/principal\/2021\/11\/23\/incendio-en-establecimiento-agropecuario\/fb_img_1637666149403\/#main\" data-orig-file=\"https:\/\/www.hoymercedes.com.ar\/principal\/wp-content\/uploads\/2021\/11\/FB_IMG_1637666149403.jpg\" data-orig-size=\"955,335\" data-comments-opened=\"0\" data-image-meta=\"{&quot;aperture&quot;:&quot;0&quot;,&quot;credit&quot;:&quot;&quot;,&quot;camera&quot;:&quot;&quot;,&quot;caption&quot;:&quot;&quot;,&quot;created_timestamp&quot;:&quot;0&quot;,&quot;copyright&quot;:&quot;&quot;,&quot;focal_length&quot;:&quot;0&quot;,&quot;iso&quot;:&quot;0&quot;,&quot;shutter_speed&quot;:&quot;0&quot;,&quot;title&quot;:&quot;&quot;,&quot;orientation&quot;:&quot;0&quot;}\" data-image-title=\"FB_IMG_1637666149403\" data-image-description=\"\" data-image-caption=\"\" data-large-file=\"https:\/\/www.hoymercedes.com.ar\/principal\/wp-content\/uploads\/2021\/11\/FB_IMG_1637666149403.jpg\" src=\"https:\/\/www.hoymercedes.com.ar\/principal\/wp-content\/uploads\/2021\/11\/FB_IMG_1637666149403.jpg\" alt=\"\" class=\"wp-image-140500\" srcset=\"https:\/\/www.hoymercedes.com.ar\/principal\/wp-content\/uploads\/2021\/11\/FB_IMG_1637666149403.jpg 955w, https:\/\/www.hoymercedes.com.ar\/principal\/wp-content\/uploads\/2021\/11\/FB_IMG_1637666149403-630x221.jpg 630w, https:\/\/www.hoymercedes.com.ar\/principal\/wp-content\/uploads\/2021\/11\/FB_IMG_1637666149403-150x53.jpg 150w\" sizes=\"auto, (max-width: 955px) 100vw, 955px\" \/><\/figure><\/div>\n\n\n\n<p>Aparentemente ,la rotura de un cable de tendido el\u00e9ctrico, habr\u00eda sido el motivo que gener\u00f3 el foco igneo.<\/p>\n\n\n\n<p>En primer lugar , el mismo personal de establecimiento, emprendi\u00f3 las tareas de extinci\u00f3n a la vez que convocaba a<br>Bomberos Voluntarios de Mercedes que tuvieron que convocar dotaciones de bomberos de la localidad de Suipacha. <\/p>\n\n\n\n<p>Intervinieron personal de Bomberos Voluntarios de Mercedes y Suipacha, junto efectivos del CPR de ambas jurisdicciones.<\/p>\n\n\n\n<p>Colaboraci\u00f3n: Jorge Lasala<\/p>\n","protected":false},"excerpt":{"rendered":"<p>En las \u00faltimas horas del lunes, se produjo un incendio de campo de grandes proporciones en el establecimiento agropecuario denominado &#8230; <a title=\"Incendio en establecimiento agropecuario\" class=\"read-more\" href=\"https:\/\/www.hoymercedes.com.ar\/principal\/2021\/11\/23\/incendio-en-establecimiento-agropecuario\/\" aria-label=\"Leer m\u00e1s sobre Incendio en establecimiento agropecuario\">Leer m\u00e1s<\/a><\/p>\n","protected":false},"author":1,"featured_media":140500,"comment_status":"closed","ping_status":"open","sticky":false,"template":"","format":"standard","meta":{"_monsterinsights_skip_tracking":false,"_monsterinsights_sitenote_active":false,"_monsterinsights_sitenote_note":"","_monsterinsights_sitenote_category":0,"jetpack_post_was_ever_published":false,"_jetpack_newsletter_access":"","_jetpack_dont_email_post_to_subs":false,"_jetpack_newsletter_tier_id":0,"_jetpack_memberships_contains_paywalled_content":false,"_jetpack_memberships_contains_paid_content":false,"footnotes":"","jetpack_publicize_message":"","jetpack_publicize_feature_enabled":true,"jetpack_social_post_already_shared":true,"jetpack_social_options":{"image_generator_settings":{"template":"highway","default_image_id":0,"font":"","enabled":false},"version":2},"_wpas_customize_per_network":false},"categories":[85],"tags":[],"class_list":["post-140499","post","type-post","status-publish","format-standard","has-post-thumbnail","hentry","category-policial","generate-columns","tablet-grid-50","mobile-grid-100","grid-parent","grid-50"],"jetpack_publicize_connections":[],"jetpack_featured_media_url":"https:\/\/www.hoymercedes.com.ar\/principal\/wp-content\/uploads\/2021\/11\/FB_IMG_1637666149403.jpg","wps_subtitle":"","jetpack_sharing_enabled":true,"_links":{"self":[{"href":"https:\/\/www.hoymercedes.com.ar\/principal\/wp-json\/wp\/v2\/posts\/140499","targetHints":{"allow":["GET"]}}],"collection":[{"href":"https:\/\/www.hoymercedes.com.ar\/principal\/wp-json\/wp\/v2\/posts"}],"about":[{"href":"https:\/\/www.hoymercedes.com.ar\/principal\/wp-json\/wp\/v2\/types\/post"}],"author":[{"embeddable":true,"href":"https:\/\/www.hoymercedes.com.ar\/principal\/wp-json\/wp\/v2\/users\/1"}],"replies":[{"embeddable":true,"href":"https:\/\/www.hoymercedes.com.ar\/principal\/wp-json\/wp\/v2\/comments?post=140499"}],"version-history":[{"count":0,"href":"https:\/\/www.hoymercedes.com.ar\/principal\/wp-json\/wp\/v2\/posts\/140499\/revisions"}],"wp:featuredmedia":[{"embeddable":true,"href":"https:\/\/www.hoymercedes.com.ar\/principal\/wp-json\/wp\/v2\/media\/140500"}],"wp:attachment":[{"href":"https:\/\/www.hoymercedes.com.ar\/principal\/wp-json\/wp\/v2\/media?parent=140499"}],"wp:term":[{"taxonomy":"category","embeddable":true,"href":"https:\/\/www.hoymercedes.com.ar\/principal\/wp-json\/wp\/v2\/categories?post=140499"},{"taxonomy":"post_tag","embeddable":true,"href":"https:\/\/www.hoymercedes.com.ar\/principal\/wp-json\/wp\/v2\/tags?post=140499"}],"curies":[{"name":"wp","href":"https:\/\/api.w.org\/{rel}","templated":true}]}}