{"id":140506,"date":"2021-11-23T09:18:00","date_gmt":"2021-11-23T12:18:00","guid":{"rendered":"https:\/\/www.hoymercedes.com.ar\/principal\/?p=140506"},"modified":"2021-11-23T09:14:42","modified_gmt":"2021-11-23T12:14:42","slug":"sofia-castelucci-en-el-podio-argentino","status":"publish","type":"post","link":"https:\/\/www.hoymercedes.com.ar\/principal\/2021\/11\/23\/sofia-castelucci-en-el-podio-argentino\/","title":{"rendered":"Sof\u00eda Castelucci en el podio Argentino"},"content":{"rendered":"\n<p><em><strong>Qued\u00f3 tercera en la categor\u00eda 4ta c 10 a\u00f1os del Campeonato Argentino de pat\u00edn art\u00edstico denominado Copa Roberto Rodr\u00edguez. La\u00a0mercedina\u00a0ya hab\u00eda obtenido en 2019 el primer puesto en la categor\u00eda Esc. Formativa. Campeones.\u00a0<\/strong><\/em><\/p>\n\n\n\n<div class=\"wp-block-image\"><figure class=\"aligncenter size-full\"><img loading=\"lazy\" decoding=\"async\" width=\"800\" height=\"533\" data-attachment-id=\"140508\" data-permalink=\"https:\/\/www.hoymercedes.com.ar\/principal\/2021\/11\/23\/sofia-castelucci-en-el-podio-argentino\/dpatin322\/#main\" data-orig-file=\"https:\/\/www.hoymercedes.com.ar\/principal\/wp-content\/uploads\/2021\/11\/dpatin322.jpeg\" data-orig-size=\"800,533\" data-comments-opened=\"0\" data-image-meta=\"{&quot;aperture&quot;:&quot;0&quot;,&quot;credit&quot;:&quot;&quot;,&quot;camera&quot;:&quot;&quot;,&quot;caption&quot;:&quot;&quot;,&quot;created_timestamp&quot;:&quot;1637657313&quot;,&quot;copyright&quot;:&quot;&quot;,&quot;focal_length&quot;:&quot;0&quot;,&quot;iso&quot;:&quot;0&quot;,&quot;shutter_speed&quot;:&quot;0&quot;,&quot;title&quot;:&quot;&quot;,&quot;orientation&quot;:&quot;1&quot;}\" data-image-title=\"dpatin322\" data-image-description=\"\" data-image-caption=\"\" data-large-file=\"https:\/\/www.hoymercedes.com.ar\/principal\/wp-content\/uploads\/2021\/11\/dpatin322.jpeg\" src=\"https:\/\/www.hoymercedes.com.ar\/principal\/wp-content\/uploads\/2021\/11\/dpatin322.jpeg\" alt=\"\" class=\"wp-image-140508\" srcset=\"https:\/\/www.hoymercedes.com.ar\/principal\/wp-content\/uploads\/2021\/11\/dpatin322.jpeg 800w, https:\/\/www.hoymercedes.com.ar\/principal\/wp-content\/uploads\/2021\/11\/dpatin322-630x420.jpeg 630w, https:\/\/www.hoymercedes.com.ar\/principal\/wp-content\/uploads\/2021\/11\/dpatin322-150x100.jpeg 150w, https:\/\/www.hoymercedes.com.ar\/principal\/wp-content\/uploads\/2021\/11\/dpatin322-700x465.jpeg 700w\" sizes=\"auto, (max-width: 800px) 100vw, 800px\" \/><\/figure><\/div>\n\n\n\n<p>Por estos d\u00edas se est\u00e1 llevando a cabo el Campeonato Argentino de pat\u00edn art\u00edstico denominado Copa Roberto Rodr\u00edguez entre los d\u00edas 20 al 28 de noviembre en la provincia de Salta en el polideportivo&nbsp;Delmis.&nbsp;&nbsp;<\/p>\n\n\n\n<p>En esta oportunidad la&nbsp;mercedina&nbsp;Sof\u00eda&nbsp;Castelucci, patinadora de la escuela de pat\u00edn del Club Mercedes y dirigida y acompa\u00f1ada por su t\u00e9cnica nacional Laura&nbsp;Brunello, obtuvieron el 3er puesto en la categor\u00eda 4ta c 10 a\u00f1os.&nbsp;&nbsp;&nbsp;<\/p>\n\n\n\n<p>Sof\u00eda se coloc\u00f3 nuevamente en lo m\u00e1s alto del podio argentino ya que en el a\u00f1o 2019 obtuvo el primer puesto en el campeonato nacional en la categor\u00eda Esc. Formativa.&nbsp;&nbsp;<\/p>\n\n\n\n<p>El d\u00eda viernes estar\u00e1 realizando su presentaci\u00f3n Lucia Andr\u00e9s en la categor\u00eda 4ta c 13 a\u00f1os&nbsp;<\/p>\n\n\n\n<p><strong>Gran actuaci\u00f3n en la \u00faltima fecha<\/strong>&nbsp;<\/p>\n\n\n\n<p>El pasado fin de semana las patinadoras del Club Mercedes dirigidas por su t\u00e9cnica nacional Laura&nbsp;Brunello&nbsp;y&nbsp;Stefan\u00eda&nbsp;Gim\u00e9nez hicieron una gran actuaci\u00f3n en la \u00faltima fecha de la Asociaci\u00f3n&nbsp;Lutz. Dicho evento se realiz\u00f3 en las instalaciones de la ciudad deportiva de Don Bosco donde 33 patinadoras locales dejaron en lo m\u00e1s alto del podio al Club Mercedes, obteniendo los siguientes resultados:&nbsp;<\/p>\n\n\n\n<p>\u2022 Categor\u00eda 3ra B\u00a0<br>Senior: Marcos Malena 2do puesto\u00a0<\/p>\n\n\n\n<p>\u2022 Categor\u00eda Promocional B\u00a0<br>Tois: Montenegro Lola 1er puesto\u00a0<br>Infantil: Ponce Julieta 1er puesto\u00a0<br>Cadete:\u00a0Vigolongo\u00a0Alma 2do puesto\u00a0<\/p>\n\n\n\n<p>\u2022 Categor\u00eda 1ra C\u00a0<br>13 a\u00f1os: marcos Martina 4to puesto\u00a0<br>15 a\u00f1os: Capurro Camila 3er puesto\u00a0<\/p>\n\n\n\n<p>\u2022 Categor\u00eda 2da C\u00a0<br>Mayores:\u00a0Pauletta\u00a0Azul 2do puesto\u00a0<br>14 a\u00f1os:\u00a0Caram\u00a0Camila 1er puesto\u00a0<br>13 a\u00f1os: Marcos Abril 3er puesto\u00a0<\/p>\n\n\n\n<p>\u2022 Categor\u00eda 3ra C\u00a0<br>Mayores:\u00a0Ferrua\u00a0Valentina 1er puesto\u00a0<\/p>\n\n\n\n<p>13 a\u00f1os:\u00a0Albanese\u00a0Lola 1er puesto, Ballesteros Emma 4to puesto\u00a0<\/p>\n\n\n\n<p>\u2022 Categor\u00eda 4ta C<br>12 y 13 a\u00f1os: Marcos Luz 2do puesto,\u00a0Doratti\u00a0Sof\u00eda 3er puesto, Aguirre Valentina 4to puesto y Andr\u00e9s Lucia 5to puesto.\u00a0<br>12 a\u00f1os No\u00a0Fed: Valentina Lara 1er puesto\u00a0<br>10 a\u00f1os:\u00a0Casttelucci\u00a0Sof\u00eda 1er puesto\u00a0<\/p>\n\n\n\n<p>\u2022 Categor\u00eda 5ta C\u00a0<br>14 a\u00f1os: Gorosito Melina 3er puesto\u00a0<br>13 a\u00f1os:\u00a0Scoti\u00a0Carmela 1er puesto y Parodi Martina 2do puesto\u00a0<br>12 a\u00f1os: Gallardo\u00a0Malaida\u00a01er puesto\u00a0<br>9 a\u00f1os: Parodi Olivia 1er puesto\u00a0<\/p>\n\n\n\n<p>\u2022 Categor\u00eda Esc. Formativa\u00a0\u00a0<br>10 a\u00f1os:\u00a0Principi\u00a0Solana 1er puesto y Morales\u00a0Iara\u00a04to puesto.\u00a0<\/p>\n\n\n\n<p>\u2022 Categor\u00eda incentivo a modo exhibici\u00f3n:\u00a0<br>Montenegro Clara, Parodi Cloe,\u00a0Albanese\u00a0In\u00e9s,\u00a0Andres\u00a0Emilia, G\u00f3mez Clara,\u00a0Castellari\u00a0Isabella, Garc\u00eda Catalina,\u00a0Caironi\u00a0Catalina\u00a0\u00a0<\/p>\n\n\n\n<p>Colaboraci\u00f3n: Mariano Oyarz\u00fa<\/p>\n","protected":false},"excerpt":{"rendered":"<p>Qued\u00f3 tercera en la categor\u00eda 4ta c 10 a\u00f1os del Campeonato Argentino de pat\u00edn art\u00edstico denominado Copa Roberto Rodr\u00edguez. La\u00a0mercedina\u00a0ya &#8230; <a title=\"Sof\u00eda Castelucci en el podio Argentino\" class=\"read-more\" href=\"https:\/\/www.hoymercedes.com.ar\/principal\/2021\/11\/23\/sofia-castelucci-en-el-podio-argentino\/\" aria-label=\"Leer m\u00e1s sobre Sof\u00eda Castelucci en el podio Argentino\">Leer m\u00e1s<\/a><\/p>\n","protected":false},"author":1,"featured_media":140508,"comment_status":"closed","ping_status":"open","sticky":false,"template":"","format":"standard","meta":{"_monsterinsights_skip_tracking":false,"_monsterinsights_sitenote_active":false,"_monsterinsights_sitenote_note":"","_monsterinsights_sitenote_category":0,"jetpack_post_was_ever_published":false,"_jetpack_newsletter_access":"","_jetpack_dont_email_post_to_subs":false,"_jetpack_newsletter_tier_id":0,"_jetpack_memberships_contains_paywalled_content":false,"_jetpack_memberships_contains_paid_content":false,"footnotes":"","jetpack_publicize_message":"","jetpack_publicize_feature_enabled":true,"jetpack_social_post_already_shared":true,"jetpack_social_options":{"image_generator_settings":{"template":"highway","default_image_id":0,"font":"","enabled":false},"version":2},"_wpas_customize_per_network":false},"categories":[21],"tags":[204],"class_list":["post-140506","post","type-post","status-publish","format-standard","has-post-thumbnail","hentry","category-deportes","tag-deportes-2","generate-columns","tablet-grid-50","mobile-grid-100","grid-parent","grid-50"],"jetpack_publicize_connections":[],"jetpack_featured_media_url":"https:\/\/www.hoymercedes.com.ar\/principal\/wp-content\/uploads\/2021\/11\/dpatin322.jpeg","wps_subtitle":"Pat\u00edn Art\u00edstico","jetpack_sharing_enabled":true,"jetpack-related-posts":[{"id":100123,"url":"https:\/\/www.hoymercedes.com.ar\/principal\/2019\/09\/21\/lola-albanese-y-sofia-castelucci-campeonas-en-el-nacional-de-patin\/","url_meta":{"origin":140506,"position":0},"title":"Lola Albanese y Sof\u00eda Castelucci, campeonas en el Nacional de Pat\u00edn","author":"hoymercedes","date":"21 septiembre, 2019","format":false,"excerpt":"Se realiz\u00f3 el Campeonato Argentino de Patinaje Art\u00edstico \u201cCopa Roberto Rodr\u00edguez\u201d del 7 al 14 de septiembre en el estadio Lujan Barrientos del club Deportivo Madryn donde m\u00e1s de 1500 patinadoras de todos los puntos de Argentina, participaron en las distintas categor\u00edas buscando acomodarse en el podio nacional. Las patinadoras\u2026","rel":"","context":"En \u00abDeportes\u00bb","block_context":{"text":"Deportes","link":"https:\/\/www.hoymercedes.com.ar\/principal\/category\/deportes\/"},"img":{"alt_text":"","src":"https:\/\/i0.wp.com\/www.hoymercedes.com.ar\/principal\/wp-content\/uploads\/2019\/09\/70258535_10219469747036219_1503585058676539392_n.jpg?resize=350%2C200&ssl=1","width":350,"height":200,"srcset":"https:\/\/i0.wp.com\/www.hoymercedes.com.ar\/principal\/wp-content\/uploads\/2019\/09\/70258535_10219469747036219_1503585058676539392_n.jpg?resize=350%2C200&ssl=1 1x, https:\/\/i0.wp.com\/www.hoymercedes.com.ar\/principal\/wp-content\/uploads\/2019\/09\/70258535_10219469747036219_1503585058676539392_n.jpg?resize=525%2C300&ssl=1 1.5x, https:\/\/i0.wp.com\/www.hoymercedes.com.ar\/principal\/wp-content\/uploads\/2019\/09\/70258535_10219469747036219_1503585058676539392_n.jpg?resize=700%2C400&ssl=1 2x"},"classes":[]},{"id":154023,"url":"https:\/\/www.hoymercedes.com.ar\/principal\/2022\/10\/12\/patin-artistico-cinco-podios-nacionales-para-infinito\/","url_meta":{"origin":140506,"position":1},"title":"Pat\u00edn Art\u00edstico: Cinco podios nacionales para Infinito\u00a0\u00a0","author":"hoymercedes","date":"12 octubre, 2022","format":false,"excerpt":"En la provincia de La Rioja se realiz\u00f3 el Campeonato Nacional de Pat\u00edn de la Divisional C, llamada copa Roberto Rodr\u00edguez. Con varias patinadoras de la ciudad, Mercedes logr\u00f3 cosechar excelentes resultados.\u00a0\u00a0 Del martes 27 de agosto al 5 de octubre en la provincia de La Rioja, en el majestuoso\u2026","rel":"","context":"En \u00abDeportes\u00bb","block_context":{"text":"Deportes","link":"https:\/\/www.hoymercedes.com.ar\/principal\/category\/deportes\/"},"img":{"alt_text":"","src":"https:\/\/i0.wp.com\/www.hoymercedes.com.ar\/principal\/wp-content\/uploads\/2022\/10\/patein-1010.jpeg?resize=350%2C200&ssl=1","width":350,"height":200,"srcset":"https:\/\/i0.wp.com\/www.hoymercedes.com.ar\/principal\/wp-content\/uploads\/2022\/10\/patein-1010.jpeg?resize=350%2C200&ssl=1 1x, https:\/\/i0.wp.com\/www.hoymercedes.com.ar\/principal\/wp-content\/uploads\/2022\/10\/patein-1010.jpeg?resize=525%2C300&ssl=1 1.5x, https:\/\/i0.wp.com\/www.hoymercedes.com.ar\/principal\/wp-content\/uploads\/2022\/10\/patein-1010.jpeg?resize=700%2C400&ssl=1 2x"},"classes":[]},{"id":141451,"url":"https:\/\/www.hoymercedes.com.ar\/principal\/2021\/12\/14\/patin-artistico-mercedes-en-lo-alto-del-nacional\/","url_meta":{"origin":140506,"position":2},"title":"Pat\u00edn Art\u00edstico: Mercedes en lo alto del Nacional","author":"hoymercedes","date":"14 diciembre, 2021","format":false,"excerpt":"Patinadoras locales fueron parte de la Copa Gonz\u00e1lez Molina que se llev\u00f3 a cabo en San Luis. En febrero ser\u00e1n parte del Campeonato Sudamericano representando al pa\u00eds.\u00a0 Del 3 al 9 de diciembre se desarroll\u00f3 el campeonato nacional de pat\u00edn art\u00edstico denominado Copa Gonz\u00e1lez Molina que comprende las categor\u00edas tercera,\u2026","rel":"","context":"En \u00abDeportes\u00bb","block_context":{"text":"Deportes","link":"https:\/\/www.hoymercedes.com.ar\/principal\/category\/deportes\/"},"img":{"alt_text":"","src":"https:\/\/i0.wp.com\/www.hoymercedes.com.ar\/principal\/wp-content\/uploads\/2021\/12\/dpatin13.jpeg?resize=350%2C200&ssl=1","width":350,"height":200,"srcset":"https:\/\/i0.wp.com\/www.hoymercedes.com.ar\/principal\/wp-content\/uploads\/2021\/12\/dpatin13.jpeg?resize=350%2C200&ssl=1 1x, https:\/\/i0.wp.com\/www.hoymercedes.com.ar\/principal\/wp-content\/uploads\/2021\/12\/dpatin13.jpeg?resize=525%2C300&ssl=1 1.5x, https:\/\/i0.wp.com\/www.hoymercedes.com.ar\/principal\/wp-content\/uploads\/2021\/12\/dpatin13.jpeg?resize=700%2C400&ssl=1 2x"},"classes":[]},{"id":169309,"url":"https:\/\/www.hoymercedes.com.ar\/principal\/2023\/11\/09\/patin-artistico-mercedinas-destacadas-en-la-copa-ernesto-gonzalez-molina\/","url_meta":{"origin":140506,"position":3},"title":"Pat\u00edn Art\u00edstico: Mercedinas destacadas en la\u00a0Copa Ernesto Gonz\u00e1lez Molina","author":"hoymercedes","date":"9 noviembre, 2023","format":false,"excerpt":"El pasado martes 24 de octubre en el estadio Ruca Che de la ciudad de Neuqu\u00e9n comenz\u00f3 la Copa Ernesto Gonz\u00e1lez Molina de la divisional C. A la misma clasificaron 3 patinadoras del Club Mercedes que tuvieron una destacada actuaci\u00f3n en el certamen. El mi\u00e9rcoles 25 de octubre fue el\u2026","rel":"","context":"En \u00abDeportes\u00bb","block_context":{"text":"Deportes","link":"https:\/\/www.hoymercedes.com.ar\/principal\/category\/deportes\/"},"img":{"alt_text":"","src":"https:\/\/i0.wp.com\/www.hoymercedes.com.ar\/principal\/wp-content\/uploads\/2023\/11\/patin-06112.jpg?resize=350%2C200&ssl=1","width":350,"height":200,"srcset":"https:\/\/i0.wp.com\/www.hoymercedes.com.ar\/principal\/wp-content\/uploads\/2023\/11\/patin-06112.jpg?resize=350%2C200&ssl=1 1x, https:\/\/i0.wp.com\/www.hoymercedes.com.ar\/principal\/wp-content\/uploads\/2023\/11\/patin-06112.jpg?resize=525%2C300&ssl=1 1.5x, https:\/\/i0.wp.com\/www.hoymercedes.com.ar\/principal\/wp-content\/uploads\/2023\/11\/patin-06112.jpg?resize=700%2C400&ssl=1 2x, https:\/\/i0.wp.com\/www.hoymercedes.com.ar\/principal\/wp-content\/uploads\/2023\/11\/patin-06112.jpg?resize=1050%2C600&ssl=1 3x"},"classes":[]},{"id":165000,"url":"https:\/\/www.hoymercedes.com.ar\/principal\/2023\/07\/25\/patin-artistico-lola-montenegro-con-el-oro-internacional\/","url_meta":{"origin":140506,"position":4},"title":"Pat\u00edn art\u00edstico: Lola Montenegro con el oro internacional","author":"hoymercedes","date":"25 julio, 2023","format":false,"excerpt":"La patinadora mercedina obtuvo el primer puesto en la categor\u00eda Mini Infantil Internacional en C\u00f3rdoba. Ahora, se prepara para el Campeonato Panamericano de Pat\u00edn a realizarse en Colombia. El pasado mi\u00e9rcoles 19 de julio en el Complejo Deportivo el Norte CD, localidad de R\u00edo Segundo, C\u00f3rdoba tuvo lugar la Copa\u2026","rel":"","context":"En \u00abDeportes\u00bb","block_context":{"text":"Deportes","link":"https:\/\/www.hoymercedes.com.ar\/principal\/category\/deportes\/"},"img":{"alt_text":"","src":"https:\/\/i0.wp.com\/www.hoymercedes.com.ar\/principal\/wp-content\/uploads\/2023\/07\/patin-2407.jpg?resize=350%2C200&ssl=1","width":350,"height":200,"srcset":"https:\/\/i0.wp.com\/www.hoymercedes.com.ar\/principal\/wp-content\/uploads\/2023\/07\/patin-2407.jpg?resize=350%2C200&ssl=1 1x, https:\/\/i0.wp.com\/www.hoymercedes.com.ar\/principal\/wp-content\/uploads\/2023\/07\/patin-2407.jpg?resize=525%2C300&ssl=1 1.5x, https:\/\/i0.wp.com\/www.hoymercedes.com.ar\/principal\/wp-content\/uploads\/2023\/07\/patin-2407.jpg?resize=700%2C400&ssl=1 2x"},"classes":[]},{"id":162732,"url":"https:\/\/www.hoymercedes.com.ar\/principal\/2023\/05\/29\/patin-artistico-lola-montenegro-gana-la-copa-cap-2023\/","url_meta":{"origin":140506,"position":5},"title":"Pat\u00edn Art\u00edstico: Lola Montenegro gana la Copa CAP 2023","author":"hoymercedes","date":"29 mayo, 2023","format":false,"excerpt":"La mercedina del Club Mercedes obtuvo el 1\u00b0 lugar en la categor\u00eda mini infantil internacional. Con esta clasificaci\u00f3n obtuvo una plaza para participar en el Campeonato Panamericano de Patinaje Art\u00edstico a realizarse en Colombia en el mes de Agosto.\u00a0 Lola Montenegro obtuvo el 1\u00b0 lugar en la categor\u00eda mini infantil\u2026","rel":"","context":"En \u00abDeportes\u00bb","block_context":{"text":"Deportes","link":"https:\/\/www.hoymercedes.com.ar\/principal\/category\/deportes\/"},"img":{"alt_text":"","src":"https:\/\/i0.wp.com\/www.hoymercedes.com.ar\/principal\/wp-content\/uploads\/2023\/05\/patin-2905.jpg?resize=350%2C200&ssl=1","width":350,"height":200,"srcset":"https:\/\/i0.wp.com\/www.hoymercedes.com.ar\/principal\/wp-content\/uploads\/2023\/05\/patin-2905.jpg?resize=350%2C200&ssl=1 1x, https:\/\/i0.wp.com\/www.hoymercedes.com.ar\/principal\/wp-content\/uploads\/2023\/05\/patin-2905.jpg?resize=525%2C300&ssl=1 1.5x"},"classes":[]}],"_links":{"self":[{"href":"https:\/\/www.hoymercedes.com.ar\/principal\/wp-json\/wp\/v2\/posts\/140506","targetHints":{"allow":["GET"]}}],"collection":[{"href":"https:\/\/www.hoymercedes.com.ar\/principal\/wp-json\/wp\/v2\/posts"}],"about":[{"href":"https:\/\/www.hoymercedes.com.ar\/principal\/wp-json\/wp\/v2\/types\/post"}],"author":[{"embeddable":true,"href":"https:\/\/www.hoymercedes.com.ar\/principal\/wp-json\/wp\/v2\/users\/1"}],"replies":[{"embeddable":true,"href":"https:\/\/www.hoymercedes.com.ar\/principal\/wp-json\/wp\/v2\/comments?post=140506"}],"version-history":[{"count":0,"href":"https:\/\/www.hoymercedes.com.ar\/principal\/wp-json\/wp\/v2\/posts\/140506\/revisions"}],"wp:featuredmedia":[{"embeddable":true,"href":"https:\/\/www.hoymercedes.com.ar\/principal\/wp-json\/wp\/v2\/media\/140508"}],"wp:attachment":[{"href":"https:\/\/www.hoymercedes.com.ar\/principal\/wp-json\/wp\/v2\/media?parent=140506"}],"wp:term":[{"taxonomy":"category","embeddable":true,"href":"https:\/\/www.hoymercedes.com.ar\/principal\/wp-json\/wp\/v2\/categories?post=140506"},{"taxonomy":"post_tag","embeddable":true,"href":"https:\/\/www.hoymercedes.com.ar\/principal\/wp-json\/wp\/v2\/tags?post=140506"}],"curies":[{"name":"wp","href":"https:\/\/api.w.org\/{rel}","templated":true}]}}