{"id":14052,"date":"2012-06-29T16:06:29","date_gmt":"2012-06-29T16:06:29","guid":{"rendered":"http:\/\/www.hoymercedes.com.ar\/principal\/?p=14052"},"modified":"2012-06-29T16:06:29","modified_gmt":"2012-06-29T16:06:29","slug":"nueva-presentacion-del-grupo-renacer-de-la-unidad-5-mercedes","status":"publish","type":"post","link":"https:\/\/www.hoymercedes.com.ar\/principal\/2012\/06\/29\/nueva-presentacion-del-grupo-renacer-de-la-unidad-5-mercedes\/","title":{"rendered":"Nueva presentaci\u00f3n del Grupo Renacer de la Unidad 5 Mercedes"},"content":{"rendered":"<p>Este viernes 6 de Julio a las 20.00 horas se presentara la nueva obra que prepararon los internos de la Unidad del grupo Renacer, a cargo de la profesora Gabriela Lorusso, un clasico de la literatura griega \u201cLisitrata\u201d.<\/p>\n<p>La adaptaci\u00f3n elegida por Lorusso, con una importante puesta en escena, vestuarios y algunas sorpresas que debera descubrir el publico llendo a verla.<\/p>\n<p>La obra trata de una mujer ateniense llamada Lis\u00edstrata, que cansada ya de no ver a su marido, porque se encuentra siempre en guerras, decide reunir a un grupo de mujeres, de diferentes partes de Grecia, y les plantea una soluci\u00f3n para terminar con la guerra del Peloponeso, y as\u00ed poder ver a sus maridos; esto es nada m\u00e1s y nada menos, que la abstenci\u00f3n sexual. En un primer momento las mujeres se escandalizan, pero luego o las mujeres aceptan, y pactan un juramento.<\/p>\n<p>El autor Arist\u00f3fanes, nace en Atenas en el 445 a.C., en el momento de m\u00e1s esplendor de su ciudad, Atenas, que ha conseguido la hegemon\u00eda venciendo a los persas. Arist\u00f3fanes, presenta su primera comedia a un certamen, siendo tan joven, que no la puede ni presentar con su nombre por no estar permitido. Esta pieza se presenta en el 427 y fue llamada, \u201cLos Convidados\u201d, hoy desaparecida.<\/p>\n<p>Con una importante cantidad de obras representando la problem\u00e1tica de la \u00e9poca, siempre desde el humor escribe como veh\u00edculo de expresi\u00f3n fundamental es la parodia. Mediante ella, el autor subraya los rasgos m\u00e1s destacados proclives al rid\u00edculo, y los potencia con humor, Arist\u00f3fanes ataca en sus obras, a instituciones, pero tambi\u00e9n es un pacifista, como lo demuestra en \u201cAcarnienses\u201d, \u201cLa Paz\u201d y \u201cLis\u00edstrata\u201d. Haciendo ver a su pueblo la necesidad de una paz prolongada. En l\u00ednea con su pacifismo se destaca el sentimiento de solidaridad con los restantes estados griegos.<\/p>\n<p>Con esta importante obra los esperan el elenco Iv\u00e1n Rebollo, Fernando Cufre, Rodrigo Mi\u00f1o, Ariel Zelaya, Marcelo D\u00edaz, Liliana G\u00f3mez, Ver\u00f3nica Ibarra, Adriana Rodr\u00edguez, Noelia Ram\u00edrez, Karina Furtado, Pamela Gonz\u00e1lez. La participaci\u00f3n especial del profesor y bailar\u00edn Alexander Ni\u00f1o Hern\u00e1ndez la directora, profesora y puesta en escena de Gabriela Lorusso.<\/p>\n","protected":false},"excerpt":{"rendered":"<p>Este viernes 6 de Julio a las 20.00 horas se presentara la nueva obra que prepararon los internos de la &#8230; <a title=\"Nueva presentaci\u00f3n del Grupo Renacer de la Unidad 5 Mercedes\" class=\"read-more\" href=\"https:\/\/www.hoymercedes.com.ar\/principal\/2012\/06\/29\/nueva-presentacion-del-grupo-renacer-de-la-unidad-5-mercedes\/\" aria-label=\"Leer m\u00e1s sobre Nueva presentaci\u00f3n del Grupo Renacer de la Unidad 5 Mercedes\">Leer m\u00e1s<\/a><\/p>\n","protected":false},"author":1,"featured_media":0,"comment_status":"open","ping_status":"open","sticky":false,"template":"","format":"standard","meta":{"_monsterinsights_skip_tracking":false,"_monsterinsights_sitenote_active":false,"_monsterinsights_sitenote_note":"","_monsterinsights_sitenote_category":0,"jetpack_post_was_ever_published":false,"_jetpack_newsletter_access":"","_jetpack_dont_email_post_to_subs":false,"_jetpack_newsletter_tier_id":0,"_jetpack_memberships_contains_paywalled_content":false,"_jetpack_memberships_contains_paid_content":false,"footnotes":"","jetpack_publicize_message":"","jetpack_publicize_feature_enabled":true,"jetpack_social_post_already_shared":false,"jetpack_social_options":{"image_generator_settings":{"template":"highway","default_image_id":0,"font":"","enabled":false},"version":2},"_wpas_customize_per_network":false},"categories":[8],"tags":[2442,113],"class_list":["post-14052","post","type-post","status-publish","format-standard","hentry","category-sociedad","tag-grupo-renacer-mercedes","tag-unidad-5","generate-columns","tablet-grid-50","mobile-grid-100","grid-parent","grid-50"],"jetpack_publicize_connections":[],"jetpack_featured_media_url":"","wps_subtitle":"","jetpack_sharing_enabled":true,"_links":{"self":[{"href":"https:\/\/www.hoymercedes.com.ar\/principal\/wp-json\/wp\/v2\/posts\/14052","targetHints":{"allow":["GET"]}}],"collection":[{"href":"https:\/\/www.hoymercedes.com.ar\/principal\/wp-json\/wp\/v2\/posts"}],"about":[{"href":"https:\/\/www.hoymercedes.com.ar\/principal\/wp-json\/wp\/v2\/types\/post"}],"author":[{"embeddable":true,"href":"https:\/\/www.hoymercedes.com.ar\/principal\/wp-json\/wp\/v2\/users\/1"}],"replies":[{"embeddable":true,"href":"https:\/\/www.hoymercedes.com.ar\/principal\/wp-json\/wp\/v2\/comments?post=14052"}],"version-history":[{"count":0,"href":"https:\/\/www.hoymercedes.com.ar\/principal\/wp-json\/wp\/v2\/posts\/14052\/revisions"}],"wp:attachment":[{"href":"https:\/\/www.hoymercedes.com.ar\/principal\/wp-json\/wp\/v2\/media?parent=14052"}],"wp:term":[{"taxonomy":"category","embeddable":true,"href":"https:\/\/www.hoymercedes.com.ar\/principal\/wp-json\/wp\/v2\/categories?post=14052"},{"taxonomy":"post_tag","embeddable":true,"href":"https:\/\/www.hoymercedes.com.ar\/principal\/wp-json\/wp\/v2\/tags?post=14052"}],"curies":[{"name":"wp","href":"https:\/\/api.w.org\/{rel}","templated":true}]}}