{"id":140631,"date":"2021-11-25T23:08:09","date_gmt":"2021-11-26T02:08:09","guid":{"rendered":"https:\/\/www.hoymercedes.com.ar\/principal\/?p=140631"},"modified":"2021-11-25T23:08:15","modified_gmt":"2021-11-26T02:08:15","slug":"cayeron-los-afiladores-acusados-de-robo","status":"publish","type":"post","link":"https:\/\/www.hoymercedes.com.ar\/principal\/2021\/11\/25\/cayeron-los-afiladores-acusados-de-robo\/","title":{"rendered":"Cayeron los afiladores acusados de robo"},"content":{"rendered":"\n<p>Desde la Secretar\u00eda de Seguridad del Municipio de Mercedes inform\u00f3 que aprehendieron a dos personas acusados de robo. Investiga la UFI N\u00b0 2. De acuerdo a la informaci\u00f3n brindada por el \u00e1rea municipal \u00abuna vecina presion\u00f3 el bot\u00f3n antip\u00e1nico municipal y, de inmediato, se comision\u00f3 un patrullero en su domicilio\u00bb. <\/p>\n\n\n\n<p>La informaci\u00f3n oficial expresa que \u00abdos personas, ampar\u00e1ndose en ser trabajadores del rubro \u00abafiladores\u00bb, utilizaban un artilugio verbal para sacarle dinero\u00bb, ya que \u00abmanifestaban que el costo de su trabajo era de pesos \u00abciento cincuenta\u00bb y al momento de cobrar expresaban que lo acordado era \u00absiete cincuenta\u00bb, amenazando a la v\u00edctima con tomar represalias en caso de que \u00e9sta se niegue a abonar esa cifra\u00bb.<\/p>\n\n\n\n<p>Tras la denuncia de la vecina el personal policial recorri\u00f3 la zona y logr\u00f3 interceptar a los sospechosos para luego aprehenderlos, poni\u00e9ndolos a disposici\u00f3n de la justicia, UFI 2, quedando imputados por robo.<\/p>\n\n\n\n<div class=\"wp-block-image\"><figure class=\"aligncenter size-full\"><img loading=\"lazy\" decoding=\"async\" width=\"800\" height=\"800\" data-attachment-id=\"140634\" data-permalink=\"https:\/\/www.hoymercedes.com.ar\/principal\/2021\/11\/25\/cayeron-los-afiladores-acusados-de-robo\/afiladores\/#main\" data-orig-file=\"https:\/\/www.hoymercedes.com.ar\/principal\/wp-content\/uploads\/2021\/11\/afiladores.jpg\" data-orig-size=\"800,800\" data-comments-opened=\"0\" data-image-meta=\"{&quot;aperture&quot;:&quot;0&quot;,&quot;credit&quot;:&quot;&quot;,&quot;camera&quot;:&quot;&quot;,&quot;caption&quot;:&quot;&quot;,&quot;created_timestamp&quot;:&quot;0&quot;,&quot;copyright&quot;:&quot;&quot;,&quot;focal_length&quot;:&quot;0&quot;,&quot;iso&quot;:&quot;0&quot;,&quot;shutter_speed&quot;:&quot;0&quot;,&quot;title&quot;:&quot;&quot;,&quot;orientation&quot;:&quot;0&quot;}\" data-image-title=\"afiladores\" data-image-description=\"\" data-image-caption=\"\" data-large-file=\"https:\/\/www.hoymercedes.com.ar\/principal\/wp-content\/uploads\/2021\/11\/afiladores.jpg\" src=\"https:\/\/www.hoymercedes.com.ar\/principal\/wp-content\/uploads\/2021\/11\/afiladores.jpg\" alt=\"\" class=\"wp-image-140634\" srcset=\"https:\/\/www.hoymercedes.com.ar\/principal\/wp-content\/uploads\/2021\/11\/afiladores.jpg 800w, https:\/\/www.hoymercedes.com.ar\/principal\/wp-content\/uploads\/2021\/11\/afiladores-620x620.jpg 620w, https:\/\/www.hoymercedes.com.ar\/principal\/wp-content\/uploads\/2021\/11\/afiladores-150x150.jpg 150w\" sizes=\"auto, (max-width: 800px) 100vw, 800px\" \/><\/figure><\/div>\n","protected":false},"excerpt":{"rendered":"<p>Desde la Secretar\u00eda de Seguridad del Municipio de Mercedes inform\u00f3 que aprehendieron a dos personas acusados de robo. Investiga la &#8230; <a title=\"Cayeron los afiladores acusados de robo\" class=\"read-more\" href=\"https:\/\/www.hoymercedes.com.ar\/principal\/2021\/11\/25\/cayeron-los-afiladores-acusados-de-robo\/\" aria-label=\"Leer m\u00e1s sobre Cayeron los afiladores acusados de robo\">Leer m\u00e1s<\/a><\/p>\n","protected":false},"author":1,"featured_media":140635,"comment_status":"closed","ping_status":"open","sticky":false,"template":"","format":"standard","meta":{"_monsterinsights_skip_tracking":false,"_monsterinsights_sitenote_active":false,"_monsterinsights_sitenote_note":"","_monsterinsights_sitenote_category":0,"jetpack_post_was_ever_published":false,"_jetpack_newsletter_access":"","_jetpack_dont_email_post_to_subs":false,"_jetpack_newsletter_tier_id":0,"_jetpack_memberships_contains_paywalled_content":false,"_jetpack_memberships_contains_paid_content":false,"footnotes":"","jetpack_publicize_message":"","jetpack_publicize_feature_enabled":true,"jetpack_social_post_already_shared":true,"jetpack_social_options":{"image_generator_settings":{"template":"highway","default_image_id":0,"font":"","enabled":false},"version":2},"_wpas_customize_per_network":false},"categories":[85],"tags":[],"class_list":["post-140631","post","type-post","status-publish","format-standard","has-post-thumbnail","hentry","category-policial","generate-columns","tablet-grid-50","mobile-grid-100","grid-parent","grid-50"],"jetpack_publicize_connections":[],"jetpack_featured_media_url":"https:\/\/www.hoymercedes.com.ar\/principal\/wp-content\/uploads\/2021\/11\/afiladores2.jpg","wps_subtitle":"","jetpack_sharing_enabled":true,"_links":{"self":[{"href":"https:\/\/www.hoymercedes.com.ar\/principal\/wp-json\/wp\/v2\/posts\/140631","targetHints":{"allow":["GET"]}}],"collection":[{"href":"https:\/\/www.hoymercedes.com.ar\/principal\/wp-json\/wp\/v2\/posts"}],"about":[{"href":"https:\/\/www.hoymercedes.com.ar\/principal\/wp-json\/wp\/v2\/types\/post"}],"author":[{"embeddable":true,"href":"https:\/\/www.hoymercedes.com.ar\/principal\/wp-json\/wp\/v2\/users\/1"}],"replies":[{"embeddable":true,"href":"https:\/\/www.hoymercedes.com.ar\/principal\/wp-json\/wp\/v2\/comments?post=140631"}],"version-history":[{"count":0,"href":"https:\/\/www.hoymercedes.com.ar\/principal\/wp-json\/wp\/v2\/posts\/140631\/revisions"}],"wp:featuredmedia":[{"embeddable":true,"href":"https:\/\/www.hoymercedes.com.ar\/principal\/wp-json\/wp\/v2\/media\/140635"}],"wp:attachment":[{"href":"https:\/\/www.hoymercedes.com.ar\/principal\/wp-json\/wp\/v2\/media?parent=140631"}],"wp:term":[{"taxonomy":"category","embeddable":true,"href":"https:\/\/www.hoymercedes.com.ar\/principal\/wp-json\/wp\/v2\/categories?post=140631"},{"taxonomy":"post_tag","embeddable":true,"href":"https:\/\/www.hoymercedes.com.ar\/principal\/wp-json\/wp\/v2\/tags?post=140631"}],"curies":[{"name":"wp","href":"https:\/\/api.w.org\/{rel}","templated":true}]}}