{"id":14066,"date":"2012-06-29T18:52:41","date_gmt":"2012-06-29T18:52:41","guid":{"rendered":"http:\/\/www.hoymercedes.com.ar\/principal\/?p=14066"},"modified":"2012-06-29T18:52:41","modified_gmt":"2012-06-29T18:52:41","slug":"aguinaldo-provincial-sera-pagado-en-4-cuotas","status":"publish","type":"post","link":"https:\/\/www.hoymercedes.com.ar\/principal\/2012\/06\/29\/aguinaldo-provincial-sera-pagado-en-4-cuotas\/","title":{"rendered":"Aguinaldo provincial ser\u00e1 pagado en 4 cuotas"},"content":{"rendered":"<p><a href=\"https:\/\/www.hoymercedes.com.ar\/principal\/wp-content\/uploads\/2012\/06\/Scioli.jpg\"><img loading=\"lazy\" decoding=\"async\" data-attachment-id=\"14068\" data-permalink=\"https:\/\/www.hoymercedes.com.ar\/principal\/2012\/06\/29\/aguinaldo-provincial-sera-pagado-en-4-cuotas\/scioli\/#main\" data-orig-file=\"https:\/\/www.hoymercedes.com.ar\/principal\/wp-content\/uploads\/2012\/06\/Scioli.jpg\" data-orig-size=\"612,364\" data-comments-opened=\"1\" data-image-meta=\"{&quot;aperture&quot;:&quot;0&quot;,&quot;credit&quot;:&quot;&quot;,&quot;camera&quot;:&quot;&quot;,&quot;caption&quot;:&quot;&quot;,&quot;created_timestamp&quot;:&quot;0&quot;,&quot;copyright&quot;:&quot;&quot;,&quot;focal_length&quot;:&quot;0&quot;,&quot;iso&quot;:&quot;0&quot;,&quot;shutter_speed&quot;:&quot;0&quot;,&quot;title&quot;:&quot;&quot;}\" data-image-title=\"Scioli\" data-image-description=\"\" data-image-caption=\"\" data-large-file=\"https:\/\/www.hoymercedes.com.ar\/principal\/wp-content\/uploads\/2012\/06\/Scioli.jpg\" class=\"aligncenter size-full wp-image-14068\" title=\"Scioli\" src=\"https:\/\/www.hoymercedes.com.ar\/principal\/wp-content\/uploads\/2012\/06\/Scioli.jpg\" alt=\"\" width=\"612\" height=\"364\" \/><\/a><\/p>\n<p>La provincia de Buenos Aires, gobernada por Daniel Scioli, anunci\u00f3 que pagar\u00e1 el medio aguinaldo en cuatro cuotas mensuales entre julio y octubre.<\/p>\n<p>De esta manera se efectu\u00f3 un anuncio muy importante donde deja en absoluta evidencia el estado de la finanza provincial, situaci\u00f3n que se ven\u00eda oteando desde que los municipios recibieron menos co participaci\u00f3n. El debate que se vendr\u00e1 sin duda rondar\u00e1 en cu\u00e1nto puede o no aportar el Estado Nacional a paliar la situaci\u00f3n.<\/p>\n<p>Ya algunos gremios manifestaron su postura contraria a esta posibilidad, por ejemplo los docentes, que podr\u00edan estar parando el pr\u00f3ximo 6 de julio.<\/p>\n<p>Qui\u00e9n hizo el anuncio fue el responsable de la cartera de trabajo, Oscar Cuartango, qui\u00e9n tambi\u00e9n confirm\u00f3 que se ven\u00eda negociando esta posibilidad con los gremios dado que necesitaban 2400 millones y por el momento s\u00f3lo recibieron 1000 millones desde Naci\u00f3n para poder reforzar las arcas.<\/p>\n<p>&nbsp;<\/p>\n<p>&nbsp;<\/p>\n","protected":false},"excerpt":{"rendered":"<p>La provincia de Buenos Aires, gobernada por Daniel Scioli, anunci\u00f3 que pagar\u00e1 el medio aguinaldo en cuatro cuotas mensuales entre &#8230; <a title=\"Aguinaldo provincial ser\u00e1 pagado en 4 cuotas\" class=\"read-more\" href=\"https:\/\/www.hoymercedes.com.ar\/principal\/2012\/06\/29\/aguinaldo-provincial-sera-pagado-en-4-cuotas\/\" aria-label=\"Leer m\u00e1s sobre Aguinaldo provincial ser\u00e1 pagado en 4 cuotas\">Leer m\u00e1s<\/a><\/p>\n","protected":false},"author":1,"featured_media":0,"comment_status":"open","ping_status":"open","sticky":false,"template":"","format":"standard","meta":{"_monsterinsights_skip_tracking":false,"_monsterinsights_sitenote_active":false,"_monsterinsights_sitenote_note":"","_monsterinsights_sitenote_category":0,"jetpack_post_was_ever_published":false,"_jetpack_newsletter_access":"","_jetpack_dont_email_post_to_subs":false,"_jetpack_newsletter_tier_id":0,"_jetpack_memberships_contains_paywalled_content":false,"_jetpack_memberships_contains_paid_content":false,"footnotes":"","jetpack_publicize_message":"","jetpack_publicize_feature_enabled":true,"jetpack_social_post_already_shared":false,"jetpack_social_options":{"image_generator_settings":{"template":"highway","default_image_id":0,"font":"","enabled":false},"version":2},"_wpas_customize_per_network":false},"categories":[5],"tags":[2446,2204],"class_list":["post-14066","post","type-post","status-publish","format-standard","hentry","category-politica","tag-aguinaldo-provincia-de-buenos-aires","tag-daniel-scioli","generate-columns","tablet-grid-50","mobile-grid-100","grid-parent","grid-50"],"jetpack_publicize_connections":[],"jetpack_featured_media_url":"","wps_subtitle":"","jetpack_sharing_enabled":true,"_links":{"self":[{"href":"https:\/\/www.hoymercedes.com.ar\/principal\/wp-json\/wp\/v2\/posts\/14066","targetHints":{"allow":["GET"]}}],"collection":[{"href":"https:\/\/www.hoymercedes.com.ar\/principal\/wp-json\/wp\/v2\/posts"}],"about":[{"href":"https:\/\/www.hoymercedes.com.ar\/principal\/wp-json\/wp\/v2\/types\/post"}],"author":[{"embeddable":true,"href":"https:\/\/www.hoymercedes.com.ar\/principal\/wp-json\/wp\/v2\/users\/1"}],"replies":[{"embeddable":true,"href":"https:\/\/www.hoymercedes.com.ar\/principal\/wp-json\/wp\/v2\/comments?post=14066"}],"version-history":[{"count":0,"href":"https:\/\/www.hoymercedes.com.ar\/principal\/wp-json\/wp\/v2\/posts\/14066\/revisions"}],"wp:attachment":[{"href":"https:\/\/www.hoymercedes.com.ar\/principal\/wp-json\/wp\/v2\/media?parent=14066"}],"wp:term":[{"taxonomy":"category","embeddable":true,"href":"https:\/\/www.hoymercedes.com.ar\/principal\/wp-json\/wp\/v2\/categories?post=14066"},{"taxonomy":"post_tag","embeddable":true,"href":"https:\/\/www.hoymercedes.com.ar\/principal\/wp-json\/wp\/v2\/tags?post=14066"}],"curies":[{"name":"wp","href":"https:\/\/api.w.org\/{rel}","templated":true}]}}