{"id":140701,"date":"2021-11-27T15:39:08","date_gmt":"2021-11-27T18:39:08","guid":{"rendered":"https:\/\/www.hoymercedes.com.ar\/principal\/?p=140701"},"modified":"2021-11-27T15:39:15","modified_gmt":"2021-11-27T18:39:15","slug":"lujan-asesinan-a-joven-de-14-anos-en-barrio-ameghino","status":"publish","type":"post","link":"https:\/\/www.hoymercedes.com.ar\/principal\/2021\/11\/27\/lujan-asesinan-a-joven-de-14-anos-en-barrio-ameghino\/","title":{"rendered":"Luj\u00e1n: asesinan a joven de 14 a\u00f1os en barrio Ameghino"},"content":{"rendered":"\n<p>El joven recibi\u00f3 un balazo en el cuello. El posible autor est\u00e1 detenido. Personal de la Polic\u00eda de Luj\u00e1n intervino a trav\u00e9s de GTO. A otro joven le gatillaron 2 veces, pero no salieron los disparos. Aparentemente hab\u00eda habido una discusi\u00f3n. Fue en el cruce de las calles Libertad y Jos\u00e9 Ingeniero.<\/p>\n\n\n\n<p>Seg\u00fan informan medios de la vecina ciudad el pre adolescente de 14 a\u00f1os ingres\u00f3 sin vida al hospital de Luj\u00e1n. Con las c\u00e1maras de seguridad del municipio lograron identificar al sospechoso e ir tras el acusado del crimen.<\/p>\n\n\n\n<p>Identificado como \u201cIvan\u201d de 24 a\u00f1os de edad se lo detuvo sobre la calle Guiralde, siendo vecino de la v\u00edctima.<\/p>\n\n\n\n<p>La car\u00e1tula ser\u00eda \u201chomicidio simple y homicidio de grado de tentativa\u201d, como primera instancia, dado que ahora se inician las intervenciones judiciales de rigor.<\/p>\n\n\n\n<p>Lograron recuperar tambi\u00e9n el revolver calibre 22 con dos proyectiles en su interior.<\/p>\n\n\n\n<p>&nbsp;\u201cContinuando con la b\u00fasqueda en el pozo del&nbsp; ba\u00f1o&nbsp; incautan&nbsp; dos vainas&nbsp; servidas del mismo calibre,&nbsp; siendo estas dos una de las&nbsp; vainas que&nbsp; habr\u00eda&nbsp; quedado en el tambor y descartado por el aprehendido para&nbsp; hacer desaparecer pruebas contundentes\u201d, detallaron fuentes policiales al bisemanario \u201cEl Civismo\u201d<\/p>\n\n\n\n<p>En tanto, el hecho&nbsp; se habr\u00eda originado por&nbsp; una discusi\u00f3n&nbsp; para ver \u201cquien compraba primero un vino en un kiosco dos o tres horas antes del&nbsp; hecho y posteriormente se vuelven a cruzar en el barrio\u201d, detall\u00f3 la Polic\u00eda.<\/p>\n","protected":false},"excerpt":{"rendered":"<p>El joven recibi\u00f3 un balazo en el cuello. El posible autor est\u00e1 detenido. Personal de la Polic\u00eda de Luj\u00e1n intervino &#8230; <a title=\"Luj\u00e1n: asesinan a joven de 14 a\u00f1os en barrio Ameghino\" class=\"read-more\" href=\"https:\/\/www.hoymercedes.com.ar\/principal\/2021\/11\/27\/lujan-asesinan-a-joven-de-14-anos-en-barrio-ameghino\/\" aria-label=\"Leer m\u00e1s sobre Luj\u00e1n: asesinan a joven de 14 a\u00f1os en barrio Ameghino\">Leer m\u00e1s<\/a><\/p>\n","protected":false},"author":1,"featured_media":127982,"comment_status":"closed","ping_status":"open","sticky":false,"template":"","format":"standard","meta":{"_monsterinsights_skip_tracking":false,"_monsterinsights_sitenote_active":false,"_monsterinsights_sitenote_note":"","_monsterinsights_sitenote_category":0,"jetpack_post_was_ever_published":false,"_jetpack_newsletter_access":"","_jetpack_dont_email_post_to_subs":false,"_jetpack_newsletter_tier_id":0,"_jetpack_memberships_contains_paywalled_content":false,"_jetpack_memberships_contains_paid_content":false,"footnotes":"","jetpack_publicize_message":"","jetpack_publicize_feature_enabled":true,"jetpack_social_post_already_shared":true,"jetpack_social_options":{"image_generator_settings":{"template":"highway","default_image_id":0,"font":"","enabled":false},"version":2},"_wpas_customize_per_network":false},"categories":[85],"tags":[18117],"class_list":["post-140701","post","type-post","status-publish","format-standard","has-post-thumbnail","hentry","category-policial","tag-asesinato-en-lujan","generate-columns","tablet-grid-50","mobile-grid-100","grid-parent","grid-50"],"jetpack_publicize_connections":[],"jetpack_featured_media_url":"https:\/\/www.hoymercedes.com.ar\/principal\/wp-content\/uploads\/2021\/04\/PoliciaComual.jpg","wps_subtitle":"Grave desenlace ","jetpack_sharing_enabled":true,"_links":{"self":[{"href":"https:\/\/www.hoymercedes.com.ar\/principal\/wp-json\/wp\/v2\/posts\/140701","targetHints":{"allow":["GET"]}}],"collection":[{"href":"https:\/\/www.hoymercedes.com.ar\/principal\/wp-json\/wp\/v2\/posts"}],"about":[{"href":"https:\/\/www.hoymercedes.com.ar\/principal\/wp-json\/wp\/v2\/types\/post"}],"author":[{"embeddable":true,"href":"https:\/\/www.hoymercedes.com.ar\/principal\/wp-json\/wp\/v2\/users\/1"}],"replies":[{"embeddable":true,"href":"https:\/\/www.hoymercedes.com.ar\/principal\/wp-json\/wp\/v2\/comments?post=140701"}],"version-history":[{"count":0,"href":"https:\/\/www.hoymercedes.com.ar\/principal\/wp-json\/wp\/v2\/posts\/140701\/revisions"}],"wp:featuredmedia":[{"embeddable":true,"href":"https:\/\/www.hoymercedes.com.ar\/principal\/wp-json\/wp\/v2\/media\/127982"}],"wp:attachment":[{"href":"https:\/\/www.hoymercedes.com.ar\/principal\/wp-json\/wp\/v2\/media?parent=140701"}],"wp:term":[{"taxonomy":"category","embeddable":true,"href":"https:\/\/www.hoymercedes.com.ar\/principal\/wp-json\/wp\/v2\/categories?post=140701"},{"taxonomy":"post_tag","embeddable":true,"href":"https:\/\/www.hoymercedes.com.ar\/principal\/wp-json\/wp\/v2\/tags?post=140701"}],"curies":[{"name":"wp","href":"https:\/\/api.w.org\/{rel}","templated":true}]}}