{"id":14079,"date":"2012-06-30T02:45:55","date_gmt":"2012-06-30T02:45:55","guid":{"rendered":"http:\/\/www.hoymercedes.com.ar\/principal\/?p=14079"},"modified":"2012-06-30T02:45:55","modified_gmt":"2012-06-30T02:45:55","slug":"benitez-critico-el-estado-de-la-limpieza-en-la-ciudad","status":"publish","type":"post","link":"https:\/\/www.hoymercedes.com.ar\/principal\/2012\/06\/30\/benitez-critico-el-estado-de-la-limpieza-en-la-ciudad\/","title":{"rendered":"Ben\u00edtez critic\u00f3 el estado de la limpieza en la ciudad"},"content":{"rendered":"<figure id=\"attachment_14081\" aria-describedby=\"caption-attachment-14081\" style=\"width: 602px\" class=\"wp-caption aligncenter\"><a href=\"https:\/\/www.hoymercedes.com.ar\/principal\/wp-content\/uploads\/2012\/06\/JuanCarlosBenitez.jpg\"><img loading=\"lazy\" decoding=\"async\" data-attachment-id=\"14081\" data-permalink=\"https:\/\/www.hoymercedes.com.ar\/principal\/2012\/06\/30\/benitez-critico-el-estado-de-la-limpieza-en-la-ciudad\/juancarlosbenitez\/#main\" data-orig-file=\"https:\/\/www.hoymercedes.com.ar\/principal\/wp-content\/uploads\/2012\/06\/JuanCarlosBenitez.jpg\" data-orig-size=\"612,371\" data-comments-opened=\"1\" data-image-meta=\"{&quot;aperture&quot;:&quot;3.1&quot;,&quot;credit&quot;:&quot;&quot;,&quot;camera&quot;:&quot;DMC-S1&quot;,&quot;caption&quot;:&quot;&quot;,&quot;created_timestamp&quot;:&quot;1340754430&quot;,&quot;copyright&quot;:&quot;&quot;,&quot;focal_length&quot;:&quot;5&quot;,&quot;iso&quot;:&quot;640&quot;,&quot;shutter_speed&quot;:&quot;0.016666666666667&quot;,&quot;title&quot;:&quot;&quot;}\" data-image-title=\"JuanCarlosBenitez\" data-image-description=\"&lt;p&gt;Juan Carlos Benitez&lt;\/p&gt;\n\" data-image-caption=\"&lt;p&gt;Juan Carlos Benitez&lt;\/p&gt;\n\" data-large-file=\"https:\/\/www.hoymercedes.com.ar\/principal\/wp-content\/uploads\/2012\/06\/JuanCarlosBenitez.jpg\" class=\"size-full wp-image-14081\" title=\"JuanCarlosBenitez\" src=\"https:\/\/www.hoymercedes.com.ar\/principal\/wp-content\/uploads\/2012\/06\/JuanCarlosBenitez.jpg\" alt=\"Juan Carlos Benitez\" width=\"612\" height=\"371\" \/><\/a><figcaption id=\"caption-attachment-14081\" class=\"wp-caption-text\">Juan Carlos Benitez<\/figcaption><\/figure>\n<p>El edil sugiri\u00f3 que en el presupuesto para el 2013 se haga reserva de dinero para adquirir una barredora nueva, sostuvo que las actuales datan de los a\u00f1os 1995 y 1996.<\/p>\n<p>El concejal de Uni\u00f3n Pro, Juan Carlos Ben\u00edtez se refiri\u00f3 al estado de las calles de la ciudad en lo que a limpieza se refiere estimando que no se est\u00e1 realizando un trabajo como realmente corresponde.<\/p>\n<p>El concejal entre otros conceptos sostuvo \u201cla Municipalidad tienen en la actualidad tres barredoras, unidades que datan de 1995 y 1996, durante los a\u00f1os que lleva se gesti\u00f3n Carlos Selva no se ha comprado ninguna otra, como tampoco se adquirieron nuevas compactadoras de residuos y ello trae aparejado el esfuerzo humano que est\u00e1n haciendo los integrantes de las cooperativas que hacen barrido a mano donde creo que hay alrededor de 57 personas anotadas pero la realidad nos indica que realmente a trabajar, es decir a barrer, van menos de treinta y eso se debe lamentablemente porque como los que no van siguen cobrando, el que va dice para que voy si total igual cobro y realmente el que sigue concurriendo lo hace con la real esperanza de que en alg\u00fan momento pueda ingresar como empleado efectivo dentro de la estructura del municipio.<\/p>\n<p>En lo personal noto que se ha resentido todo el sistema de limpieza de la ciudad, las barredoras que son tres pero siempre hay alguna rota, son equipos viejos y est\u00e1n tan deterioradas que por ejemplo al no regar cuando van pasando los cepillos levantan mucho polvillo que es en definitiva tierra en el aire.<\/p>\n<p>La funci\u00f3n de la barredora es tirar el chorro de agua, barre y al mismo tiempo aspira.<\/p>\n<p>La idea ser\u00eda intentar implementar un sistema de emergencia ambiental, pero atenci\u00f3n que una cosa es decirlo y otra poder hacerlo porque es muy dif\u00edcil que una persona que tiene en sus manos un papel que ya no sirve es muy dif\u00edcil que lo guarde en un bolsillo para tirarlo en su casa, lo hace directamente al suelo por donde va caminando, o desde el interior de un auto, por eso seg\u00fan una cuenta que realice en estos momentos estar\u00edan haciendo falta alrededor de ciento ochenta cestos papeleros, esto al menos dentro de las cuatro avenidas chicas, es decir 16,30, 17 y 29.<\/p>\n<p>De ninguna manera pretendemos que se los compre todos juntos, pueden ir coloc\u00e1ndose en tandas hasta llegar al n\u00famero final.<\/p>\n<p>Algo hay que hacer porque somos cada vez m\u00e1s habitantes, hay muchos m\u00e1s autos, la propaganda callejera comercial se ha incrementado de manera muy notoria y la realidad indica que 25 \u00f3 30 personas diariamente barran la ciudad es realmente imposible y por otra parte ir previendo para tener en el pr\u00f3ximo presupuesto una partida especial para la adquisici\u00f3n de una nueva barredora.<\/p>\n<p>Pero adem\u00e1s hablar de emergencia ambiental es hablar directamente del destierro de los basurales clandestinos que suelen formarse, y como se hace esto, colocando de manera permanente en esos lugares vigilancia, alguien que controle por ejemplo si van en auto tomando el numero de patente y si lo hacen caminando impidiendo que ingresen al sector.<\/p>\n<p>Es verdad que e municipio en forma permanente va a esos lugares y levanta todo, pero lamentablemente a la semana ya se form\u00f3 uno nuevo entonces es un cuento de nunca acabar.<\/p>\n<p>Cuando se forman basurales en los barrios lo primero que se dice es que son los del centro que van y tiran, pero no es tan as\u00ed, en gran parte son los recolectores clandestinos que vuelcan en dichos lugares lo que a ellos no les sirve<\/p>\n<p>Creo que el vecino de Mercedes bien merece estar en una ciudad un tanto m\u00e1s limpia, hoy lamentablemente Mercedes est\u00e1 caracterizada como una ciudad mugrienta por lo cual algo de manera urgente tenemos que hacer\u201d.<\/p>\n","protected":false},"excerpt":{"rendered":"<p>El edil sugiri\u00f3 que en el presupuesto para el 2013 se haga reserva de dinero para adquirir una barredora nueva, &#8230; <a title=\"Ben\u00edtez critic\u00f3 el estado de la limpieza en la ciudad\" class=\"read-more\" href=\"https:\/\/www.hoymercedes.com.ar\/principal\/2012\/06\/30\/benitez-critico-el-estado-de-la-limpieza-en-la-ciudad\/\" aria-label=\"Leer m\u00e1s sobre Ben\u00edtez critic\u00f3 el estado de la limpieza en la ciudad\">Leer m\u00e1s<\/a><\/p>\n","protected":false},"author":1,"featured_media":0,"comment_status":"open","ping_status":"open","sticky":false,"template":"","format":"standard","meta":{"_monsterinsights_skip_tracking":false,"_monsterinsights_sitenote_active":false,"_monsterinsights_sitenote_note":"","_monsterinsights_sitenote_category":0,"jetpack_post_was_ever_published":false,"_jetpack_newsletter_access":"","_jetpack_dont_email_post_to_subs":false,"_jetpack_newsletter_tier_id":0,"_jetpack_memberships_contains_paywalled_content":false,"_jetpack_memberships_contains_paid_content":false,"footnotes":"","jetpack_publicize_message":"","jetpack_publicize_feature_enabled":true,"jetpack_social_post_already_shared":false,"jetpack_social_options":{"image_generator_settings":{"template":"highway","default_image_id":0,"font":"","enabled":false},"version":2},"_wpas_customize_per_network":false},"categories":[5],"tags":[313,2185],"class_list":["post-14079","post","type-post","status-publish","format-standard","hentry","category-politica","tag-juan-carlos-benitez","tag-pro-mercedes","generate-columns","tablet-grid-50","mobile-grid-100","grid-parent","grid-50"],"jetpack_publicize_connections":[],"jetpack_featured_media_url":"","wps_subtitle":"","jetpack_sharing_enabled":true,"_links":{"self":[{"href":"https:\/\/www.hoymercedes.com.ar\/principal\/wp-json\/wp\/v2\/posts\/14079","targetHints":{"allow":["GET"]}}],"collection":[{"href":"https:\/\/www.hoymercedes.com.ar\/principal\/wp-json\/wp\/v2\/posts"}],"about":[{"href":"https:\/\/www.hoymercedes.com.ar\/principal\/wp-json\/wp\/v2\/types\/post"}],"author":[{"embeddable":true,"href":"https:\/\/www.hoymercedes.com.ar\/principal\/wp-json\/wp\/v2\/users\/1"}],"replies":[{"embeddable":true,"href":"https:\/\/www.hoymercedes.com.ar\/principal\/wp-json\/wp\/v2\/comments?post=14079"}],"version-history":[{"count":0,"href":"https:\/\/www.hoymercedes.com.ar\/principal\/wp-json\/wp\/v2\/posts\/14079\/revisions"}],"wp:attachment":[{"href":"https:\/\/www.hoymercedes.com.ar\/principal\/wp-json\/wp\/v2\/media?parent=14079"}],"wp:term":[{"taxonomy":"category","embeddable":true,"href":"https:\/\/www.hoymercedes.com.ar\/principal\/wp-json\/wp\/v2\/categories?post=14079"},{"taxonomy":"post_tag","embeddable":true,"href":"https:\/\/www.hoymercedes.com.ar\/principal\/wp-json\/wp\/v2\/tags?post=14079"}],"curies":[{"name":"wp","href":"https:\/\/api.w.org\/{rel}","templated":true}]}}