{"id":140795,"date":"2021-11-29T21:15:00","date_gmt":"2021-11-30T00:15:00","guid":{"rendered":"https:\/\/www.hoymercedes.com.ar\/principal\/?p=140795"},"modified":"2021-11-29T20:55:16","modified_gmt":"2021-11-29T23:55:16","slug":"se-realizaron-controles-de-alcoholemia-y-seguridad-vial-junto-a-la-ansv","status":"publish","type":"post","link":"https:\/\/www.hoymercedes.com.ar\/principal\/2021\/11\/29\/se-realizaron-controles-de-alcoholemia-y-seguridad-vial-junto-a-la-ansv\/","title":{"rendered":"Se realizaron controles de alcoholemia y seguridad vial junto a la ANSV"},"content":{"rendered":"\n<figure class=\"wp-block-image size-large\"><img loading=\"lazy\" decoding=\"async\" width=\"1024\" height=\"1024\" data-attachment-id=\"140796\" data-permalink=\"https:\/\/www.hoymercedes.com.ar\/principal\/2021\/11\/29\/se-realizaron-controles-de-alcoholemia-y-seguridad-vial-junto-a-la-ansv\/attachment\/350\/#main\" data-orig-file=\"https:\/\/www.hoymercedes.com.ar\/principal\/wp-content\/uploads\/2021\/11\/350.jpeg\" data-orig-size=\"1280,1280\" data-comments-opened=\"0\" data-image-meta=\"{&quot;aperture&quot;:&quot;0&quot;,&quot;credit&quot;:&quot;&quot;,&quot;camera&quot;:&quot;&quot;,&quot;caption&quot;:&quot;&quot;,&quot;created_timestamp&quot;:&quot;0&quot;,&quot;copyright&quot;:&quot;&quot;,&quot;focal_length&quot;:&quot;0&quot;,&quot;iso&quot;:&quot;0&quot;,&quot;shutter_speed&quot;:&quot;0&quot;,&quot;title&quot;:&quot;&quot;,&quot;orientation&quot;:&quot;0&quot;}\" data-image-title=\"350\" data-image-description=\"\" data-image-caption=\"\" data-large-file=\"https:\/\/www.hoymercedes.com.ar\/principal\/wp-content\/uploads\/2021\/11\/350-1024x1024.jpeg\" src=\"https:\/\/www.hoymercedes.com.ar\/principal\/wp-content\/uploads\/2021\/11\/350-1024x1024.jpeg\" alt=\"\" class=\"wp-image-140796\" srcset=\"https:\/\/www.hoymercedes.com.ar\/principal\/wp-content\/uploads\/2021\/11\/350-1024x1024.jpeg 1024w, https:\/\/www.hoymercedes.com.ar\/principal\/wp-content\/uploads\/2021\/11\/350-620x620.jpeg 620w, https:\/\/www.hoymercedes.com.ar\/principal\/wp-content\/uploads\/2021\/11\/350-150x150.jpeg 150w, https:\/\/www.hoymercedes.com.ar\/principal\/wp-content\/uploads\/2021\/11\/350.jpeg 1280w\" sizes=\"auto, (max-width: 1024px) 100vw, 1024px\" \/><figcaption> vial<\/figcaption><\/figure>\n\n\n\n<p>Durante el fin de semana se llev\u00f3 a cabo una nueva campa\u00f1a de control de alcoholemia y seguridad vial en Mercedes. La Agencia Nacional de Seguridad Vial y la Secretar\u00eda de Seguridad concretaron la medida de protecci\u00f3n de la vida y cumplimiento de las normas. El operativo permiti\u00f3 concretar m\u00e1s de 250 controles, de los cuales varios estaban en estado de infracci\u00f3n.<\/p>\n\n\n\n<p>En los accesos a Mercedes se efectu\u00f3 la importante tarea. No es la primera vez y se enmarca 12va edici\u00f3n de Alcoholemia Federal con miles de operativos desplegados en todo el pa\u00eds para controlar y continuar disminuyendo la circulaci\u00f3n de conductores en estado de ebriedad. La Agencia Nacional de Seguridad Vial, las provincias y decenas de municipios refuerzan el compromiso de continuar construyendo una nueva cultura vial.<\/p>\n\n\n\n<p>Para Anselmo \u201ces muy importante este tipo de tareas en conjunto con el gobierno nacional, porque podemos desplegar m\u00e1s y mejor las medidas de cuidado de la vida, a trav\u00e9s de la promoci\u00f3n, prevenci\u00f3n y control de la seguridad vial\u201d sostuvo el secretario de seguridad.<\/p>\n\n\n\n<p>Entre las distintas actas emitidas, se detectaron 5 infracciones por alcoholemia punitiva, como as\u00ed tambi\u00e9n automovilistas sin seguro, viajeros sin casco, falta de c\u00e9lulas y documentaciones, etc.<\/p>\n\n\n\n<p>De esta manera se concret\u00f3 una nueva intervenci\u00f3n con el objetivo de cuidar la vida y prevenir en materia de seguridad vial.<\/p>\n\n\n\n<p>Info: Sec. de Seg. \/ ANSV<\/p>\n","protected":false},"excerpt":{"rendered":"<p>Durante el fin de semana se llev\u00f3 a cabo una nueva campa\u00f1a de control de alcoholemia y seguridad vial en &#8230; <a title=\"Se realizaron controles de alcoholemia y seguridad vial junto a la ANSV\" class=\"read-more\" href=\"https:\/\/www.hoymercedes.com.ar\/principal\/2021\/11\/29\/se-realizaron-controles-de-alcoholemia-y-seguridad-vial-junto-a-la-ansv\/\" aria-label=\"Leer m\u00e1s sobre Se realizaron controles de alcoholemia y seguridad vial junto a la ANSV\">Leer m\u00e1s<\/a><\/p>\n","protected":false},"author":1,"featured_media":140796,"comment_status":"closed","ping_status":"open","sticky":false,"template":"","format":"standard","meta":{"_monsterinsights_skip_tracking":false,"_monsterinsights_sitenote_active":false,"_monsterinsights_sitenote_note":"","_monsterinsights_sitenote_category":0,"jetpack_post_was_ever_published":false,"_jetpack_newsletter_access":"","_jetpack_dont_email_post_to_subs":false,"_jetpack_newsletter_tier_id":0,"_jetpack_memberships_contains_paywalled_content":false,"_jetpack_memberships_contains_paid_content":false,"footnotes":"","jetpack_publicize_message":"","jetpack_publicize_feature_enabled":true,"jetpack_social_post_already_shared":true,"jetpack_social_options":{"image_generator_settings":{"template":"highway","default_image_id":0,"font":"","enabled":false},"version":2},"_wpas_customize_per_network":false},"categories":[85],"tags":[17243,16116,626],"class_list":["post-140795","post","type-post","status-publish","format-standard","has-post-thumbnail","hentry","category-policial","tag-agencia-nacional-de-seguridad-vial","tag-gonzalo-anselmo","tag-seguridad-vial","generate-columns","tablet-grid-50","mobile-grid-100","grid-parent","grid-50"],"jetpack_publicize_connections":[],"jetpack_featured_media_url":"https:\/\/www.hoymercedes.com.ar\/principal\/wp-content\/uploads\/2021\/11\/350.jpeg","wps_subtitle":"Seguridad vial","jetpack_sharing_enabled":true,"_links":{"self":[{"href":"https:\/\/www.hoymercedes.com.ar\/principal\/wp-json\/wp\/v2\/posts\/140795","targetHints":{"allow":["GET"]}}],"collection":[{"href":"https:\/\/www.hoymercedes.com.ar\/principal\/wp-json\/wp\/v2\/posts"}],"about":[{"href":"https:\/\/www.hoymercedes.com.ar\/principal\/wp-json\/wp\/v2\/types\/post"}],"author":[{"embeddable":true,"href":"https:\/\/www.hoymercedes.com.ar\/principal\/wp-json\/wp\/v2\/users\/1"}],"replies":[{"embeddable":true,"href":"https:\/\/www.hoymercedes.com.ar\/principal\/wp-json\/wp\/v2\/comments?post=140795"}],"version-history":[{"count":0,"href":"https:\/\/www.hoymercedes.com.ar\/principal\/wp-json\/wp\/v2\/posts\/140795\/revisions"}],"wp:featuredmedia":[{"embeddable":true,"href":"https:\/\/www.hoymercedes.com.ar\/principal\/wp-json\/wp\/v2\/media\/140796"}],"wp:attachment":[{"href":"https:\/\/www.hoymercedes.com.ar\/principal\/wp-json\/wp\/v2\/media?parent=140795"}],"wp:term":[{"taxonomy":"category","embeddable":true,"href":"https:\/\/www.hoymercedes.com.ar\/principal\/wp-json\/wp\/v2\/categories?post=140795"},{"taxonomy":"post_tag","embeddable":true,"href":"https:\/\/www.hoymercedes.com.ar\/principal\/wp-json\/wp\/v2\/tags?post=140795"}],"curies":[{"name":"wp","href":"https:\/\/api.w.org\/{rel}","templated":true}]}}