{"id":140810,"date":"2021-11-30T08:42:45","date_gmt":"2021-11-30T11:42:45","guid":{"rendered":"https:\/\/www.hoymercedes.com.ar\/principal\/?p=140810"},"modified":"2021-11-30T08:42:51","modified_gmt":"2021-11-30T11:42:51","slug":"persona-atropellada-sobre-la-ruta-5","status":"publish","type":"post","link":"https:\/\/www.hoymercedes.com.ar\/principal\/2021\/11\/30\/persona-atropellada-sobre-la-ruta-5\/","title":{"rendered":"Persona atropellada sobre la Ruta 5"},"content":{"rendered":"\n<p>En las \u00faltimas horas de la noche del lunes, la Ruta Nacional N\u00b0 5 volvi\u00f3 a ser escenario de un siniestro vial. En esta oportunidad, una pickup atropell\u00f3 a una persona que transitaba por la banquina que fue trasladado al Hospital de Suipacha con fractura de omoplato y escoriaciones. El hecho sucedi\u00f3 en el kil\u00f3metro 116,200 de la ruta, jurisdicci\u00f3n Suipacha. <\/p>\n\n\n\n<div class=\"wp-block-image\"><figure class=\"aligncenter size-full\"><img loading=\"lazy\" decoding=\"async\" width=\"800\" height=\"533\" data-attachment-id=\"140812\" data-permalink=\"https:\/\/www.hoymercedes.com.ar\/principal\/2021\/11\/30\/persona-atropellada-sobre-la-ruta-5\/atropello-r5-1\/#main\" data-orig-file=\"https:\/\/www.hoymercedes.com.ar\/principal\/wp-content\/uploads\/2021\/11\/atropello-r5-1.jpg\" data-orig-size=\"800,533\" data-comments-opened=\"0\" data-image-meta=\"{&quot;aperture&quot;:&quot;0&quot;,&quot;credit&quot;:&quot;&quot;,&quot;camera&quot;:&quot;&quot;,&quot;caption&quot;:&quot;&quot;,&quot;created_timestamp&quot;:&quot;0&quot;,&quot;copyright&quot;:&quot;&quot;,&quot;focal_length&quot;:&quot;0&quot;,&quot;iso&quot;:&quot;0&quot;,&quot;shutter_speed&quot;:&quot;0&quot;,&quot;title&quot;:&quot;&quot;,&quot;orientation&quot;:&quot;0&quot;}\" data-image-title=\"atropello r5 1\" data-image-description=\"\" data-image-caption=\"\" data-large-file=\"https:\/\/www.hoymercedes.com.ar\/principal\/wp-content\/uploads\/2021\/11\/atropello-r5-1.jpg\" src=\"https:\/\/www.hoymercedes.com.ar\/principal\/wp-content\/uploads\/2021\/11\/atropello-r5-1.jpg\" alt=\"\" class=\"wp-image-140812\" srcset=\"https:\/\/www.hoymercedes.com.ar\/principal\/wp-content\/uploads\/2021\/11\/atropello-r5-1.jpg 800w, https:\/\/www.hoymercedes.com.ar\/principal\/wp-content\/uploads\/2021\/11\/atropello-r5-1-630x420.jpg 630w, https:\/\/www.hoymercedes.com.ar\/principal\/wp-content\/uploads\/2021\/11\/atropello-r5-1-150x100.jpg 150w, https:\/\/www.hoymercedes.com.ar\/principal\/wp-content\/uploads\/2021\/11\/atropello-r5-1-700x465.jpg 700w\" sizes=\"auto, (max-width: 800px) 100vw, 800px\" \/><\/figure><\/div>\n\n\n\n<p>Transcendi\u00f3 que el siniestro se produjo cuando la pick up Volkswagen Amarok, color gris, dominio AA965GI, que transitaba por ruta 5, impact\u00f3 con el espejo lateral derecho con una persona que transitaba por la banquina al borde de la cinta asf\u00e1ltica. El veh\u00edculo se detuvo y auxiliaron al accidentado. A la vez que alertaron a los sistemas de emergencias a trav\u00e9s del 911. Minutos m\u00e1s tarde, una ambulancia de SAME Suipacha, traslad\u00f3 al herido al Hospital Esteban Iribarne con aparente fractura de omoplato y escoriaciones. <\/p>\n\n\n\n<p>La persona herida fue identificada como Pablo Sandro Mitroni, de 40 a\u00f1os, domiciliado en Gonzalez Catan , quien ven\u00eda caminando por la banquina acompa\u00f1ado por un joven de 17 a\u00f1os domiciliado en Suipacha. Seg\u00fan trascendi\u00f3 ambos tendr\u00edan antecedentes vinculados a delitos contra la propiedad y se secuestr\u00f3 en el lugar una r\u00e9plica de una pistola de material pl\u00e1stico.<\/p>\n\n\n\n<div class=\"wp-block-image\"><figure class=\"aligncenter size-full\"><img loading=\"lazy\" decoding=\"async\" width=\"800\" height=\"533\" data-attachment-id=\"140811\" data-permalink=\"https:\/\/www.hoymercedes.com.ar\/principal\/2021\/11\/30\/persona-atropellada-sobre-la-ruta-5\/atropello-r5-2\/#main\" data-orig-file=\"https:\/\/www.hoymercedes.com.ar\/principal\/wp-content\/uploads\/2021\/11\/atropello-r5-2.jpg\" data-orig-size=\"800,533\" data-comments-opened=\"0\" data-image-meta=\"{&quot;aperture&quot;:&quot;0&quot;,&quot;credit&quot;:&quot;&quot;,&quot;camera&quot;:&quot;&quot;,&quot;caption&quot;:&quot;&quot;,&quot;created_timestamp&quot;:&quot;0&quot;,&quot;copyright&quot;:&quot;&quot;,&quot;focal_length&quot;:&quot;0&quot;,&quot;iso&quot;:&quot;0&quot;,&quot;shutter_speed&quot;:&quot;0&quot;,&quot;title&quot;:&quot;&quot;,&quot;orientation&quot;:&quot;0&quot;}\" data-image-title=\"atropello r5 2\" data-image-description=\"\" data-image-caption=\"\" data-large-file=\"https:\/\/www.hoymercedes.com.ar\/principal\/wp-content\/uploads\/2021\/11\/atropello-r5-2.jpg\" src=\"https:\/\/www.hoymercedes.com.ar\/principal\/wp-content\/uploads\/2021\/11\/atropello-r5-2.jpg\" alt=\"\" class=\"wp-image-140811\" srcset=\"https:\/\/www.hoymercedes.com.ar\/principal\/wp-content\/uploads\/2021\/11\/atropello-r5-2.jpg 800w, https:\/\/www.hoymercedes.com.ar\/principal\/wp-content\/uploads\/2021\/11\/atropello-r5-2-630x420.jpg 630w, https:\/\/www.hoymercedes.com.ar\/principal\/wp-content\/uploads\/2021\/11\/atropello-r5-2-150x100.jpg 150w, https:\/\/www.hoymercedes.com.ar\/principal\/wp-content\/uploads\/2021\/11\/atropello-r5-2-700x465.jpg 700w\" sizes=\"auto, (max-width: 800px) 100vw, 800px\" \/><\/figure><\/div>\n\n\n\n<p>La pick up VW Amarok era conducida por Guillermo Marelli, domiciliado en Navarro, quien viajaba acompa\u00f1ado por Gabriel Harsch, domiciliado en Haedo, circulaban en sentido Suipacha-Mercedes, regresando de la ciudad de San Carlos de Bariloche hacia Navarro. <\/p>\n\n\n\n<p>Intervino Policia Comunal, ambulacia del SAME de Suipacha y Polic\u00eda Vial Mercedes.<\/p>\n\n\n\n<p>Colaboraci\u00f3n: Jorge Lasala de Suipacha. <\/p>\n","protected":false},"excerpt":{"rendered":"<p>En las \u00faltimas horas de la noche del lunes, la Ruta Nacional N\u00b0 5 volvi\u00f3 a ser escenario de un &#8230; <a title=\"Persona atropellada sobre la Ruta 5\" class=\"read-more\" href=\"https:\/\/www.hoymercedes.com.ar\/principal\/2021\/11\/30\/persona-atropellada-sobre-la-ruta-5\/\" aria-label=\"Leer m\u00e1s sobre Persona atropellada sobre la Ruta 5\">Leer m\u00e1s<\/a><\/p>\n","protected":false},"author":1,"featured_media":140813,"comment_status":"closed","ping_status":"open","sticky":false,"template":"","format":"standard","meta":{"_monsterinsights_skip_tracking":false,"_monsterinsights_sitenote_active":false,"_monsterinsights_sitenote_note":"","_monsterinsights_sitenote_category":0,"jetpack_post_was_ever_published":false,"_jetpack_newsletter_access":"","_jetpack_dont_email_post_to_subs":false,"_jetpack_newsletter_tier_id":0,"_jetpack_memberships_contains_paywalled_content":false,"_jetpack_memberships_contains_paid_content":false,"footnotes":"","jetpack_publicize_message":"","jetpack_publicize_feature_enabled":true,"jetpack_social_post_already_shared":true,"jetpack_social_options":{"image_generator_settings":{"template":"highway","default_image_id":0,"font":"","enabled":false},"version":2},"_wpas_customize_per_network":false},"categories":[85],"tags":[],"class_list":["post-140810","post","type-post","status-publish","format-standard","has-post-thumbnail","hentry","category-policial","generate-columns","tablet-grid-50","mobile-grid-100","grid-parent","grid-50"],"jetpack_publicize_connections":[],"jetpack_featured_media_url":"https:\/\/www.hoymercedes.com.ar\/principal\/wp-content\/uploads\/2021\/11\/atropello-r5-3.jpg","wps_subtitle":"Informaci\u00f3n regional","jetpack_sharing_enabled":true,"_links":{"self":[{"href":"https:\/\/www.hoymercedes.com.ar\/principal\/wp-json\/wp\/v2\/posts\/140810","targetHints":{"allow":["GET"]}}],"collection":[{"href":"https:\/\/www.hoymercedes.com.ar\/principal\/wp-json\/wp\/v2\/posts"}],"about":[{"href":"https:\/\/www.hoymercedes.com.ar\/principal\/wp-json\/wp\/v2\/types\/post"}],"author":[{"embeddable":true,"href":"https:\/\/www.hoymercedes.com.ar\/principal\/wp-json\/wp\/v2\/users\/1"}],"replies":[{"embeddable":true,"href":"https:\/\/www.hoymercedes.com.ar\/principal\/wp-json\/wp\/v2\/comments?post=140810"}],"version-history":[{"count":0,"href":"https:\/\/www.hoymercedes.com.ar\/principal\/wp-json\/wp\/v2\/posts\/140810\/revisions"}],"wp:featuredmedia":[{"embeddable":true,"href":"https:\/\/www.hoymercedes.com.ar\/principal\/wp-json\/wp\/v2\/media\/140813"}],"wp:attachment":[{"href":"https:\/\/www.hoymercedes.com.ar\/principal\/wp-json\/wp\/v2\/media?parent=140810"}],"wp:term":[{"taxonomy":"category","embeddable":true,"href":"https:\/\/www.hoymercedes.com.ar\/principal\/wp-json\/wp\/v2\/categories?post=140810"},{"taxonomy":"post_tag","embeddable":true,"href":"https:\/\/www.hoymercedes.com.ar\/principal\/wp-json\/wp\/v2\/tags?post=140810"}],"curies":[{"name":"wp","href":"https:\/\/api.w.org\/{rel}","templated":true}]}}