{"id":140818,"date":"2021-11-30T12:55:00","date_gmt":"2021-11-30T15:55:00","guid":{"rendered":"https:\/\/www.hoymercedes.com.ar\/principal\/?p=140818"},"modified":"2021-11-30T15:16:52","modified_gmt":"2021-11-30T18:16:52","slug":"inscriben-para-el-ciclo-2022-de-los-espacio-de-primera-infancia","status":"publish","type":"post","link":"https:\/\/www.hoymercedes.com.ar\/principal\/2021\/11\/30\/inscriben-para-el-ciclo-2022-de-los-espacio-de-primera-infancia\/","title":{"rendered":"Inscriben para el ciclo 2022 de los Espacio de Primera Infancia"},"content":{"rendered":"\n<p>El Municipio de Mercedes informa que del 29 de noviembre hasta el 10 de diciembre se estar\u00e1 realizando la inscripci\u00f3n a los EPI -Espacios de Primera Infancia- a ni\u00f1os y ni\u00f1as de 1 a 3 a\u00f1os. Estos espacios funcionan en los barrios; Blandengues; San Justo; Marchetti; Malvinas; Mutti; San Mart\u00edn y el CIC. Para ello se necesita, el DNI del ni\u00f1o o ni\u00f1a y el del padre, madre o tutor y pueden hacerlo en la Secretar\u00eda de Desarrollo de la Comunidad (calle 26 y 47) de 09:00 a 14:00 horas, como as\u00ed tambi\u00e9n, en cada uno de los EPI de la ciudad en el mismo horario. &nbsp;<\/p>\n\n\n\n<p>La directora de Ni\u00f1ez y Adolescencia, Gabriela Olivella inform\u00f3 \u201clos requisitos, b\u00e1sicamente, son para las familias que necesiten del Espacio de Primera Infancia, principalmente por cuestiones laborales, como as\u00ed tambi\u00e9n, la situaci\u00f3n socioecon\u00f3mica. Y tienen prioridad los de cercan\u00eda al espacio\u201d y aclar\u00f3 \u201cde todas maneras nada de esto es excluyente, as\u00ed que las familias no duden en inscribirse igual porque estamos abiertos a toda la ciudad. Luego la trabajadora social y el equipo t\u00e9cnico hacen una conclusi\u00f3n y establecen los ingresos\u201d. &nbsp;<\/p>\n\n\n\n<p>En este sentido, Olivella se\u00f1al\u00f3 \u201csiempre tratamos de dar respuesta a todos los chicos y sus familias, as\u00ed que invitamos a todos a que se acerquen a inscribirse\u201d. &nbsp;<\/p>\n\n\n\n<p>Asimismo, la directora de Ni\u00f1ez y Adolescencia cont\u00f3 \u201cel horario habitual es de 08:00 a 12:00, para ni\u00f1os y ni\u00f1as de 1 a 3 a\u00f1os, donde desayunan y almuerzan, y donde se lleva adelante la estimulaci\u00f3n a trav\u00e9s del juego. Y otro aspecto que destaca a los EPI es el aspecto social, aquellas familias que asisten al lugar no se les pide listado de materiales, ni nada en particular, por el contrario, todo lo que son pa\u00f1ales, elementos de higiene, juguetes, etc, todo es suministrado por el Estado Municipal\u201d y a\u00f1adi\u00f3 \u201ccon lo cual tratamos de hacer una pol\u00edtica p\u00fablica en materia de ni\u00f1ez, lo m\u00e1s inclusiva posible\u201d.&nbsp;&nbsp;&nbsp;&nbsp;<\/p>\n\n\n\n<p>Fuente: Prensa Municipal<\/p>\n","protected":false},"excerpt":{"rendered":"<p>El Municipio de Mercedes informa que del 29 de noviembre hasta el 10 de diciembre se estar\u00e1 realizando la inscripci\u00f3n &#8230; <a title=\"Inscriben para el ciclo 2022 de los Espacio de Primera Infancia\" class=\"read-more\" href=\"https:\/\/www.hoymercedes.com.ar\/principal\/2021\/11\/30\/inscriben-para-el-ciclo-2022-de-los-espacio-de-primera-infancia\/\" aria-label=\"Leer m\u00e1s sobre Inscriben para el ciclo 2022 de los Espacio de Primera Infancia\">Leer m\u00e1s<\/a><\/p>\n","protected":false},"author":1,"featured_media":140819,"comment_status":"closed","ping_status":"open","sticky":false,"template":"","format":"standard","meta":{"_monsterinsights_skip_tracking":false,"_monsterinsights_sitenote_active":false,"_monsterinsights_sitenote_note":"","_monsterinsights_sitenote_category":0,"jetpack_post_was_ever_published":false,"_jetpack_newsletter_access":"","_jetpack_dont_email_post_to_subs":false,"_jetpack_newsletter_tier_id":0,"_jetpack_memberships_contains_paywalled_content":false,"_jetpack_memberships_contains_paid_content":false,"footnotes":"","jetpack_publicize_message":"","jetpack_publicize_feature_enabled":true,"jetpack_social_post_already_shared":true,"jetpack_social_options":{"image_generator_settings":{"template":"highway","default_image_id":0,"font":"","enabled":false},"version":2},"_wpas_customize_per_network":false},"categories":[30],"tags":[244],"class_list":["post-140818","post","type-post","status-publish","format-standard","has-post-thumbnail","hentry","category-municipio","tag-municipio-2","generate-columns","tablet-grid-50","mobile-grid-100","grid-parent","grid-50"],"jetpack_publicize_connections":[],"jetpack_featured_media_url":"https:\/\/www.hoymercedes.com.ar\/principal\/wp-content\/uploads\/2021\/11\/Olivella-Gabriela.jpg","wps_subtitle":"","jetpack_sharing_enabled":true,"_links":{"self":[{"href":"https:\/\/www.hoymercedes.com.ar\/principal\/wp-json\/wp\/v2\/posts\/140818","targetHints":{"allow":["GET"]}}],"collection":[{"href":"https:\/\/www.hoymercedes.com.ar\/principal\/wp-json\/wp\/v2\/posts"}],"about":[{"href":"https:\/\/www.hoymercedes.com.ar\/principal\/wp-json\/wp\/v2\/types\/post"}],"author":[{"embeddable":true,"href":"https:\/\/www.hoymercedes.com.ar\/principal\/wp-json\/wp\/v2\/users\/1"}],"replies":[{"embeddable":true,"href":"https:\/\/www.hoymercedes.com.ar\/principal\/wp-json\/wp\/v2\/comments?post=140818"}],"version-history":[{"count":0,"href":"https:\/\/www.hoymercedes.com.ar\/principal\/wp-json\/wp\/v2\/posts\/140818\/revisions"}],"wp:featuredmedia":[{"embeddable":true,"href":"https:\/\/www.hoymercedes.com.ar\/principal\/wp-json\/wp\/v2\/media\/140819"}],"wp:attachment":[{"href":"https:\/\/www.hoymercedes.com.ar\/principal\/wp-json\/wp\/v2\/media?parent=140818"}],"wp:term":[{"taxonomy":"category","embeddable":true,"href":"https:\/\/www.hoymercedes.com.ar\/principal\/wp-json\/wp\/v2\/categories?post=140818"},{"taxonomy":"post_tag","embeddable":true,"href":"https:\/\/www.hoymercedes.com.ar\/principal\/wp-json\/wp\/v2\/tags?post=140818"}],"curies":[{"name":"wp","href":"https:\/\/api.w.org\/{rel}","templated":true}]}}