{"id":140856,"date":"2021-12-01T08:29:36","date_gmt":"2021-12-01T11:29:36","guid":{"rendered":"https:\/\/www.hoymercedes.com.ar\/principal\/?p=140856"},"modified":"2021-12-01T08:29:42","modified_gmt":"2021-12-01T11:29:42","slug":"test-rapidos-de-vih-y-sifilis-en-el-caps-guemes","status":"publish","type":"post","link":"https:\/\/www.hoymercedes.com.ar\/principal\/2021\/12\/01\/test-rapidos-de-vih-y-sifilis-en-el-caps-guemes\/","title":{"rendered":"Test r\u00e1pidos de VIH y s\u00edfilis en el CAPS G\u00fcemes"},"content":{"rendered":"\n<p>En el marco del D\u00eda Mundial de la Lucha contra el VIH-SIDA, este  1\u00b0 de diciembre, el Municipio de Mercedes, a trav\u00e9s de la Secretar\u00eda de Salud, realizar\u00e1 una jornada de test r\u00e1pidos de VIH y s\u00edfilis. Se llevar\u00e1 a cabo en el CAPS G\u00fcemes (calle 45, entre 38 y 36) teniendo como objetivo la concientizaci\u00f3n, prevenci\u00f3n y control de estas enfermedades.<\/p>\n\n\n\n<p>La subsecretaria de salud, Marianela Arenilla se\u00f1al\u00f3 \u201ctodos los vecinos que tengan alguna duda pueden acercarse, el testeo es voluntario, confidencial y gratuito, en un espacio que combina la intenci\u00f3n de detecci\u00f3n, donde tambi\u00e9n se brinda informaci\u00f3n preventiva y resuelve dudas que puedan presentarse alrededor del tema\u201d y agreg\u00f3 \u201cm\u00e1s all\u00e1 de esta jornada, en el CAPS Hip\u00f3lito Yrigoyen (calle 2, 57 y 59) caps de Salud Sexual Integral, tambi\u00e9n se realiza el test r\u00e1pido cada vez que las personas lo requieran, de forma confidencial\u201d.&nbsp; &nbsp;<\/p>\n\n\n\n<p>El testeo r\u00e1pido es una herramienta de acercamiento al diagn\u00f3stico para la detecci\u00f3n del VIH y s\u00edfilis, no es definitivo ni confirmatorio. Se basa en una t\u00e9cnica muy sencilla que se realiza bajo un adecuado entrenamiento del operador.<\/p>\n\n\n\n<p>Asimismo, apunt\u00f3 \u201cestos test tiene un alto porcentaje de efectividad y la t\u00e9cnica del test r\u00e1pido permite una primera aproximaci\u00f3n al diagn\u00f3stico en muy pocos minutos\u201d e inform\u00f3 \u201ceste mi\u00e9rcoles podr\u00e1n hacerlo a partir de las 08:00 hasta las 14:00 horas\u201d.&nbsp;<\/p>\n\n\n\n<p>Los objetivos son la detecci\u00f3n precoz de infecciones de transmisi\u00f3n sexual, para tratarnos y evitar la transmisi\u00f3n a terceros; y la obtenci\u00f3n de informaci\u00f3n preventiva para preservarnos de enfermar.<\/p>\n\n\n\n<p>Fuente: Prensa Municipal. <\/p>\n","protected":false},"excerpt":{"rendered":"<p>En el marco del D\u00eda Mundial de la Lucha contra el VIH-SIDA, este 1\u00b0 de diciembre, el Municipio de Mercedes, &#8230; <a title=\"Test r\u00e1pidos de VIH y s\u00edfilis en el CAPS G\u00fcemes\" class=\"read-more\" href=\"https:\/\/www.hoymercedes.com.ar\/principal\/2021\/12\/01\/test-rapidos-de-vih-y-sifilis-en-el-caps-guemes\/\" aria-label=\"Leer m\u00e1s sobre Test r\u00e1pidos de VIH y s\u00edfilis en el CAPS G\u00fcemes\">Leer m\u00e1s<\/a><\/p>\n","protected":false},"author":1,"featured_media":140857,"comment_status":"closed","ping_status":"open","sticky":false,"template":"","format":"standard","meta":{"_monsterinsights_skip_tracking":false,"_monsterinsights_sitenote_active":false,"_monsterinsights_sitenote_note":"","_monsterinsights_sitenote_category":0,"jetpack_post_was_ever_published":false,"_jetpack_newsletter_access":"","_jetpack_dont_email_post_to_subs":false,"_jetpack_newsletter_tier_id":0,"_jetpack_memberships_contains_paywalled_content":false,"_jetpack_memberships_contains_paid_content":false,"footnotes":"","jetpack_publicize_message":"","jetpack_publicize_feature_enabled":true,"jetpack_social_post_already_shared":true,"jetpack_social_options":{"image_generator_settings":{"template":"highway","default_image_id":0,"font":"","enabled":false},"version":2},"_wpas_customize_per_network":false},"categories":[9791],"tags":[244],"class_list":["post-140856","post","type-post","status-publish","format-standard","has-post-thumbnail","hentry","category-salud","tag-municipio-2","generate-columns","tablet-grid-50","mobile-grid-100","grid-parent","grid-50"],"jetpack_publicize_connections":[],"jetpack_featured_media_url":"https:\/\/www.hoymercedes.com.ar\/principal\/wp-content\/uploads\/2021\/12\/sali-vih.jpg","wps_subtitle":"","jetpack_sharing_enabled":true,"_links":{"self":[{"href":"https:\/\/www.hoymercedes.com.ar\/principal\/wp-json\/wp\/v2\/posts\/140856","targetHints":{"allow":["GET"]}}],"collection":[{"href":"https:\/\/www.hoymercedes.com.ar\/principal\/wp-json\/wp\/v2\/posts"}],"about":[{"href":"https:\/\/www.hoymercedes.com.ar\/principal\/wp-json\/wp\/v2\/types\/post"}],"author":[{"embeddable":true,"href":"https:\/\/www.hoymercedes.com.ar\/principal\/wp-json\/wp\/v2\/users\/1"}],"replies":[{"embeddable":true,"href":"https:\/\/www.hoymercedes.com.ar\/principal\/wp-json\/wp\/v2\/comments?post=140856"}],"version-history":[{"count":0,"href":"https:\/\/www.hoymercedes.com.ar\/principal\/wp-json\/wp\/v2\/posts\/140856\/revisions"}],"wp:featuredmedia":[{"embeddable":true,"href":"https:\/\/www.hoymercedes.com.ar\/principal\/wp-json\/wp\/v2\/media\/140857"}],"wp:attachment":[{"href":"https:\/\/www.hoymercedes.com.ar\/principal\/wp-json\/wp\/v2\/media?parent=140856"}],"wp:term":[{"taxonomy":"category","embeddable":true,"href":"https:\/\/www.hoymercedes.com.ar\/principal\/wp-json\/wp\/v2\/categories?post=140856"},{"taxonomy":"post_tag","embeddable":true,"href":"https:\/\/www.hoymercedes.com.ar\/principal\/wp-json\/wp\/v2\/tags?post=140856"}],"curies":[{"name":"wp","href":"https:\/\/api.w.org\/{rel}","templated":true}]}}