{"id":140869,"date":"2021-12-01T11:34:25","date_gmt":"2021-12-01T14:34:25","guid":{"rendered":"https:\/\/www.hoymercedes.com.ar\/principal\/?p=140869"},"modified":"2021-12-01T11:34:31","modified_gmt":"2021-12-01T14:34:31","slug":"trabajo-articulado-permite-desarmar-banda-delictiva-y-esclarecer-hechos","status":"publish","type":"post","link":"https:\/\/www.hoymercedes.com.ar\/principal\/2021\/12\/01\/trabajo-articulado-permite-desarmar-banda-delictiva-y-esclarecer-hechos\/","title":{"rendered":"Trabajo articulado permite desarmar banda delictiva y esclarecer hechos"},"content":{"rendered":"\n<figure class=\"wp-block-image size-large\"><img loading=\"lazy\" decoding=\"async\" width=\"1024\" height=\"682\" data-attachment-id=\"140870\" data-permalink=\"https:\/\/www.hoymercedes.com.ar\/principal\/2021\/12\/01\/trabajo-articulado-permite-desarmar-banda-delictiva-y-esclarecer-hechos\/seguridad-esclarecimientos\/#main\" data-orig-file=\"https:\/\/www.hoymercedes.com.ar\/principal\/wp-content\/uploads\/2021\/12\/Seguridad.esclarecimientos.jpeg\" data-orig-size=\"1280,853\" data-comments-opened=\"0\" data-image-meta=\"{&quot;aperture&quot;:&quot;0&quot;,&quot;credit&quot;:&quot;&quot;,&quot;camera&quot;:&quot;&quot;,&quot;caption&quot;:&quot;&quot;,&quot;created_timestamp&quot;:&quot;0&quot;,&quot;copyright&quot;:&quot;&quot;,&quot;focal_length&quot;:&quot;0&quot;,&quot;iso&quot;:&quot;0&quot;,&quot;shutter_speed&quot;:&quot;0&quot;,&quot;title&quot;:&quot;&quot;,&quot;orientation&quot;:&quot;0&quot;}\" data-image-title=\"Seguridad.esclarecimientos\" data-image-description=\"\" data-image-caption=\"\" data-large-file=\"https:\/\/www.hoymercedes.com.ar\/principal\/wp-content\/uploads\/2021\/12\/Seguridad.esclarecimientos-1024x682.jpeg\" src=\"https:\/\/www.hoymercedes.com.ar\/principal\/wp-content\/uploads\/2021\/12\/Seguridad.esclarecimientos-1024x682.jpeg\" alt=\"\" class=\"wp-image-140870\" srcset=\"https:\/\/www.hoymercedes.com.ar\/principal\/wp-content\/uploads\/2021\/12\/Seguridad.esclarecimientos-1024x682.jpeg 1024w, https:\/\/www.hoymercedes.com.ar\/principal\/wp-content\/uploads\/2021\/12\/Seguridad.esclarecimientos-630x420.jpeg 630w, https:\/\/www.hoymercedes.com.ar\/principal\/wp-content\/uploads\/2021\/12\/Seguridad.esclarecimientos-150x100.jpeg 150w, https:\/\/www.hoymercedes.com.ar\/principal\/wp-content\/uploads\/2021\/12\/Seguridad.esclarecimientos-700x465.jpeg 700w, https:\/\/www.hoymercedes.com.ar\/principal\/wp-content\/uploads\/2021\/12\/Seguridad.esclarecimientos.jpeg 1280w\" sizes=\"auto, (max-width: 1024px) 100vw, 1024px\" \/><\/figure>\n\n\n\n<p>La articulaci\u00f3n entre el Municipio, las fuerzas de seguridad y las autoridades judiciales permiti\u00f3 el esclarecimiento de hechos delictivos en nuestra ciudad. As\u00ed lo manifestaron el intendente Juan Ignacio Ustarroz junto al secretario de seguridad, Gonzalo Anselmo desde el palacio municipal.<\/p>\n\n\n\n<p>El intendente Ustarroz manifest\u00f3 \u201cla intenci\u00f3n y el objetivo de acompa\u00f1ar al secretario de seguridad tiene que ver, por un lado, dar una visi\u00f3n de lo que acontece en la ciudad, cu\u00e1les son las acciones que estamos llevando adelante\u201d.<\/p>\n\n\n\n<p>Asimismo, el jefe comunal se\u00f1al\u00f3 \u201ccreo que lo central es exponer cu\u00e1l es la visi\u00f3n que tiene este Municipio con respecto a la seguridad y a todos los temas, donde nuestro objetivo es ser el primer pueblo del interior, por lo que nosotros para poder brindar seguridad y trabajar en ella, en una materia siempre muy dif\u00edcil y compleja, porque no existe ninguna ciudad del mundo donde la hip\u00f3tesis del delito 0 sea una realidad, por lo que siempre que hay un delito conmueve a nuestra ciudadan\u00eda, por eso lo que fomentamos es la participaci\u00f3n ciudadana que ayuda a esclarecer los delitos y prevenirlos\u201d y agreg\u00f3 \u201c pero de la mano debe estar la infraestructura para poder brindar m\u00e1s seguridad y poder trabajar en la fase preventiva, como as\u00ed tambi\u00e9n, esclarecimiento del delito\u201d.<\/p>\n\n\n\n<p>\u201cHoy nos focalizamos en el esclarecimiento del delito para acreditar que hay un sistema que funciona en Mercedes\u201d indic\u00f3 Ustarroz y destac\u00f3 \u201cla gran articulaci\u00f3n entre todos los actores, como es el caso de la fiscal\u00eda de nuestra ciudad, donde, a eso se debe el nivel de esclarecimiento de delitos\u201d.<\/p>\n\n\n\n<p>Conjuntamente, el intendente Ustarroz expres\u00f3 \u201ccuando hablamos de infraestructura en la ciudad nos referimos concretamente a incrementar los patrulleros para la prevenci\u00f3n \u2013hace poco tiempo presentamos 14 m\u00f3viles- que colaboran y contribuyen en la seguridad de la ciudad, el sistema de c\u00e1maras que se ha ido incrementando exponencialmente, donde la ciudad comienza a tener un anillo de protecci\u00f3n con respecto a las lectoras de patentes, por lo que estamos trabajando y donde estamos \u2013prontamente- a recibir un subsidio para poder incrementar la cantidad de c\u00e1maras de seguridad para poder brindar una seguridad integral a los vecinos, como as\u00ed tambi\u00e9n, para el a\u00f1o 2022 la incorporaci\u00f3n de m\u00e1s efectivos policiales\u201d.<\/p>\n\n\n\n<p>Gonzalo Anselmo, secretario de seguridad, declar\u00f3 \u201cjunto al intendente Ustarroz hablamos sobre hechos que se hab\u00edan suscitado, nosotros hab\u00edamos identificado que algunos de esos hechos no eran propios de lo que acontec\u00eda en nuestra ciudad. Por lo que comenzamos a articular, no solamente con los efectivos policiales, sino tambi\u00e9n, con los magistrados y autoridades judiciales para dar el puntapi\u00e9 inicial para el esclarecimiento de algunos hechos que finalmente se pudieron hacer\u201d.<\/p>\n\n\n\n<p>En este sentido, Anselmo puntualiz\u00f3 \u201cfueron bandas de delincuentes que no s\u00f3lo hab\u00edan cometido il\u00edcitos en Mercedes, sino en toda la regi\u00f3n, por lo que nuestra ciudad fue una m\u00e1s en este raid delictivo. Lo que queremos destacar es la sana y buena articulaci\u00f3n que existe entre el Municipio, las fuerzas de seguridad y las autoridades judiciales, creemos que el Estado debe nutrirse y trabajar de manera mancomunada para poder llevar soluciones a los vecinos de la ciudad\u201d y destac\u00f3 \u201cla labor y la importancia que tuvo, para el esclarecimiento de varios de esos hechos, el Centro de Monitoreo, que a trav\u00e9s del registro de im\u00e1genes que resultaron de inter\u00e9s para las causas pudimos aclarar algunos hechos\u201d.<\/p>\n\n\n\n<p>Por consiguiente, el Secretario de Seguridad Municipal, comenz\u00f3 a nombrar algunos de los hechos resueltos en la ciudad:<\/p>\n\n\n\n<p>&#8211; \u201cEscruche\u201d que en la jerga policial y de los delincuentes, significa el ingreso a robar en un domicilio, oficina o comercio en ausencia de sus moradores. Se produjeron dos, en diferentes d\u00edas y a trav\u00e9s de nuestro Centro de Monitoreo y los LVR se pudo identificar que hab\u00eda ingresado a la ciudad un mismo auto. A partir de ese indicio y articulando con las fiscal\u00edas pertinentes pudimos identificar que los ocupantes de este veh\u00edculo hab\u00edan perpetrado hechos en la ciudad de Navarro. Se identific\u00f3 que era una banda oriunda de Mendoza que operaba en la localidad de Lan\u00fas. Se realiz\u00f3 un allanamiento el mismo d\u00eda que pas\u00f3 el segundo hecho delictivo en nuestra ciudad por lo que los delincuentes pudieron ser sorprendidos. D\u00f3nde, adem\u00e1s, se realiz\u00f3 un allanamiento en la ciudad de Mendoza. &nbsp;<\/p>\n\n\n\n<p>-Otro de los casos fue la modalidad \u201cel cuento del t\u00edo\u201d -una estafa- donde en la ciudad, una persona mayor de 83 a\u00f1os fue la v\u00edctima. Comenzamos a articular con la polic\u00eda y con las autoridades judiciales, pudiendo esclarecer el hecho y detectar que esta misma banda oriunda de Luj\u00e1n hab\u00eda operado en Carmen de Areco, Navarro, Bragado y en San Antonio de Areco. Se hicieron los allanamientos pertinentes y fueron detenidos por el delito de estafas reiteradas.<\/p>\n\n\n\n<p>-Otro de los hechos que queremos destacar es uno que sucedi\u00f3 en cercan\u00eda del Colegio San Antonio de Padua en modalidad de \u201cescruche\u201d donde en ese momento lo mismo, articulamos fuertemente y se pudo dar con la persona que hab\u00eda cometido el hecho, se hicieron allanamientos en Moreno y Lan\u00fas.<\/p>\n\n\n\n<p>\u201cSi bien el esclarecimiento del hecho no le quita a la v\u00edctima la angustia, pero al menos, que sepa, que nosotros como Estado Municipal y en articulaci\u00f3n con el resto de los estamentos del Estado, trabajamos para esclarecer los hechos. Donde todas las herramientas que posee el Estado tratamos de volcarla a la prevenci\u00f3n, pero cuando no es lograda esta misi\u00f3n hacemos hasta lo imposible para poder esclarecerlo\u201d dijo Anselmo.&nbsp;<\/p>\n","protected":false},"excerpt":{"rendered":"<p>La articulaci\u00f3n entre el Municipio, las fuerzas de seguridad y las autoridades judiciales permiti\u00f3 el esclarecimiento de hechos delictivos en &#8230; <a title=\"Trabajo articulado permite desarmar banda delictiva y esclarecer hechos\" class=\"read-more\" href=\"https:\/\/www.hoymercedes.com.ar\/principal\/2021\/12\/01\/trabajo-articulado-permite-desarmar-banda-delictiva-y-esclarecer-hechos\/\" aria-label=\"Leer m\u00e1s sobre Trabajo articulado permite desarmar banda delictiva y esclarecer hechos\">Leer m\u00e1s<\/a><\/p>\n","protected":false},"author":1,"featured_media":140870,"comment_status":"closed","ping_status":"open","sticky":false,"template":"","format":"standard","meta":{"_monsterinsights_skip_tracking":false,"_monsterinsights_sitenote_active":false,"_monsterinsights_sitenote_note":"","_monsterinsights_sitenote_category":0,"jetpack_post_was_ever_published":false,"_jetpack_newsletter_access":"","_jetpack_dont_email_post_to_subs":false,"_jetpack_newsletter_tier_id":0,"_jetpack_memberships_contains_paywalled_content":false,"_jetpack_memberships_contains_paid_content":false,"footnotes":"","jetpack_publicize_message":"","jetpack_publicize_feature_enabled":true,"jetpack_social_post_already_shared":true,"jetpack_social_options":{"image_generator_settings":{"template":"highway","default_image_id":0,"font":"","enabled":false},"version":2},"_wpas_customize_per_network":false},"categories":[85],"tags":[16116,802],"class_list":["post-140869","post","type-post","status-publish","format-standard","has-post-thumbnail","hentry","category-policial","tag-gonzalo-anselmo","tag-seguridad","generate-columns","tablet-grid-50","mobile-grid-100","grid-parent","grid-50"],"jetpack_publicize_connections":[],"jetpack_featured_media_url":"https:\/\/www.hoymercedes.com.ar\/principal\/wp-content\/uploads\/2021\/12\/Seguridad.esclarecimientos.jpeg","wps_subtitle":"Hechos esclarecidos","jetpack_sharing_enabled":true,"_links":{"self":[{"href":"https:\/\/www.hoymercedes.com.ar\/principal\/wp-json\/wp\/v2\/posts\/140869","targetHints":{"allow":["GET"]}}],"collection":[{"href":"https:\/\/www.hoymercedes.com.ar\/principal\/wp-json\/wp\/v2\/posts"}],"about":[{"href":"https:\/\/www.hoymercedes.com.ar\/principal\/wp-json\/wp\/v2\/types\/post"}],"author":[{"embeddable":true,"href":"https:\/\/www.hoymercedes.com.ar\/principal\/wp-json\/wp\/v2\/users\/1"}],"replies":[{"embeddable":true,"href":"https:\/\/www.hoymercedes.com.ar\/principal\/wp-json\/wp\/v2\/comments?post=140869"}],"version-history":[{"count":0,"href":"https:\/\/www.hoymercedes.com.ar\/principal\/wp-json\/wp\/v2\/posts\/140869\/revisions"}],"wp:featuredmedia":[{"embeddable":true,"href":"https:\/\/www.hoymercedes.com.ar\/principal\/wp-json\/wp\/v2\/media\/140870"}],"wp:attachment":[{"href":"https:\/\/www.hoymercedes.com.ar\/principal\/wp-json\/wp\/v2\/media?parent=140869"}],"wp:term":[{"taxonomy":"category","embeddable":true,"href":"https:\/\/www.hoymercedes.com.ar\/principal\/wp-json\/wp\/v2\/categories?post=140869"},{"taxonomy":"post_tag","embeddable":true,"href":"https:\/\/www.hoymercedes.com.ar\/principal\/wp-json\/wp\/v2\/tags?post=140869"}],"curies":[{"name":"wp","href":"https:\/\/api.w.org\/{rel}","templated":true}]}}