{"id":140999,"date":"2021-12-04T07:34:00","date_gmt":"2021-12-04T10:34:00","guid":{"rendered":"https:\/\/www.hoymercedes.com.ar\/principal\/?p=140999"},"modified":"2021-12-04T08:40:03","modified_gmt":"2021-12-04T11:40:03","slug":"reprograman-la-fiesta-del-rio-para-febrero","status":"publish","type":"post","link":"https:\/\/www.hoymercedes.com.ar\/principal\/2021\/12\/04\/reprograman-la-fiesta-del-rio-para-febrero\/","title":{"rendered":"Reprograman la Fiesta del R\u00edo para febrero"},"content":{"rendered":"\n<p>Desde el \u00e1rea Ambiente del Municipio de Mercedes, informaron que suspender\u00e1n la Fiesta del R\u00edo programada para este domingo. La quinta edici\u00f3n del evento que inclu\u00eda el \u00absafari n\u00e1utico\u00bb se reprograma para el mes de febrero, sin fecha concreta. <\/p>\n\n\n\n<p>\u00abEl clima no nos acompa\u00f1a este fin de semana, pronostican lluvias aisladas y una fiesta de esta magnitud necesita un buen clima para que todos y todas podamos disfrutar\u00bb, expresaron desde el \u00e1rea municipal conocida en redes como \u00abMercedes Sustentable\u00bb. <\/p>\n\n\n\n<div class=\"wp-block-image\"><figure class=\"aligncenter size-large is-resized\"><img loading=\"lazy\" decoding=\"async\" data-attachment-id=\"141000\" data-permalink=\"https:\/\/www.hoymercedes.com.ar\/principal\/2021\/12\/04\/reprograman-la-fiesta-del-rio-para-febrero\/fiesta-reprogra\/#main\" data-orig-file=\"https:\/\/www.hoymercedes.com.ar\/principal\/wp-content\/uploads\/2021\/12\/fiesta-reprogra-e1638617936516.jpg\" data-orig-size=\"800,799\" data-comments-opened=\"0\" data-image-meta=\"{&quot;aperture&quot;:&quot;0&quot;,&quot;credit&quot;:&quot;&quot;,&quot;camera&quot;:&quot;&quot;,&quot;caption&quot;:&quot;&quot;,&quot;created_timestamp&quot;:&quot;0&quot;,&quot;copyright&quot;:&quot;&quot;,&quot;focal_length&quot;:&quot;0&quot;,&quot;iso&quot;:&quot;0&quot;,&quot;shutter_speed&quot;:&quot;0&quot;,&quot;title&quot;:&quot;&quot;,&quot;orientation&quot;:&quot;0&quot;}\" data-image-title=\"fiesta reprogra\" data-image-description=\"\" data-image-caption=\"\" data-large-file=\"https:\/\/www.hoymercedes.com.ar\/principal\/wp-content\/uploads\/2021\/12\/fiesta-reprogra-1024x1024.jpg\" src=\"https:\/\/www.hoymercedes.com.ar\/principal\/wp-content\/uploads\/2021\/12\/fiesta-reprogra-1024x1024.jpg\" alt=\"\" class=\"wp-image-141000\" width=\"772\" height=\"772\"\/><\/figure><\/div>\n","protected":false},"excerpt":{"rendered":"<p>Desde el \u00e1rea Ambiente del Municipio de Mercedes, informaron que suspender\u00e1n la Fiesta del R\u00edo programada para este domingo. La &#8230; <a title=\"Reprograman la Fiesta del R\u00edo para febrero\" class=\"read-more\" href=\"https:\/\/www.hoymercedes.com.ar\/principal\/2021\/12\/04\/reprograman-la-fiesta-del-rio-para-febrero\/\" aria-label=\"Leer m\u00e1s sobre Reprograman la Fiesta del R\u00edo para febrero\">Leer m\u00e1s<\/a><\/p>\n","protected":false},"author":1,"featured_media":141000,"comment_status":"closed","ping_status":"open","sticky":false,"template":"","format":"standard","meta":{"_monsterinsights_skip_tracking":false,"_monsterinsights_sitenote_active":false,"_monsterinsights_sitenote_note":"","_monsterinsights_sitenote_category":0,"jetpack_post_was_ever_published":false,"_jetpack_newsletter_access":"","_jetpack_dont_email_post_to_subs":false,"_jetpack_newsletter_tier_id":0,"_jetpack_memberships_contains_paywalled_content":false,"_jetpack_memberships_contains_paid_content":false,"footnotes":"","jetpack_publicize_message":"","jetpack_publicize_feature_enabled":true,"jetpack_social_post_already_shared":true,"jetpack_social_options":{"image_generator_settings":{"template":"highway","default_image_id":0,"font":"","enabled":false},"version":2},"_wpas_customize_per_network":false},"categories":[30],"tags":[244],"class_list":["post-140999","post","type-post","status-publish","format-standard","has-post-thumbnail","hentry","category-municipio","tag-municipio-2","generate-columns","tablet-grid-50","mobile-grid-100","grid-parent","grid-50"],"jetpack_publicize_connections":[],"jetpack_featured_media_url":"https:\/\/www.hoymercedes.com.ar\/principal\/wp-content\/uploads\/2021\/12\/fiesta-reprogra-e1638617936516.jpg","wps_subtitle":"","jetpack_sharing_enabled":true,"_links":{"self":[{"href":"https:\/\/www.hoymercedes.com.ar\/principal\/wp-json\/wp\/v2\/posts\/140999","targetHints":{"allow":["GET"]}}],"collection":[{"href":"https:\/\/www.hoymercedes.com.ar\/principal\/wp-json\/wp\/v2\/posts"}],"about":[{"href":"https:\/\/www.hoymercedes.com.ar\/principal\/wp-json\/wp\/v2\/types\/post"}],"author":[{"embeddable":true,"href":"https:\/\/www.hoymercedes.com.ar\/principal\/wp-json\/wp\/v2\/users\/1"}],"replies":[{"embeddable":true,"href":"https:\/\/www.hoymercedes.com.ar\/principal\/wp-json\/wp\/v2\/comments?post=140999"}],"version-history":[{"count":0,"href":"https:\/\/www.hoymercedes.com.ar\/principal\/wp-json\/wp\/v2\/posts\/140999\/revisions"}],"wp:featuredmedia":[{"embeddable":true,"href":"https:\/\/www.hoymercedes.com.ar\/principal\/wp-json\/wp\/v2\/media\/141000"}],"wp:attachment":[{"href":"https:\/\/www.hoymercedes.com.ar\/principal\/wp-json\/wp\/v2\/media?parent=140999"}],"wp:term":[{"taxonomy":"category","embeddable":true,"href":"https:\/\/www.hoymercedes.com.ar\/principal\/wp-json\/wp\/v2\/categories?post=140999"},{"taxonomy":"post_tag","embeddable":true,"href":"https:\/\/www.hoymercedes.com.ar\/principal\/wp-json\/wp\/v2\/tags?post=140999"}],"curies":[{"name":"wp","href":"https:\/\/api.w.org\/{rel}","templated":true}]}}