{"id":14105,"date":"2012-07-01T15:17:01","date_gmt":"2012-07-01T15:17:01","guid":{"rendered":"http:\/\/www.hoymercedes.com.ar\/principal\/?p=14105"},"modified":"2012-07-01T15:17:01","modified_gmt":"2012-07-01T15:17:01","slug":"unidad-5-talleres-de-expresion-artisticas-para-los-internor","status":"publish","type":"post","link":"https:\/\/www.hoymercedes.com.ar\/principal\/2012\/07\/01\/unidad-5-talleres-de-expresion-artisticas-para-los-internor\/","title":{"rendered":"Unidad 5: Talleres de expresi\u00f3n art\u00edsticas para los internor"},"content":{"rendered":"<p><a href=\"https:\/\/www.hoymercedes.com.ar\/principal\/wp-content\/uploads\/2012\/07\/ArteUnidad5.jpg\"><img loading=\"lazy\" decoding=\"async\" data-attachment-id=\"14107\" data-permalink=\"https:\/\/www.hoymercedes.com.ar\/principal\/2012\/07\/01\/unidad-5-talleres-de-expresion-artisticas-para-los-internor\/arteunidad5\/#main\" data-orig-file=\"https:\/\/www.hoymercedes.com.ar\/principal\/wp-content\/uploads\/2012\/07\/ArteUnidad5.jpg\" data-orig-size=\"612,535\" data-comments-opened=\"1\" data-image-meta=\"{&quot;aperture&quot;:&quot;2.8&quot;,&quot;credit&quot;:&quot;&quot;,&quot;camera&quot;:&quot;KODAK EASYSHARE V1003 ZOOM DIGITAL CAMERA&quot;,&quot;caption&quot;:&quot;&quot;,&quot;created_timestamp&quot;:&quot;1293504331&quot;,&quot;copyright&quot;:&quot;&quot;,&quot;focal_length&quot;:&quot;8.9&quot;,&quot;iso&quot;:&quot;160&quot;,&quot;shutter_speed&quot;:&quot;0.125&quot;,&quot;title&quot;:&quot;&quot;}\" data-image-title=\"ArteUnidad5\" data-image-description=\"\" data-image-caption=\"\" data-large-file=\"https:\/\/www.hoymercedes.com.ar\/principal\/wp-content\/uploads\/2012\/07\/ArteUnidad5.jpg\" class=\"aligncenter size-full wp-image-14107\" title=\"ArteUnidad5\" src=\"https:\/\/www.hoymercedes.com.ar\/principal\/wp-content\/uploads\/2012\/07\/ArteUnidad5.jpg\" alt=\"\" width=\"612\" height=\"535\" \/><\/a><\/p>\n<p>La Escuela de Educaci\u00f3n Media N\u00ba 2, que funciona dentro de la Unidad N\u00ba 5 de Mercedes, gestiono y llevo adelante durante este a\u00f1o el Plan Mejora dependiente del Ministerio de Educaci\u00f3n de la Naci\u00f3n, que consiste en la entrega de recursos econ\u00f3micos destinados a producir acciones y actividades que generen impacto institucional.<\/p>\n<p>En este caso el Director de la Escuela, Licenciado Sergio Den\u00e1pole, junto a sus colaboradores eligieron llevar adelante actividades art\u00edsticas, ya que las orientaciones que tiene en este Bachillerato de Adultos son en Ciencias Sociales y Gesti\u00f3n. Por ello se est\u00e1n dictando dos Talleres de Expresi\u00f3n Art\u00edstica para internos &#8211; alumnos de dicha instituci\u00f3n. Cabe mencionar que as\u00ed como la escuela, participan de manera mixta en ellos.<\/p>\n<p>El Taller de Artesan\u00eda en Cuero, a cargo de Lu\u00eds Fernando Ramognini, trabajan realizando billeteras, cintos, llaveros entre otros productos aprendiendo la t\u00e9cnica de trenzado, confecci\u00f3n y terminaciones de los mismos. El encargado de esta actividad es un reconocido artesano de la ciudad y preceptor de la Escuela.<\/p>\n<p>El Taller de Pintura lo dicta la profesora Jimena Belzunces, orientando a los alumnos en dibujo, y diversos modos y materiales para el arte de la pintura.<\/p>\n<p>Las clases se iniciaron en el mes de abril y esta pr\u00f3ximo a su finalizaci\u00f3n, evaluando la posibilidad de continuarlo o repetirlo. Concurren alumnos de tercer a\u00f1o de ambos turnos, de este modo se vincula a los mismos con otros saberes, valores, y la posibilidad de iniciarse en un oficio o actividad creativa, que refuerza la socializaci\u00f3n de los alumnos.<\/p>\n<p>Como culminaci\u00f3n de los mismos esta prevista realizar una exposici\u00f3n y la muestra de un mural realizado en las paredes de las instalaciones de la Escuela, dentro de la Unidad.<\/p>\n<p><strong>Plan bibliotecas abiertas<\/strong><\/p>\n<p>Otra mejora institucional que se esta implementando es la informatizaci\u00f3n de la Biblioteca de la Escuela, a trav\u00e9s de un novedoso gabinete de inform\u00e1tica compuesto por un Server, cuatro terminales y un proyector destinado a las diversas actividades escolares. Para llevar adelante este proyecto se contacto a la empresa proveedora de soluciones inform\u00e1ticas SYSPLEX, a trav\u00e9s del Lic. Juan P\u00e9rez (oriundo de esta ciudad), quien dise\u00f1o este novedoso sistema.<\/p>\n<p>Un gran adelanto para quienes concurren a una escuela en contexto de encierro.<\/p>\n<p><strong>Tutor\u00edas para los alumnos<\/strong><\/p>\n<p>Por otra parte se generaron tutor\u00edas para materias con mayor grado de dificultad y clases de apoyo a mesas de examen, destinado a orientar y apoyar a los alumnos con asignaturas pendientes. Para egresados que aun no se recibieron y les corresponde el turno de ex\u00e1menes en agosto.<\/p>\n<p><a href=\"https:\/\/www.hoymercedes.com.ar\/principal\/wp-content\/uploads\/2012\/07\/ArteUnidad5-II.jpg\"><img loading=\"lazy\" decoding=\"async\" data-attachment-id=\"14108\" data-permalink=\"https:\/\/www.hoymercedes.com.ar\/principal\/2012\/07\/01\/unidad-5-talleres-de-expresion-artisticas-para-los-internor\/arteunidad5-ii\/#main\" data-orig-file=\"https:\/\/www.hoymercedes.com.ar\/principal\/wp-content\/uploads\/2012\/07\/ArteUnidad5-II.jpg\" data-orig-size=\"612,408\" data-comments-opened=\"1\" data-image-meta=\"{&quot;aperture&quot;:&quot;2.8&quot;,&quot;credit&quot;:&quot;&quot;,&quot;camera&quot;:&quot;KODAK EASYSHARE V1003 ZOOM DIGITAL CAMERA&quot;,&quot;caption&quot;:&quot;&quot;,&quot;created_timestamp&quot;:&quot;1293502446&quot;,&quot;copyright&quot;:&quot;&quot;,&quot;focal_length&quot;:&quot;7.5&quot;,&quot;iso&quot;:&quot;160&quot;,&quot;shutter_speed&quot;:&quot;0.125&quot;,&quot;title&quot;:&quot;&quot;}\" data-image-title=\"ArteUnidad5-II\" data-image-description=\"\" data-image-caption=\"\" data-large-file=\"https:\/\/www.hoymercedes.com.ar\/principal\/wp-content\/uploads\/2012\/07\/ArteUnidad5-II.jpg\" class=\"aligncenter size-full wp-image-14108\" title=\"ArteUnidad5-II\" src=\"https:\/\/www.hoymercedes.com.ar\/principal\/wp-content\/uploads\/2012\/07\/ArteUnidad5-II.jpg\" alt=\"\" width=\"612\" height=\"408\" srcset=\"https:\/\/www.hoymercedes.com.ar\/principal\/wp-content\/uploads\/2012\/07\/ArteUnidad5-II.jpg 612w, https:\/\/www.hoymercedes.com.ar\/principal\/wp-content\/uploads\/2012\/07\/ArteUnidad5-II-300x200.jpg 300w\" sizes=\"auto, (max-width: 612px) 100vw, 612px\" \/><\/a><\/p>\n","protected":false},"excerpt":{"rendered":"<p>La Escuela de Educaci\u00f3n Media N\u00ba 2, que funciona dentro de la Unidad N\u00ba 5 de Mercedes, gestiono y llevo &#8230; <a title=\"Unidad 5: Talleres de expresi\u00f3n art\u00edsticas para los internor\" class=\"read-more\" href=\"https:\/\/www.hoymercedes.com.ar\/principal\/2012\/07\/01\/unidad-5-talleres-de-expresion-artisticas-para-los-internor\/\" aria-label=\"Leer m\u00e1s sobre Unidad 5: Talleres de expresi\u00f3n art\u00edsticas para los internor\">Leer m\u00e1s<\/a><\/p>\n","protected":false},"author":1,"featured_media":0,"comment_status":"open","ping_status":"open","sticky":false,"template":"","format":"standard","meta":{"_monsterinsights_skip_tracking":false,"_monsterinsights_sitenote_active":false,"_monsterinsights_sitenote_note":"","_monsterinsights_sitenote_category":0,"jetpack_post_was_ever_published":false,"_jetpack_newsletter_access":"","_jetpack_dont_email_post_to_subs":false,"_jetpack_newsletter_tier_id":0,"_jetpack_memberships_contains_paywalled_content":false,"_jetpack_memberships_contains_paid_content":false,"footnotes":"","jetpack_publicize_message":"","jetpack_publicize_feature_enabled":true,"jetpack_social_post_already_shared":false,"jetpack_social_options":{"image_generator_settings":{"template":"highway","default_image_id":0,"font":"","enabled":false},"version":2},"_wpas_customize_per_network":false},"categories":[1],"tags":[2453,113],"class_list":["post-14105","post","type-post","status-publish","format-standard","hentry","category-opinion","tag-talleres-unidad-5","tag-unidad-5","generate-columns","tablet-grid-50","mobile-grid-100","grid-parent","grid-50"],"jetpack_publicize_connections":[],"jetpack_featured_media_url":"","wps_subtitle":"","jetpack_sharing_enabled":true,"_links":{"self":[{"href":"https:\/\/www.hoymercedes.com.ar\/principal\/wp-json\/wp\/v2\/posts\/14105","targetHints":{"allow":["GET"]}}],"collection":[{"href":"https:\/\/www.hoymercedes.com.ar\/principal\/wp-json\/wp\/v2\/posts"}],"about":[{"href":"https:\/\/www.hoymercedes.com.ar\/principal\/wp-json\/wp\/v2\/types\/post"}],"author":[{"embeddable":true,"href":"https:\/\/www.hoymercedes.com.ar\/principal\/wp-json\/wp\/v2\/users\/1"}],"replies":[{"embeddable":true,"href":"https:\/\/www.hoymercedes.com.ar\/principal\/wp-json\/wp\/v2\/comments?post=14105"}],"version-history":[{"count":0,"href":"https:\/\/www.hoymercedes.com.ar\/principal\/wp-json\/wp\/v2\/posts\/14105\/revisions"}],"wp:attachment":[{"href":"https:\/\/www.hoymercedes.com.ar\/principal\/wp-json\/wp\/v2\/media?parent=14105"}],"wp:term":[{"taxonomy":"category","embeddable":true,"href":"https:\/\/www.hoymercedes.com.ar\/principal\/wp-json\/wp\/v2\/categories?post=14105"},{"taxonomy":"post_tag","embeddable":true,"href":"https:\/\/www.hoymercedes.com.ar\/principal\/wp-json\/wp\/v2\/tags?post=14105"}],"curies":[{"name":"wp","href":"https:\/\/api.w.org\/{rel}","templated":true}]}}