{"id":141115,"date":"2021-12-06T20:23:00","date_gmt":"2021-12-06T23:23:00","guid":{"rendered":"https:\/\/www.hoymercedes.com.ar\/principal\/?p=141115"},"modified":"2021-12-06T23:37:03","modified_gmt":"2021-12-07T02:37:03","slug":"incendio-en-restaurante-don-quico-de-tomas-jofre","status":"publish","type":"post","link":"https:\/\/www.hoymercedes.com.ar\/principal\/2021\/12\/06\/incendio-en-restaurante-don-quico-de-tomas-jofre\/","title":{"rendered":"Incendio en restaurante Don Quico de Tom\u00e1s Jofr\u00e9"},"content":{"rendered":"\n<figure class=\"wp-block-image size-large\"><img loading=\"lazy\" decoding=\"async\" width=\"1024\" height=\"768\" data-attachment-id=\"141116\" data-permalink=\"https:\/\/www.hoymercedes.com.ar\/principal\/2021\/12\/06\/incendio-en-restaurante-don-quico-de-tomas-jofre\/donquico-06-12-2021-2\/#main\" data-orig-file=\"https:\/\/www.hoymercedes.com.ar\/principal\/wp-content\/uploads\/2021\/12\/DonQuico-06.12.2021.2.jpeg\" data-orig-size=\"1032,774\" data-comments-opened=\"0\" data-image-meta=\"{&quot;aperture&quot;:&quot;0&quot;,&quot;credit&quot;:&quot;&quot;,&quot;camera&quot;:&quot;&quot;,&quot;caption&quot;:&quot;&quot;,&quot;created_timestamp&quot;:&quot;0&quot;,&quot;copyright&quot;:&quot;&quot;,&quot;focal_length&quot;:&quot;0&quot;,&quot;iso&quot;:&quot;0&quot;,&quot;shutter_speed&quot;:&quot;0&quot;,&quot;title&quot;:&quot;&quot;,&quot;orientation&quot;:&quot;0&quot;}\" data-image-title=\"DonQuico-06.12.2021.2\" data-image-description=\"\" data-image-caption=\"\" data-large-file=\"https:\/\/www.hoymercedes.com.ar\/principal\/wp-content\/uploads\/2021\/12\/DonQuico-06.12.2021.2-1024x768.jpeg\" src=\"https:\/\/www.hoymercedes.com.ar\/principal\/wp-content\/uploads\/2021\/12\/DonQuico-06.12.2021.2-1024x768.jpeg\" alt=\"\" class=\"wp-image-141116\" srcset=\"https:\/\/www.hoymercedes.com.ar\/principal\/wp-content\/uploads\/2021\/12\/DonQuico-06.12.2021.2-1024x768.jpeg 1024w, https:\/\/www.hoymercedes.com.ar\/principal\/wp-content\/uploads\/2021\/12\/DonQuico-06.12.2021.2-630x473.jpeg 630w, https:\/\/www.hoymercedes.com.ar\/principal\/wp-content\/uploads\/2021\/12\/DonQuico-06.12.2021.2-150x113.jpeg 150w, https:\/\/www.hoymercedes.com.ar\/principal\/wp-content\/uploads\/2021\/12\/DonQuico-06.12.2021.2.jpeg 1032w\" sizes=\"auto, (max-width: 1024px) 100vw, 1024px\" \/><\/figure>\n\n\n\n<p>Bomberos Voluntarios actuaron en un incendio de importancia en el local del afamado restaurante Don Quico de Tom\u00e1s Jofr\u00e9. En el lugar tambi\u00e9n particip\u00f3 Protecci\u00f3n Civil. Los da\u00f1os materiales fueron de importancia. No se conocer los motivos a\u00fan del siniestro.<\/p>\n\n\n\n<figure class=\"wp-block-image size-large\"><img loading=\"lazy\" decoding=\"async\" width=\"1024\" height=\"768\" data-attachment-id=\"141117\" data-permalink=\"https:\/\/www.hoymercedes.com.ar\/principal\/2021\/12\/06\/incendio-en-restaurante-don-quico-de-tomas-jofre\/donquico-06-12-2021\/#main\" data-orig-file=\"https:\/\/www.hoymercedes.com.ar\/principal\/wp-content\/uploads\/2021\/12\/DonQuico-06.12.2021.jpeg\" data-orig-size=\"1032,774\" data-comments-opened=\"0\" data-image-meta=\"{&quot;aperture&quot;:&quot;0&quot;,&quot;credit&quot;:&quot;&quot;,&quot;camera&quot;:&quot;&quot;,&quot;caption&quot;:&quot;&quot;,&quot;created_timestamp&quot;:&quot;0&quot;,&quot;copyright&quot;:&quot;&quot;,&quot;focal_length&quot;:&quot;0&quot;,&quot;iso&quot;:&quot;0&quot;,&quot;shutter_speed&quot;:&quot;0&quot;,&quot;title&quot;:&quot;&quot;,&quot;orientation&quot;:&quot;0&quot;}\" data-image-title=\"DonQuico-06.12.2021\" data-image-description=\"\" data-image-caption=\"\" data-large-file=\"https:\/\/www.hoymercedes.com.ar\/principal\/wp-content\/uploads\/2021\/12\/DonQuico-06.12.2021-1024x768.jpeg\" src=\"https:\/\/www.hoymercedes.com.ar\/principal\/wp-content\/uploads\/2021\/12\/DonQuico-06.12.2021-1024x768.jpeg\" alt=\"\" class=\"wp-image-141117\" srcset=\"https:\/\/www.hoymercedes.com.ar\/principal\/wp-content\/uploads\/2021\/12\/DonQuico-06.12.2021-1024x768.jpeg 1024w, https:\/\/www.hoymercedes.com.ar\/principal\/wp-content\/uploads\/2021\/12\/DonQuico-06.12.2021-630x473.jpeg 630w, https:\/\/www.hoymercedes.com.ar\/principal\/wp-content\/uploads\/2021\/12\/DonQuico-06.12.2021-150x113.jpeg 150w, https:\/\/www.hoymercedes.com.ar\/principal\/wp-content\/uploads\/2021\/12\/DonQuico-06.12.2021.jpeg 1032w\" sizes=\"auto, (max-width: 1024px) 100vw, 1024px\" \/><\/figure>\n\n\n\n<p>Durante la tarde de este lunes debieron actuar los Bomberos Voluntarios en un incendio generado en la cocina del local gastron\u00f3mico.<\/p>\n\n\n\n<p>Los motivos de momento no se conocen, m\u00e1xime que no era un d\u00eda de trabajo en t\u00e9rminos de recepci\u00f3n de visitantes y comensales.<\/p>\n\n\n\n<p>Se espera con el correr de las horas tener m\u00e1s detalles.<\/p>\n","protected":false},"excerpt":{"rendered":"<p>Bomberos Voluntarios actuaron en un incendio de importancia en el local del afamado restaurante Don Quico de Tom\u00e1s Jofr\u00e9. En &#8230; <a title=\"Incendio en restaurante Don Quico de Tom\u00e1s Jofr\u00e9\" class=\"read-more\" href=\"https:\/\/www.hoymercedes.com.ar\/principal\/2021\/12\/06\/incendio-en-restaurante-don-quico-de-tomas-jofre\/\" aria-label=\"Leer m\u00e1s sobre Incendio en restaurante Don Quico de Tom\u00e1s Jofr\u00e9\">Leer m\u00e1s<\/a><\/p>\n","protected":false},"author":1,"featured_media":141116,"comment_status":"closed","ping_status":"open","sticky":false,"template":"","format":"standard","meta":{"_monsterinsights_skip_tracking":false,"_monsterinsights_sitenote_active":false,"_monsterinsights_sitenote_note":"","_monsterinsights_sitenote_category":0,"jetpack_post_was_ever_published":false,"_jetpack_newsletter_access":"","_jetpack_dont_email_post_to_subs":false,"_jetpack_newsletter_tier_id":0,"_jetpack_memberships_contains_paywalled_content":false,"_jetpack_memberships_contains_paid_content":false,"footnotes":"","jetpack_publicize_message":"","jetpack_publicize_feature_enabled":true,"jetpack_social_post_already_shared":true,"jetpack_social_options":{"image_generator_settings":{"template":"highway","default_image_id":0,"font":"","enabled":false},"version":2},"_wpas_customize_per_network":false},"categories":[85],"tags":[18132,286,594],"class_list":["post-141115","post","type-post","status-publish","format-standard","has-post-thumbnail","hentry","category-policial","tag-don-quico","tag-incendio","tag-tomas-jofre","generate-columns","tablet-grid-50","mobile-grid-100","grid-parent","grid-50"],"jetpack_publicize_connections":[],"jetpack_featured_media_url":"https:\/\/www.hoymercedes.com.ar\/principal\/wp-content\/uploads\/2021\/12\/DonQuico-06.12.2021.2.jpeg","wps_subtitle":"Siniestro","jetpack_sharing_enabled":true,"_links":{"self":[{"href":"https:\/\/www.hoymercedes.com.ar\/principal\/wp-json\/wp\/v2\/posts\/141115","targetHints":{"allow":["GET"]}}],"collection":[{"href":"https:\/\/www.hoymercedes.com.ar\/principal\/wp-json\/wp\/v2\/posts"}],"about":[{"href":"https:\/\/www.hoymercedes.com.ar\/principal\/wp-json\/wp\/v2\/types\/post"}],"author":[{"embeddable":true,"href":"https:\/\/www.hoymercedes.com.ar\/principal\/wp-json\/wp\/v2\/users\/1"}],"replies":[{"embeddable":true,"href":"https:\/\/www.hoymercedes.com.ar\/principal\/wp-json\/wp\/v2\/comments?post=141115"}],"version-history":[{"count":0,"href":"https:\/\/www.hoymercedes.com.ar\/principal\/wp-json\/wp\/v2\/posts\/141115\/revisions"}],"wp:featuredmedia":[{"embeddable":true,"href":"https:\/\/www.hoymercedes.com.ar\/principal\/wp-json\/wp\/v2\/media\/141116"}],"wp:attachment":[{"href":"https:\/\/www.hoymercedes.com.ar\/principal\/wp-json\/wp\/v2\/media?parent=141115"}],"wp:term":[{"taxonomy":"category","embeddable":true,"href":"https:\/\/www.hoymercedes.com.ar\/principal\/wp-json\/wp\/v2\/categories?post=141115"},{"taxonomy":"post_tag","embeddable":true,"href":"https:\/\/www.hoymercedes.com.ar\/principal\/wp-json\/wp\/v2\/tags?post=141115"}],"curies":[{"name":"wp","href":"https:\/\/api.w.org\/{rel}","templated":true}]}}