{"id":141120,"date":"2021-12-07T00:12:00","date_gmt":"2021-12-07T03:12:00","guid":{"rendered":"https:\/\/www.hoymercedes.com.ar\/principal\/?p=141120"},"modified":"2021-12-06T23:36:33","modified_gmt":"2021-12-07T02:36:33","slug":"homenaje-a-comita-pazos-donde-sufrio-un-siniestro-vial","status":"publish","type":"post","link":"https:\/\/www.hoymercedes.com.ar\/principal\/2021\/12\/07\/homenaje-a-comita-pazos-donde-sufrio-un-siniestro-vial\/","title":{"rendered":"Homenaje a Comita Pazos donde sufri\u00f3 un siniestro vial"},"content":{"rendered":"\n<p>El recuerdo de Fernando Fabi\u00e1n \u00abComita\u00bb Pazos es permanente. Sin embargo, en la tarde del lunes ese recuerdo se hizo presente en un sentido homenaje a un vecino, muy querido por familiares, amigos y vecinos, que en julio pasado falleci\u00f3 a causa de haber sufrido un siniestro vial en la intersecci\u00f3n de Avenida 47 y calle 36, a pocos de su casa y de la plaza que en un homenaje en vida le hicieron los vecinos imponiendo su nombre. <\/p>\n\n\n\n<p>Este lunes, \u00abComita\u00bb fue homenajeado y recordado en un acto que busca transformar el dolor en amor, que propone educar y concientizar en materia de seguridad vial. En el boulevar de la 47 una se\u00f1al vertical con una Estrella Amarilla en el centro y el nombre de Comita con la fecha de su fallecimiento se instal\u00f3 para que todo aquel que pase por ah\u00ed, caminando o un veh\u00edculo, sepa que Fernando Fabi\u00e1n Pazos perdi\u00f3 su vida en un siniestro vial, y que tomen conciencia en el respeto de la leyes de tr\u00e1nsito. <\/p>\n\n\n\n<figure class=\"wp-block-embed is-type-video is-provider-youtube wp-block-embed-youtube wp-embed-aspect-16-9 wp-has-aspect-ratio\"><div class=\"wp-block-embed__wrapper\">\n<span class=\"embed-youtube\" style=\"text-align:center; display: block;\"><iframe loading=\"lazy\" class=\"youtube-player\" width=\"1200\" height=\"675\" src=\"https:\/\/www.youtube.com\/embed\/PonKmDwghzA?version=3&#038;rel=1&#038;showsearch=0&#038;showinfo=1&#038;iv_load_policy=1&#038;fs=1&#038;hl=es-ES&#038;autohide=2&#038;wmode=transparent\" allowfullscreen=\"true\" style=\"border:0;\" sandbox=\"allow-scripts allow-same-origin allow-popups allow-presentation allow-popups-to-escape-sandbox\"><\/iframe><\/span>\n<\/div><figcaption>Video: Gentileza Carlos Massa<\/figcaption><\/figure>\n\n\n\n<p>Su madre Graciela, sus hermanos, sus vecinos, sus amigos, los compa\u00f1eros del Ballet Integraci\u00f3n, sus vecinos, funcionarios de distintas \u00e1reas, incluyendo al Intendente Municipal Juan Ignacio Ustarroz y el presidente del HCD Mat\u00edas Dematei se hicieron presentes para recordar a Comita, en el d\u00eda que su madre pasaba su primer cumplea\u00f1os sin su hijo de 48 a\u00f1os. <\/p>\n\n\n\n<p>Las palabras del acto estuvieron a cargo de Nancy Okos del \u00e1rea de Seguridad, de Ana Torres en nombre del Grupo de Estrellas Amarillas Mercedes que organiz\u00f3 este homenaje para concientizar en materia de seguridad vial, el Jefe Comunal Juan Ustarroz que le dirigi\u00f3 unas palabras a Graciela, la madre de Comita, y la misma Graciela que junto a su hija agradeci\u00f3 a los presentes por recordar a Comita, su sonrisa y solidaridad permanentes  ambas. <\/p>\n\n\n\n<div class=\"wp-block-jetpack-slideshow aligncenter\" data-effect=\"slide\"><div class=\"wp-block-jetpack-slideshow_container swiper-container\"><ul class=\"wp-block-jetpack-slideshow_swiper-wrapper swiper-wrapper\"><li class=\"wp-block-jetpack-slideshow_slide swiper-slide\"><figure><img loading=\"lazy\" decoding=\"async\" width=\"800\" height=\"533\" alt=\"\" class=\"wp-block-jetpack-slideshow_image wp-image-141124\" data-id=\"141124\" src=\"https:\/\/www.hoymercedes.com.ar\/principal\/wp-content\/uploads\/2021\/12\/comita-estrella-amarilla-2.jpg\" srcset=\"https:\/\/www.hoymercedes.com.ar\/principal\/wp-content\/uploads\/2021\/12\/comita-estrella-amarilla-2.jpg 800w, https:\/\/www.hoymercedes.com.ar\/principal\/wp-content\/uploads\/2021\/12\/comita-estrella-amarilla-2-630x420.jpg 630w, https:\/\/www.hoymercedes.com.ar\/principal\/wp-content\/uploads\/2021\/12\/comita-estrella-amarilla-2-150x100.jpg 150w, https:\/\/www.hoymercedes.com.ar\/principal\/wp-content\/uploads\/2021\/12\/comita-estrella-amarilla-2-700x465.jpg 700w\" sizes=\"(max-width: 800px) 100vw, 800px\" \/><\/figure><\/li><li class=\"wp-block-jetpack-slideshow_slide swiper-slide\"><figure><img loading=\"lazy\" decoding=\"async\" width=\"800\" height=\"533\" alt=\"\" class=\"wp-block-jetpack-slideshow_image wp-image-141131\" data-id=\"141131\" src=\"https:\/\/www.hoymercedes.com.ar\/principal\/wp-content\/uploads\/2021\/12\/comita-estrella-amarilla-9.jpg\" srcset=\"https:\/\/www.hoymercedes.com.ar\/principal\/wp-content\/uploads\/2021\/12\/comita-estrella-amarilla-9.jpg 800w, https:\/\/www.hoymercedes.com.ar\/principal\/wp-content\/uploads\/2021\/12\/comita-estrella-amarilla-9-630x420.jpg 630w, https:\/\/www.hoymercedes.com.ar\/principal\/wp-content\/uploads\/2021\/12\/comita-estrella-amarilla-9-150x100.jpg 150w, https:\/\/www.hoymercedes.com.ar\/principal\/wp-content\/uploads\/2021\/12\/comita-estrella-amarilla-9-700x465.jpg 700w\" sizes=\"(max-width: 800px) 100vw, 800px\" \/><\/figure><\/li><li class=\"wp-block-jetpack-slideshow_slide swiper-slide\"><figure><img loading=\"lazy\" decoding=\"async\" width=\"800\" height=\"533\" alt=\"\" class=\"wp-block-jetpack-slideshow_image wp-image-141130\" data-id=\"141130\" src=\"https:\/\/www.hoymercedes.com.ar\/principal\/wp-content\/uploads\/2021\/12\/comita-estrella-amarilla-8.jpg\" srcset=\"https:\/\/www.hoymercedes.com.ar\/principal\/wp-content\/uploads\/2021\/12\/comita-estrella-amarilla-8.jpg 800w, https:\/\/www.hoymercedes.com.ar\/principal\/wp-content\/uploads\/2021\/12\/comita-estrella-amarilla-8-630x420.jpg 630w, https:\/\/www.hoymercedes.com.ar\/principal\/wp-content\/uploads\/2021\/12\/comita-estrella-amarilla-8-150x100.jpg 150w, https:\/\/www.hoymercedes.com.ar\/principal\/wp-content\/uploads\/2021\/12\/comita-estrella-amarilla-8-700x465.jpg 700w\" sizes=\"(max-width: 800px) 100vw, 800px\" \/><\/figure><\/li><li class=\"wp-block-jetpack-slideshow_slide swiper-slide\"><figure><img loading=\"lazy\" decoding=\"async\" width=\"800\" height=\"533\" alt=\"\" class=\"wp-block-jetpack-slideshow_image wp-image-141129\" data-id=\"141129\" src=\"https:\/\/www.hoymercedes.com.ar\/principal\/wp-content\/uploads\/2021\/12\/comita-estrella-amarilla-7.jpg\" srcset=\"https:\/\/www.hoymercedes.com.ar\/principal\/wp-content\/uploads\/2021\/12\/comita-estrella-amarilla-7.jpg 800w, https:\/\/www.hoymercedes.com.ar\/principal\/wp-content\/uploads\/2021\/12\/comita-estrella-amarilla-7-630x420.jpg 630w, https:\/\/www.hoymercedes.com.ar\/principal\/wp-content\/uploads\/2021\/12\/comita-estrella-amarilla-7-150x100.jpg 150w, https:\/\/www.hoymercedes.com.ar\/principal\/wp-content\/uploads\/2021\/12\/comita-estrella-amarilla-7-700x465.jpg 700w\" sizes=\"(max-width: 800px) 100vw, 800px\" \/><\/figure><\/li><li class=\"wp-block-jetpack-slideshow_slide swiper-slide\"><figure><img loading=\"lazy\" decoding=\"async\" width=\"800\" height=\"533\" alt=\"\" class=\"wp-block-jetpack-slideshow_image wp-image-141132\" data-id=\"141132\" src=\"https:\/\/www.hoymercedes.com.ar\/principal\/wp-content\/uploads\/2021\/12\/comita-estrella-amarilla-10.jpg\" srcset=\"https:\/\/www.hoymercedes.com.ar\/principal\/wp-content\/uploads\/2021\/12\/comita-estrella-amarilla-10.jpg 800w, https:\/\/www.hoymercedes.com.ar\/principal\/wp-content\/uploads\/2021\/12\/comita-estrella-amarilla-10-630x420.jpg 630w, https:\/\/www.hoymercedes.com.ar\/principal\/wp-content\/uploads\/2021\/12\/comita-estrella-amarilla-10-150x100.jpg 150w, https:\/\/www.hoymercedes.com.ar\/principal\/wp-content\/uploads\/2021\/12\/comita-estrella-amarilla-10-700x465.jpg 700w\" sizes=\"(max-width: 800px) 100vw, 800px\" \/><\/figure><\/li><li class=\"wp-block-jetpack-slideshow_slide swiper-slide\"><figure><img loading=\"lazy\" decoding=\"async\" width=\"800\" height=\"534\" alt=\"\" class=\"wp-block-jetpack-slideshow_image wp-image-141127\" data-id=\"141127\" src=\"https:\/\/www.hoymercedes.com.ar\/principal\/wp-content\/uploads\/2021\/12\/comita-estrella-amarilla-5.jpg\" srcset=\"https:\/\/www.hoymercedes.com.ar\/principal\/wp-content\/uploads\/2021\/12\/comita-estrella-amarilla-5.jpg 800w, https:\/\/www.hoymercedes.com.ar\/principal\/wp-content\/uploads\/2021\/12\/comita-estrella-amarilla-5-630x421.jpg 630w, https:\/\/www.hoymercedes.com.ar\/principal\/wp-content\/uploads\/2021\/12\/comita-estrella-amarilla-5-150x100.jpg 150w\" sizes=\"(max-width: 800px) 100vw, 800px\" \/><\/figure><\/li><li class=\"wp-block-jetpack-slideshow_slide swiper-slide\"><figure><img loading=\"lazy\" decoding=\"async\" width=\"800\" height=\"533\" alt=\"\" class=\"wp-block-jetpack-slideshow_image wp-image-141128\" data-id=\"141128\" src=\"https:\/\/www.hoymercedes.com.ar\/principal\/wp-content\/uploads\/2021\/12\/comita-estrella-amarilla-6.jpg\" srcset=\"https:\/\/www.hoymercedes.com.ar\/principal\/wp-content\/uploads\/2021\/12\/comita-estrella-amarilla-6.jpg 800w, https:\/\/www.hoymercedes.com.ar\/principal\/wp-content\/uploads\/2021\/12\/comita-estrella-amarilla-6-630x420.jpg 630w, https:\/\/www.hoymercedes.com.ar\/principal\/wp-content\/uploads\/2021\/12\/comita-estrella-amarilla-6-150x100.jpg 150w, https:\/\/www.hoymercedes.com.ar\/principal\/wp-content\/uploads\/2021\/12\/comita-estrella-amarilla-6-700x465.jpg 700w\" sizes=\"(max-width: 800px) 100vw, 800px\" \/><\/figure><\/li><li class=\"wp-block-jetpack-slideshow_slide swiper-slide\"><figure><img loading=\"lazy\" decoding=\"async\" width=\"800\" height=\"533\" alt=\"\" class=\"wp-block-jetpack-slideshow_image wp-image-141133\" data-id=\"141133\" src=\"https:\/\/www.hoymercedes.com.ar\/principal\/wp-content\/uploads\/2021\/12\/comita-estrella-amarilla-11.jpg\" srcset=\"https:\/\/www.hoymercedes.com.ar\/principal\/wp-content\/uploads\/2021\/12\/comita-estrella-amarilla-11.jpg 800w, https:\/\/www.hoymercedes.com.ar\/principal\/wp-content\/uploads\/2021\/12\/comita-estrella-amarilla-11-630x420.jpg 630w, https:\/\/www.hoymercedes.com.ar\/principal\/wp-content\/uploads\/2021\/12\/comita-estrella-amarilla-11-150x100.jpg 150w, https:\/\/www.hoymercedes.com.ar\/principal\/wp-content\/uploads\/2021\/12\/comita-estrella-amarilla-11-700x465.jpg 700w\" sizes=\"(max-width: 800px) 100vw, 800px\" \/><\/figure><\/li><li class=\"wp-block-jetpack-slideshow_slide swiper-slide\"><figure><img loading=\"lazy\" decoding=\"async\" width=\"800\" height=\"533\" alt=\"\" class=\"wp-block-jetpack-slideshow_image wp-image-141123\" data-id=\"141123\" src=\"https:\/\/www.hoymercedes.com.ar\/principal\/wp-content\/uploads\/2021\/12\/comita-estrella-amarilla-1.jpg\" srcset=\"https:\/\/www.hoymercedes.com.ar\/principal\/wp-content\/uploads\/2021\/12\/comita-estrella-amarilla-1.jpg 800w, https:\/\/www.hoymercedes.com.ar\/principal\/wp-content\/uploads\/2021\/12\/comita-estrella-amarilla-1-630x420.jpg 630w, https:\/\/www.hoymercedes.com.ar\/principal\/wp-content\/uploads\/2021\/12\/comita-estrella-amarilla-1-150x100.jpg 150w, https:\/\/www.hoymercedes.com.ar\/principal\/wp-content\/uploads\/2021\/12\/comita-estrella-amarilla-1-700x465.jpg 700w\" sizes=\"(max-width: 800px) 100vw, 800px\" \/><\/figure><\/li><li class=\"wp-block-jetpack-slideshow_slide swiper-slide\"><figure><img loading=\"lazy\" decoding=\"async\" width=\"800\" height=\"533\" alt=\"\" class=\"wp-block-jetpack-slideshow_image wp-image-141126\" data-id=\"141126\" src=\"https:\/\/www.hoymercedes.com.ar\/principal\/wp-content\/uploads\/2021\/12\/comita-estrella-amarilla-4.jpg\" srcset=\"https:\/\/www.hoymercedes.com.ar\/principal\/wp-content\/uploads\/2021\/12\/comita-estrella-amarilla-4.jpg 800w, https:\/\/www.hoymercedes.com.ar\/principal\/wp-content\/uploads\/2021\/12\/comita-estrella-amarilla-4-630x420.jpg 630w, https:\/\/www.hoymercedes.com.ar\/principal\/wp-content\/uploads\/2021\/12\/comita-estrella-amarilla-4-150x100.jpg 150w, https:\/\/www.hoymercedes.com.ar\/principal\/wp-content\/uploads\/2021\/12\/comita-estrella-amarilla-4-700x465.jpg 700w\" sizes=\"(max-width: 800px) 100vw, 800px\" \/><\/figure><\/li><li class=\"wp-block-jetpack-slideshow_slide swiper-slide\"><figure><img loading=\"lazy\" decoding=\"async\" width=\"800\" height=\"533\" alt=\"\" class=\"wp-block-jetpack-slideshow_image wp-image-141125\" data-id=\"141125\" src=\"https:\/\/www.hoymercedes.com.ar\/principal\/wp-content\/uploads\/2021\/12\/comita-estrella-amarilla-3.jpg\" srcset=\"https:\/\/www.hoymercedes.com.ar\/principal\/wp-content\/uploads\/2021\/12\/comita-estrella-amarilla-3.jpg 800w, https:\/\/www.hoymercedes.com.ar\/principal\/wp-content\/uploads\/2021\/12\/comita-estrella-amarilla-3-630x420.jpg 630w, https:\/\/www.hoymercedes.com.ar\/principal\/wp-content\/uploads\/2021\/12\/comita-estrella-amarilla-3-150x100.jpg 150w, https:\/\/www.hoymercedes.com.ar\/principal\/wp-content\/uploads\/2021\/12\/comita-estrella-amarilla-3-700x465.jpg 700w\" sizes=\"(max-width: 800px) 100vw, 800px\" \/><\/figure><\/li><\/ul><a class=\"wp-block-jetpack-slideshow_button-prev swiper-button-prev swiper-button-white\" role=\"button\"><\/a><a class=\"wp-block-jetpack-slideshow_button-next swiper-button-next swiper-button-white\" role=\"button\"><\/a><a aria-label=\"Pause Slideshow\" class=\"wp-block-jetpack-slideshow_button-pause\" role=\"button\"><\/a><div class=\"wp-block-jetpack-slideshow_pagination swiper-pagination swiper-pagination-white\"><\/div><\/div><\/div>\n\n\n\n<p>Fotos: TeCleArte<\/p>\n\n\n\n<p><\/p>\n","protected":false},"excerpt":{"rendered":"<p>El recuerdo de Fernando Fabi\u00e1n \u00abComita\u00bb Pazos es permanente. Sin embargo, en la tarde del lunes ese recuerdo se hizo &#8230; <a title=\"Homenaje a Comita Pazos donde sufri\u00f3 un siniestro vial\" class=\"read-more\" href=\"https:\/\/www.hoymercedes.com.ar\/principal\/2021\/12\/07\/homenaje-a-comita-pazos-donde-sufrio-un-siniestro-vial\/\" aria-label=\"Leer m\u00e1s sobre Homenaje a Comita Pazos donde sufri\u00f3 un siniestro vial\">Leer m\u00e1s<\/a><\/p>\n","protected":false},"author":1,"featured_media":141131,"comment_status":"closed","ping_status":"open","sticky":false,"template":"","format":"standard","meta":{"_monsterinsights_skip_tracking":false,"_monsterinsights_sitenote_active":false,"_monsterinsights_sitenote_note":"","_monsterinsights_sitenote_category":0,"jetpack_post_was_ever_published":false,"_jetpack_newsletter_access":"","_jetpack_dont_email_post_to_subs":false,"_jetpack_newsletter_tier_id":0,"_jetpack_memberships_contains_paywalled_content":false,"_jetpack_memberships_contains_paid_content":false,"footnotes":"","jetpack_publicize_message":"","jetpack_publicize_feature_enabled":true,"jetpack_social_post_already_shared":true,"jetpack_social_options":{"image_generator_settings":{"template":"highway","default_image_id":0,"font":"","enabled":false},"version":2},"_wpas_customize_per_network":false},"categories":[8],"tags":[18134,11115,8834,8867,10395],"class_list":["post-141120","post","type-post","status-publish","format-standard","has-post-thumbnail","hentry","category-sociedad","tag-comita-pazos","tag-estrellas-amarillas-mercedes","tag-homenaje","tag-recuerdo","tag-siniestro-vial","generate-columns","tablet-grid-50","mobile-grid-100","grid-parent","grid-50"],"jetpack_publicize_connections":[],"jetpack_featured_media_url":"https:\/\/www.hoymercedes.com.ar\/principal\/wp-content\/uploads\/2021\/12\/comita-estrella-amarilla-9.jpg","wps_subtitle":"Estrella Amarilla en 47 y 36","jetpack_sharing_enabled":true,"_links":{"self":[{"href":"https:\/\/www.hoymercedes.com.ar\/principal\/wp-json\/wp\/v2\/posts\/141120","targetHints":{"allow":["GET"]}}],"collection":[{"href":"https:\/\/www.hoymercedes.com.ar\/principal\/wp-json\/wp\/v2\/posts"}],"about":[{"href":"https:\/\/www.hoymercedes.com.ar\/principal\/wp-json\/wp\/v2\/types\/post"}],"author":[{"embeddable":true,"href":"https:\/\/www.hoymercedes.com.ar\/principal\/wp-json\/wp\/v2\/users\/1"}],"replies":[{"embeddable":true,"href":"https:\/\/www.hoymercedes.com.ar\/principal\/wp-json\/wp\/v2\/comments?post=141120"}],"version-history":[{"count":0,"href":"https:\/\/www.hoymercedes.com.ar\/principal\/wp-json\/wp\/v2\/posts\/141120\/revisions"}],"wp:featuredmedia":[{"embeddable":true,"href":"https:\/\/www.hoymercedes.com.ar\/principal\/wp-json\/wp\/v2\/media\/141131"}],"wp:attachment":[{"href":"https:\/\/www.hoymercedes.com.ar\/principal\/wp-json\/wp\/v2\/media?parent=141120"}],"wp:term":[{"taxonomy":"category","embeddable":true,"href":"https:\/\/www.hoymercedes.com.ar\/principal\/wp-json\/wp\/v2\/categories?post=141120"},{"taxonomy":"post_tag","embeddable":true,"href":"https:\/\/www.hoymercedes.com.ar\/principal\/wp-json\/wp\/v2\/tags?post=141120"}],"curies":[{"name":"wp","href":"https:\/\/api.w.org\/{rel}","templated":true}]}}