{"id":141122,"date":"2021-12-06T20:58:22","date_gmt":"2021-12-06T23:58:22","guid":{"rendered":"https:\/\/www.hoymercedes.com.ar\/principal\/?p=141122"},"modified":"2021-12-06T23:29:52","modified_gmt":"2021-12-07T02:29:52","slug":"siniestro-vial-con-desenlace-fatal-en-ruta-no5","status":"publish","type":"post","link":"https:\/\/www.hoymercedes.com.ar\/principal\/2021\/12\/06\/siniestro-vial-con-desenlace-fatal-en-ruta-no5\/","title":{"rendered":"Siniestro vial con desenlace fatal en Ruta N\u00ba5"},"content":{"rendered":"\n<p>Un siniestro vial se concret\u00f3 alrededor del mediod\u00eda en ruta nacional N\u00ba 5. El hecho fue a la altura del km 113. En el hecho perdi\u00f3 la vida un joven de 31 a\u00f1os de edad oriundo de Suipacha con familiares en Mercedes. Seg\u00fan se supo la colisi\u00f3n fue entre un autom\u00f3vil Volkswagen Gol y un Cami\u00f3n Mercedes Benz. <\/p>\n\n\n\n<div class=\"wp-block-image\"><figure class=\"aligncenter size-full\"><img loading=\"lazy\" decoding=\"async\" width=\"800\" height=\"534\" data-attachment-id=\"141159\" data-permalink=\"https:\/\/www.hoymercedes.com.ar\/principal\/2021\/12\/06\/siniestro-vial-con-desenlace-fatal-en-ruta-no5\/siniestro-suipacha-muerto\/#main\" data-orig-file=\"https:\/\/www.hoymercedes.com.ar\/principal\/wp-content\/uploads\/2021\/12\/siniestro-suipacha-muerto.jpg\" data-orig-size=\"800,534\" data-comments-opened=\"0\" data-image-meta=\"{&quot;aperture&quot;:&quot;0&quot;,&quot;credit&quot;:&quot;&quot;,&quot;camera&quot;:&quot;&quot;,&quot;caption&quot;:&quot;&quot;,&quot;created_timestamp&quot;:&quot;1638832932&quot;,&quot;copyright&quot;:&quot;&quot;,&quot;focal_length&quot;:&quot;0&quot;,&quot;iso&quot;:&quot;0&quot;,&quot;shutter_speed&quot;:&quot;0&quot;,&quot;title&quot;:&quot;&quot;,&quot;orientation&quot;:&quot;1&quot;}\" data-image-title=\"siniestro suipacha muerto\" data-image-description=\"\" data-image-caption=\"\" data-large-file=\"https:\/\/www.hoymercedes.com.ar\/principal\/wp-content\/uploads\/2021\/12\/siniestro-suipacha-muerto.jpg\" src=\"https:\/\/www.hoymercedes.com.ar\/principal\/wp-content\/uploads\/2021\/12\/siniestro-suipacha-muerto.jpg\" alt=\"\" class=\"wp-image-141159\" srcset=\"https:\/\/www.hoymercedes.com.ar\/principal\/wp-content\/uploads\/2021\/12\/siniestro-suipacha-muerto.jpg 800w, https:\/\/www.hoymercedes.com.ar\/principal\/wp-content\/uploads\/2021\/12\/siniestro-suipacha-muerto-630x421.jpg 630w, https:\/\/www.hoymercedes.com.ar\/principal\/wp-content\/uploads\/2021\/12\/siniestro-suipacha-muerto-150x100.jpg 150w\" sizes=\"auto, (max-width: 800px) 100vw, 800px\" \/><\/figure><\/div>\n\n\n\n<p>De acuerdo a la informaci\u00f3n suministrada, alrededor de las 13:50 horas de la tarde del lunes  se produjo el siniestro vial con el lamentable saldo de un joven suipachense fallecido. El siniestro se produjo a la altura del kil\u00f3metro 112.900 de la ruta nacional 5, en jurisdicci\u00f3n del partido de Mercedes, cuando impactaron violentamente, un cami\u00f3n Mercedes Benz, color blanco, dominio AKX436 con caja y acoplado playo, perteneciente a la firma de servicios agropecuarios \u201cCuatro Hojas\u201d de Suipacha, que era conducido por suipachense Brian Daniel Keegan, con un autom\u00f3vil Volkswagen Golf, color gris, dominio AC779LC que era conducido por Juan Ignacio Asenzo tambi\u00e9n domiciliado en la ciudad vecina.<\/p>\n\n\n\n<p>El sinestro se habr\u00eda producido cuando dos camiones de la empresa suipachera, que circulaban por ruta 5 en sentido Mercedes hacia Suipacha, al llegar el citado kilometro bajan hacia su banquina con intenci\u00f3n de girar hacia la izquierda atravesando la ruta para dirigirse a un campo donde est\u00e1n trabajando, siendo all\u00ed cuando el cami\u00f3n se aprestaba a cruzar la cinta asf\u00e1ltica es embestido por el Volkswagen Golf, que circulaba detr\u00e1s, cuyo conductor al advertir que el cami\u00f3n cruzaba la ruta, inicia una maniobra evasiva hacia la banquina, embistiendo violentamente la parte trasera izquierda del acoplado. Luego de lo cual el autom\u00f3vil recorre varios metros quedando detenido sobre el camino vecinal.<\/p>\n\n\n\n<p> A ra\u00edz de la violenta colisi\u00f3n, fallece en el acto el conductor del autom\u00f3vil, evento que causa gran consternaci\u00f3n en toda la comunidad de Suipacha por ser un joven muy conocido y apreciado, en tanto el chofer del cami\u00f3n result\u00f3 ileso.<\/p>\n\n\n\n<p>Investiga la Fiscal\u00eda de Mercedes. <\/p>\n\n\n\n<p>Colaboraci\u00f3n Jorge Lasala de Suipacha. <\/p>\n","protected":false},"excerpt":{"rendered":"<p>Un siniestro vial se concret\u00f3 alrededor del mediod\u00eda en ruta nacional N\u00ba 5. El hecho fue a la altura del &#8230; <a title=\"Siniestro vial con desenlace fatal en Ruta N\u00ba5\" class=\"read-more\" href=\"https:\/\/www.hoymercedes.com.ar\/principal\/2021\/12\/06\/siniestro-vial-con-desenlace-fatal-en-ruta-no5\/\" aria-label=\"Leer m\u00e1s sobre Siniestro vial con desenlace fatal en Ruta N\u00ba5\">Leer m\u00e1s<\/a><\/p>\n","protected":false},"author":1,"featured_media":141159,"comment_status":"closed","ping_status":"open","sticky":false,"template":"","format":"standard","meta":{"_monsterinsights_skip_tracking":false,"_monsterinsights_sitenote_active":false,"_monsterinsights_sitenote_note":"","_monsterinsights_sitenote_category":0,"jetpack_post_was_ever_published":false,"_jetpack_newsletter_access":"","_jetpack_dont_email_post_to_subs":false,"_jetpack_newsletter_tier_id":0,"_jetpack_memberships_contains_paywalled_content":false,"_jetpack_memberships_contains_paid_content":false,"footnotes":"","jetpack_publicize_message":"","jetpack_publicize_feature_enabled":true,"jetpack_social_post_already_shared":true,"jetpack_social_options":{"image_generator_settings":{"template":"highway","default_image_id":0,"font":"","enabled":false},"version":2},"_wpas_customize_per_network":false},"categories":[85],"tags":[10395],"class_list":["post-141122","post","type-post","status-publish","format-standard","has-post-thumbnail","hentry","category-policial","tag-siniestro-vial","generate-columns","tablet-grid-50","mobile-grid-100","grid-parent","grid-50"],"jetpack_publicize_connections":[],"jetpack_featured_media_url":"https:\/\/www.hoymercedes.com.ar\/principal\/wp-content\/uploads\/2021\/12\/siniestro-suipacha-muerto.jpg","wps_subtitle":"Desenlace fatal ","jetpack_sharing_enabled":true,"_links":{"self":[{"href":"https:\/\/www.hoymercedes.com.ar\/principal\/wp-json\/wp\/v2\/posts\/141122","targetHints":{"allow":["GET"]}}],"collection":[{"href":"https:\/\/www.hoymercedes.com.ar\/principal\/wp-json\/wp\/v2\/posts"}],"about":[{"href":"https:\/\/www.hoymercedes.com.ar\/principal\/wp-json\/wp\/v2\/types\/post"}],"author":[{"embeddable":true,"href":"https:\/\/www.hoymercedes.com.ar\/principal\/wp-json\/wp\/v2\/users\/1"}],"replies":[{"embeddable":true,"href":"https:\/\/www.hoymercedes.com.ar\/principal\/wp-json\/wp\/v2\/comments?post=141122"}],"version-history":[{"count":0,"href":"https:\/\/www.hoymercedes.com.ar\/principal\/wp-json\/wp\/v2\/posts\/141122\/revisions"}],"wp:featuredmedia":[{"embeddable":true,"href":"https:\/\/www.hoymercedes.com.ar\/principal\/wp-json\/wp\/v2\/media\/141159"}],"wp:attachment":[{"href":"https:\/\/www.hoymercedes.com.ar\/principal\/wp-json\/wp\/v2\/media?parent=141122"}],"wp:term":[{"taxonomy":"category","embeddable":true,"href":"https:\/\/www.hoymercedes.com.ar\/principal\/wp-json\/wp\/v2\/categories?post=141122"},{"taxonomy":"post_tag","embeddable":true,"href":"https:\/\/www.hoymercedes.com.ar\/principal\/wp-json\/wp\/v2\/tags?post=141122"}],"curies":[{"name":"wp","href":"https:\/\/api.w.org\/{rel}","templated":true}]}}