{"id":14114,"date":"2012-07-02T01:51:17","date_gmt":"2012-07-02T01:51:17","guid":{"rendered":"http:\/\/www.hoymercedes.com.ar\/principal\/?p=14114"},"modified":"2012-07-02T01:55:00","modified_gmt":"2012-07-02T01:55:00","slug":"38-aniversario-del-fallecimiento-del-gral-peron","status":"publish","type":"post","link":"https:\/\/www.hoymercedes.com.ar\/principal\/2012\/07\/02\/38-aniversario-del-fallecimiento-del-gral-peron\/","title":{"rendered":"38\u00b0 Aniversario del fallecimiento del Gral. Peron"},"content":{"rendered":"<p><a href=\"https:\/\/www.hoymercedes.com.ar\/principal\/wp-content\/uploads\/2012\/07\/MisaPorPer\u00f3n.jpg\"><img loading=\"lazy\" decoding=\"async\" data-attachment-id=\"14116\" data-permalink=\"https:\/\/www.hoymercedes.com.ar\/principal\/2012\/07\/02\/38-aniversario-del-fallecimiento-del-gral-peron\/misaporperon\/#main\" data-orig-file=\"https:\/\/www.hoymercedes.com.ar\/principal\/wp-content\/uploads\/2012\/07\/MisaPorPer\u00f3n.jpg\" data-orig-size=\"612,407\" data-comments-opened=\"1\" data-image-meta=\"{&quot;aperture&quot;:&quot;5&quot;,&quot;credit&quot;:&quot;&quot;,&quot;camera&quot;:&quot;NIKON D50&quot;,&quot;caption&quot;:&quot;&quot;,&quot;created_timestamp&quot;:&quot;1341172704&quot;,&quot;copyright&quot;:&quot;&quot;,&quot;focal_length&quot;:&quot;48&quot;,&quot;iso&quot;:&quot;0&quot;,&quot;shutter_speed&quot;:&quot;0.016666666666667&quot;,&quot;title&quot;:&quot;&quot;}\" data-image-title=\"MisaPorPer\u00f3n\" data-image-description=\"\" data-image-caption=\"\" data-large-file=\"https:\/\/www.hoymercedes.com.ar\/principal\/wp-content\/uploads\/2012\/07\/MisaPorPer\u00f3n.jpg\" class=\"aligncenter size-full wp-image-14116\" title=\"MisaPorPer\u00f3n\" src=\"https:\/\/www.hoymercedes.com.ar\/principal\/wp-content\/uploads\/2012\/07\/MisaPorPer\u00f3n.jpg\" alt=\"\" width=\"612\" height=\"407\" \/><\/a><\/p>\n<p>Per\u00f3n dirigi\u00f3, en la d\u00e9cada de los a\u00f1os 40, una transformaci\u00f3n social en la Argentina que, al contrario de muchos otros movimientos latinoamericanos, puede ser descrito como revoluci\u00f3n. Fue la primera vez que el trabajador fue reconocido socialmente, tiempos en que este sector comenz\u00f3 a acceder a beneficios, antes solo de la oligarqu\u00eda. Una verdadera revoluci\u00f3n hist\u00f3rica marcando un antes y un despu\u00e9s, con un factor que marco a fuego los conceptos populares del Justicialismo: la estrecha relaci\u00f3n del conductor y su pueblo, sus trabajadores, organiz\u00e1ndolos gremialmente, brindando condiciones humanas para el desarrollo del trabajo, incorporando beneficios sociales como las vacaciones, salarios. Tambien las grande obras del Siglo se destacaron bajo su gobierno, como la construcci\u00f3n de hospitales y escuelas. Una \u00e9poca de gloria de la Argentina, donde se dejaba el modelo antiguo agro exportador para implementarse la modernizaci\u00f3n del pa\u00eds y la industrializaci\u00f3n del mismo. Las banderas de este movimiento nacional peronista resumen aquella \u00e9poca: una patria socialmente justa, econ\u00f3micamente libre y pol\u00edticamente soberana.<\/p>\n<p>Pero en 1955, un golpe de estado culmina con todo lo logrado, prohibiendo todo lo referido a Peron y mand\u00e1ndolo al exilio. Alli comienza la resistencia peronista, que durar\u00eda a\u00f1os y cumplir\u00eda con varios cap\u00edtulos, hasta el retorno del eterno General Peron. Y al volver, en la d\u00e9cada del 70, encontr\u00f3 un pa\u00eds, donde hab\u00eda que hacer mucho. Donde hab\u00eda que recuperar todo aquello que se hab\u00eda logrado, y que algunos se hab\u00edan encargado de destruir. Con una edad avanzada, y con su salud delicada, fue el \u00fanico argentino que asumi\u00f3 por tercera vez, el cargo de Presidente de la Nacion. Habia mucho por hacer.<\/p>\n<p>Pero el lunes 1\u00ba de julio, a las 14.10, Mar\u00eda Estela Mart\u00ednez de Per\u00f3n \u2013en ejercicio de la presidencia desde el s\u00e1bado 29 de junio- anunci\u00f3 a todo el pa\u00eds el fallecimiento del teniente general Juan Domingo Per\u00f3n. Ese 1\u00ba de julio, por un paro card\u00edaco, el Teniente General Juan Domingo Per\u00f3n falleci\u00f3 a las 13.15hs.<\/p>\n<p>Inmediatamente despu\u00e9s de su muerte, los restos de Per\u00f3n fueron instalados en la capilla de la quinta presidencial de Olivos, vestido con uniforme militar, donde se lo vel\u00f3 hasta las 8 del d\u00eda 2. A esa hora fueron trasladados a la Catedral Metropolitana, donde arribaron a las 9.40, rez\u00e1ndose una misa de cuerpo presente. Colocado en una cure\u00f1a, el f\u00e9retro, flanqueado por granaderos, fue conducido al Palacio Legislativo. All\u00ed permaneci\u00f3 hasta las 9.30 del jueves 4.<\/p>\n<p>Se calcula que mientras el cuerpo de Per\u00f3n estuvo expuesto en el Congreso, unas 46 horas y media, desfilaron ante el f\u00e9retro casi 135 mil personas; afuera, m\u00e1s de un mill\u00f3n de argentinos quedaron sin dar el \u00faltimo adi\u00f3s a su l\u00edder. Sin embargo, y a pesar del fuerte aguacero \u2013hasta las 9 del jueves 4 llovieron sobre Buenos Aires 14 mil\u00edmetros-, una multitud incalculable se concit\u00f3 a lo largo de las avenidas Callao y del Libertador para rendir homenaje \u2013al paso del cortejo- al presidente desaparecido. Dos mil periodistas extranjeros informaron de todos los detalles de las exequias.<\/p>\n<p>En estos d\u00edas, 38 a\u00f1os despu\u00e9s, es reconocido como el m\u00e1ximo pol\u00edtico y gobernante del Siglo XX, no solo en Argentina, sino que en todas partes del mundo.<\/p>\n<p>La ciudad de Mercedes no es la excepci\u00f3n, y en la tarde del domingo se celebro una misa en la Catedral Basilica Ntra Sra de las Mercedes, por el eterno descanso de Peron. A la misma, concurrieron el Intendente Municipal Carlos Selva, quien adem\u00e1s es el Presidente del Partido Justicialista local; el Presidente del Honorable Concejo Deliberante Ing. Marcelo Denapole, funcionarios municipales, integrantes del Poder Legislativo local, integrantes de la Juventud Peronista de la Agrupacion 17 de Octubre, y un amplio numero de militantes que se sumaron en el eterno recuerdo y reconocimiento a quien se lo conoci\u00f3 tambi\u00e9n como el \u201cprimer trabajador\u201d.<\/p>\n<p><span style=\"color: #888888;\">Fuente: Municipalidad<\/span><\/p>\n","protected":false},"excerpt":{"rendered":"<p>Per\u00f3n dirigi\u00f3, en la d\u00e9cada de los a\u00f1os 40, una transformaci\u00f3n social en la Argentina que, al contrario de muchos &#8230; <a title=\"38\u00b0 Aniversario del fallecimiento del Gral. Peron\" class=\"read-more\" href=\"https:\/\/www.hoymercedes.com.ar\/principal\/2012\/07\/02\/38-aniversario-del-fallecimiento-del-gral-peron\/\" aria-label=\"Leer m\u00e1s sobre 38\u00b0 Aniversario del fallecimiento del Gral. Peron\">Leer m\u00e1s<\/a><\/p>\n","protected":false},"author":1,"featured_media":0,"comment_status":"open","ping_status":"open","sticky":false,"template":"","format":"standard","meta":{"_monsterinsights_skip_tracking":false,"_monsterinsights_sitenote_active":false,"_monsterinsights_sitenote_note":"","_monsterinsights_sitenote_category":0,"jetpack_post_was_ever_published":false,"_jetpack_newsletter_access":"","_jetpack_dont_email_post_to_subs":false,"_jetpack_newsletter_tier_id":0,"_jetpack_memberships_contains_paywalled_content":false,"_jetpack_memberships_contains_paid_content":false,"footnotes":"","jetpack_publicize_message":"","jetpack_publicize_feature_enabled":true,"jetpack_social_post_already_shared":false,"jetpack_social_options":{"image_generator_settings":{"template":"highway","default_image_id":0,"font":"","enabled":false},"version":2},"_wpas_customize_per_network":false},"categories":[5],"tags":[39,2455,2454],"class_list":["post-14114","post","type-post","status-publish","format-standard","hentry","category-politica","tag-carlos-selva","tag-mercedes-peron","tag-misa-por-peron","generate-columns","tablet-grid-50","mobile-grid-100","grid-parent","grid-50"],"jetpack_publicize_connections":[],"jetpack_featured_media_url":"","wps_subtitle":"","jetpack_sharing_enabled":true,"_links":{"self":[{"href":"https:\/\/www.hoymercedes.com.ar\/principal\/wp-json\/wp\/v2\/posts\/14114","targetHints":{"allow":["GET"]}}],"collection":[{"href":"https:\/\/www.hoymercedes.com.ar\/principal\/wp-json\/wp\/v2\/posts"}],"about":[{"href":"https:\/\/www.hoymercedes.com.ar\/principal\/wp-json\/wp\/v2\/types\/post"}],"author":[{"embeddable":true,"href":"https:\/\/www.hoymercedes.com.ar\/principal\/wp-json\/wp\/v2\/users\/1"}],"replies":[{"embeddable":true,"href":"https:\/\/www.hoymercedes.com.ar\/principal\/wp-json\/wp\/v2\/comments?post=14114"}],"version-history":[{"count":0,"href":"https:\/\/www.hoymercedes.com.ar\/principal\/wp-json\/wp\/v2\/posts\/14114\/revisions"}],"wp:attachment":[{"href":"https:\/\/www.hoymercedes.com.ar\/principal\/wp-json\/wp\/v2\/media?parent=14114"}],"wp:term":[{"taxonomy":"category","embeddable":true,"href":"https:\/\/www.hoymercedes.com.ar\/principal\/wp-json\/wp\/v2\/categories?post=14114"},{"taxonomy":"post_tag","embeddable":true,"href":"https:\/\/www.hoymercedes.com.ar\/principal\/wp-json\/wp\/v2\/tags?post=14114"}],"curies":[{"name":"wp","href":"https:\/\/api.w.org\/{rel}","templated":true}]}}