{"id":141270,"date":"2021-12-10T16:48:00","date_gmt":"2021-12-10T19:48:00","guid":{"rendered":"https:\/\/www.hoymercedes.com.ar\/principal\/?p=141270"},"modified":"2021-12-10T21:25:38","modified_gmt":"2021-12-11T00:25:38","slug":"acuerdo-para-provincializar-el-hospital-de-lujan","status":"publish","type":"post","link":"https:\/\/www.hoymercedes.com.ar\/principal\/2021\/12\/10\/acuerdo-para-provincializar-el-hospital-de-lujan\/","title":{"rendered":"Acuerdo para provincializar el Hospital de Luj\u00e1n"},"content":{"rendered":"\n<p>El gobernador de la provincia de Buenos Aires, Axel Kicillof, suscribi\u00f3 ejunto al ministro de Salud, Nicol\u00e1s Kreplak, y el intendente de Luj\u00e1n, Leonardo Boto, un acta de compromiso para iniciar el proceso de provincializaci\u00f3n del Hospital Municipal Nuestra Se\u00f1ora de Luj\u00e1n de ese distrito.<\/p>\n\n\n\n<figure class=\"wp-block-image size-full\"><img loading=\"lazy\" decoding=\"async\" width=\"800\" height=\"533\" data-attachment-id=\"141271\" data-permalink=\"https:\/\/www.hoymercedes.com.ar\/principal\/2021\/12\/10\/acuerdo-para-provincializar-el-hospital-de-lujan\/2021_12_10_ak_firma-con-botto_006\/#main\" data-orig-file=\"https:\/\/www.hoymercedes.com.ar\/principal\/wp-content\/uploads\/2021\/12\/2021_12_10_AK_Firma-con-Botto_006.jpg\" data-orig-size=\"800,533\" data-comments-opened=\"0\" data-image-meta=\"{&quot;aperture&quot;:&quot;0&quot;,&quot;credit&quot;:&quot;&quot;,&quot;camera&quot;:&quot;&quot;,&quot;caption&quot;:&quot;&quot;,&quot;created_timestamp&quot;:&quot;1639140819&quot;,&quot;copyright&quot;:&quot;&quot;,&quot;focal_length&quot;:&quot;0&quot;,&quot;iso&quot;:&quot;0&quot;,&quot;shutter_speed&quot;:&quot;0&quot;,&quot;title&quot;:&quot;&quot;,&quot;orientation&quot;:&quot;0&quot;}\" data-image-title=\"2021_12_10_AK_Firma con Botto_006\" data-image-description=\"\" data-image-caption=\"\" data-large-file=\"https:\/\/www.hoymercedes.com.ar\/principal\/wp-content\/uploads\/2021\/12\/2021_12_10_AK_Firma-con-Botto_006.jpg\" src=\"https:\/\/www.hoymercedes.com.ar\/principal\/wp-content\/uploads\/2021\/12\/2021_12_10_AK_Firma-con-Botto_006.jpg\" alt=\"\" class=\"wp-image-141271\" srcset=\"https:\/\/www.hoymercedes.com.ar\/principal\/wp-content\/uploads\/2021\/12\/2021_12_10_AK_Firma-con-Botto_006.jpg 800w, https:\/\/www.hoymercedes.com.ar\/principal\/wp-content\/uploads\/2021\/12\/2021_12_10_AK_Firma-con-Botto_006-630x420.jpg 630w, https:\/\/www.hoymercedes.com.ar\/principal\/wp-content\/uploads\/2021\/12\/2021_12_10_AK_Firma-con-Botto_006-150x100.jpg 150w, https:\/\/www.hoymercedes.com.ar\/principal\/wp-content\/uploads\/2021\/12\/2021_12_10_AK_Firma-con-Botto_006-700x465.jpg 700w\" sizes=\"auto, (max-width: 800px) 100vw, 800px\" \/><\/figure>\n\n\n\n<p>\u201cEs una decisi\u00f3n conjunta e hist\u00f3rica, una soluci\u00f3n definitiva que busca jerarquizar el servicio de salud, mejorar su capacidad operativa, impulsar inversiones en equipamiento e infraestructura, as\u00ed como garantizar la integralidad y complejidad de las prestaciones que se brindan a la comunidad\u201d, destacaron desde el gobierno de Luj\u00e1n.<\/p>\n\n\n\n<p>Dentro del esquema de gesti\u00f3n sanitaria impulsado por el gobierno de la Provincia, los municipios ubicados en el \u00c1rea Metropolitana de Buenos Aires son responsables de la Atenci\u00f3n Primaria de la Salud (APS), mientras que la Provincia busca llevar adelante el segundo nivel de atenci\u00f3n Hospitalario para garantizar un sistema integral, articulado y solidario, e impulsar inversiones que exceden las capacidades presupuestarias de los municipios.<\/p>\n\n\n\n<p>\u201cEl Hospital es un centro sanitario de alcance regional por su buena vinculaci\u00f3n con distritos vecinos, lo cual implica que gran parte de los aportes que realizan los contribuyentes lujanenses termina financiando dicho esfuerzo. Esta iniciativa viene a reordenar ese esquema de financiamiento, permitiendo que el Municipio oriente su presupuesto a la atenci\u00f3n primaria y la Provincia financie la complejidad del segundo nivel de atenci\u00f3n. De este modo, el Municipio podr\u00e1 mejorar la atenci\u00f3n descentralizada en barrios y localidades, mientras que la Provincia invertir\u00e1 en las cuestiones estructurales que necesita el Hospital. Se abre una nueva etapa para el sistema de salud de las y los lujanenses\u201d, valor\u00f3 el intendente Boto.<\/p>\n\n\n\n<p>En este sentido, los gastos operativos del Hospital alcanzan un 35 por ciento del Presupuesto General del Municipio, que significa una inversi\u00f3n anual superior a los mil millones de pesos. De este monto, el 75 por ciento se destina a recursos humanos y el 25 por ciento restante al pago de proveedores, limitando las perspectivas del Municipio para impulsar grandes inversiones en materia de infraestructura y equipamiento.<\/p>\n\n\n\n<p>\u201cA pesar de este cuadro, en estos dos a\u00f1os de gesti\u00f3n hemos duplicado la inversi\u00f3n en el Hospital con respecto al per\u00edodo 2018-2019, desarrollando una serie de intervenciones por m\u00e1s de 100 millones de pesos que fueron financiadas \u00edntegramente con recursos propios. No solo hemos sumado cuatro nuevas habitaciones de Internaci\u00f3n Cl\u00ednica y ampliado las instalaciones del \u00e1rea de Pediatr\u00eda, sino que tambi\u00e9n mejoramos los Consultorios Externos y el \u00e1rea de Admisi\u00f3n de Pacientes. Son obras muy necesarias y esperadas desde hace tiempo, que iniciaron el camino de modernizaci\u00f3n y crecimiento que hoy se profundiza con la gesti\u00f3n conjunta con la Provincia\u201d, complet\u00f3 Boto.<\/p>\n\n\n\n<p><strong>La Provincia asumir\u00e1 la financiaci\u00f3n del Hospital<\/strong><\/p>\n\n\n\n<p>Con el prop\u00f3sito de acompa\u00f1ar y profundizar esta iniciativa, el Gobierno Provincial incluir\u00e1 al Hospital de Luj\u00e1n en el Master Plan de Inversiones 2022-2023.<\/p>\n\n\n\n<p>Entre las principales obras previstas en la planificaci\u00f3n se cuentan la renovaci\u00f3n del equipamiento quir\u00fargico, la incorporaci\u00f3n de equipamiento de diagn\u00f3stico por im\u00e1genes, entre ellos un Tom\u00f3grafo, y el mejoramiento de la Guardia.<\/p>\n\n\n\n<p>Por otra parte, a partir de esta iniciativa del Gobierno Provincial se logra garantizar la estabilidad y las condiciones laborales de cada trabajador y trabajadora del centro sanitario, que mantendr\u00e1n sus ingresos, su carrera y sus condiciones jubilatorias, adem\u00e1s de mejorar sus condiciones laborales a partir de las inversiones pautadas.<\/p>\n\n\n\n<p>\u201cDesde el primer momento que recibimos la propuesta del Gobernador nos ocupamos de garantizar las condiciones de las y los trabajadores del Hospital, por eso queremos transmitirles tranquilidad para que sepan que mantendr\u00e1n todos sus derechos. El proyecto de Hospital que pensamos para los pr\u00f3ximos a\u00f1os contempla inversiones que buscan optimizar la atenci\u00f3n de los usuarios y tambi\u00e9n mejorar las condiciones laborales de los trabajadores, a la altura del esfuerzo que hacen d\u00eda a d\u00eda. Estamos tomando una decisi\u00f3n hist\u00f3rica e integral que viene a solucionar los problemas estructurales de nuestro querido Hospital\u201d, agreg\u00f3 Boto.<\/p>\n\n\n\n<p>Fuente: Luj\u00e1n Hoy<\/p>\n","protected":false},"excerpt":{"rendered":"<p>El gobernador de la provincia de Buenos Aires, Axel Kicillof, suscribi\u00f3 ejunto al ministro de Salud, Nicol\u00e1s Kreplak, y el &#8230; <a title=\"Acuerdo para provincializar el Hospital de Luj\u00e1n\" class=\"read-more\" href=\"https:\/\/www.hoymercedes.com.ar\/principal\/2021\/12\/10\/acuerdo-para-provincializar-el-hospital-de-lujan\/\" aria-label=\"Leer m\u00e1s sobre Acuerdo para provincializar el Hospital de Luj\u00e1n\">Leer m\u00e1s<\/a><\/p>\n","protected":false},"author":1,"featured_media":141271,"comment_status":"closed","ping_status":"open","sticky":false,"template":"","format":"standard","meta":{"_monsterinsights_skip_tracking":false,"_monsterinsights_sitenote_active":false,"_monsterinsights_sitenote_note":"","_monsterinsights_sitenote_category":0,"jetpack_post_was_ever_published":false,"_jetpack_newsletter_access":"","_jetpack_dont_email_post_to_subs":false,"_jetpack_newsletter_tier_id":0,"_jetpack_memberships_contains_paywalled_content":false,"_jetpack_memberships_contains_paid_content":false,"footnotes":"","jetpack_publicize_message":"","jetpack_publicize_feature_enabled":true,"jetpack_social_post_already_shared":true,"jetpack_social_options":{"image_generator_settings":{"template":"highway","default_image_id":0,"font":"","enabled":false},"version":2},"_wpas_customize_per_network":false},"categories":[8881],"tags":[1803,9322],"class_list":["post-141270","post","type-post","status-publish","format-standard","has-post-thumbnail","hentry","category-provincia","tag-provincia","tag-region","generate-columns","tablet-grid-50","mobile-grid-100","grid-parent","grid-50"],"jetpack_publicize_connections":[],"jetpack_featured_media_url":"https:\/\/www.hoymercedes.com.ar\/principal\/wp-content\/uploads\/2021\/12\/2021_12_10_AK_Firma-con-Botto_006.jpg","wps_subtitle":"Sistema sanitario en la regi\u00f3n","jetpack_sharing_enabled":true,"_links":{"self":[{"href":"https:\/\/www.hoymercedes.com.ar\/principal\/wp-json\/wp\/v2\/posts\/141270","targetHints":{"allow":["GET"]}}],"collection":[{"href":"https:\/\/www.hoymercedes.com.ar\/principal\/wp-json\/wp\/v2\/posts"}],"about":[{"href":"https:\/\/www.hoymercedes.com.ar\/principal\/wp-json\/wp\/v2\/types\/post"}],"author":[{"embeddable":true,"href":"https:\/\/www.hoymercedes.com.ar\/principal\/wp-json\/wp\/v2\/users\/1"}],"replies":[{"embeddable":true,"href":"https:\/\/www.hoymercedes.com.ar\/principal\/wp-json\/wp\/v2\/comments?post=141270"}],"version-history":[{"count":0,"href":"https:\/\/www.hoymercedes.com.ar\/principal\/wp-json\/wp\/v2\/posts\/141270\/revisions"}],"wp:featuredmedia":[{"embeddable":true,"href":"https:\/\/www.hoymercedes.com.ar\/principal\/wp-json\/wp\/v2\/media\/141271"}],"wp:attachment":[{"href":"https:\/\/www.hoymercedes.com.ar\/principal\/wp-json\/wp\/v2\/media?parent=141270"}],"wp:term":[{"taxonomy":"category","embeddable":true,"href":"https:\/\/www.hoymercedes.com.ar\/principal\/wp-json\/wp\/v2\/categories?post=141270"},{"taxonomy":"post_tag","embeddable":true,"href":"https:\/\/www.hoymercedes.com.ar\/principal\/wp-json\/wp\/v2\/tags?post=141270"}],"curies":[{"name":"wp","href":"https:\/\/api.w.org\/{rel}","templated":true}]}}