{"id":141291,"date":"2021-12-11T10:00:00","date_gmt":"2021-12-11T13:00:00","guid":{"rendered":"https:\/\/www.hoymercedes.com.ar\/principal\/?p=141291"},"modified":"2021-12-11T10:02:15","modified_gmt":"2021-12-11T13:02:15","slug":"pedido-de-justicia-por-chinchu-rodriguez","status":"publish","type":"post","link":"https:\/\/www.hoymercedes.com.ar\/principal\/2021\/12\/11\/pedido-de-justicia-por-chinchu-rodriguez\/","title":{"rendered":"Pedido de justicia por \u00abChinchu\u00bb Rodr\u00edguez"},"content":{"rendered":"\n<p>Familiares, amigos y vecinos se reunieron en la esquina 29 y 34 con un objetivo, reclamar justicia por Esteban Nicol\u00e1s \u00abChinchu\u00bb Rodr\u00edguez que en la madrugada del domingo 28 recibiera una descarga el\u00e9ctrica y falleciera en esa esquina. El abogado cont\u00f3 c\u00f3mo fue el hecho gracias a las c\u00e1maras municipales que lo captaron y explic\u00f3 que se est\u00e1n convocando a testigos para declarar en la causa que investiga el fiscal Villalba. <\/p>\n\n\n\n<div class=\"wp-block-image\"><figure class=\"aligncenter size-full\"><img loading=\"lazy\" decoding=\"async\" width=\"800\" height=\"533\" data-attachment-id=\"141301\" data-permalink=\"https:\/\/www.hoymercedes.com.ar\/principal\/2021\/12\/11\/pedido-de-justicia-por-chinchu-rodriguez\/marcha-chinchu-2\/#main\" data-orig-file=\"https:\/\/www.hoymercedes.com.ar\/principal\/wp-content\/uploads\/2021\/12\/marcha-chinchu-2.jpg\" data-orig-size=\"800,533\" data-comments-opened=\"0\" data-image-meta=\"{&quot;aperture&quot;:&quot;0&quot;,&quot;credit&quot;:&quot;&quot;,&quot;camera&quot;:&quot;&quot;,&quot;caption&quot;:&quot;&quot;,&quot;created_timestamp&quot;:&quot;1639164110&quot;,&quot;copyright&quot;:&quot;&quot;,&quot;focal_length&quot;:&quot;0&quot;,&quot;iso&quot;:&quot;0&quot;,&quot;shutter_speed&quot;:&quot;0&quot;,&quot;title&quot;:&quot;&quot;,&quot;orientation&quot;:&quot;1&quot;}\" data-image-title=\"marcha chinchu 2\" data-image-description=\"\" data-image-caption=\"&lt;p&gt;Foto de Archivo. La familia y amigos en reclamo de justicia por la muerte de Chinchu&lt;\/p&gt;\n\" data-large-file=\"https:\/\/www.hoymercedes.com.ar\/principal\/wp-content\/uploads\/2021\/12\/marcha-chinchu-2.jpg\" src=\"https:\/\/www.hoymercedes.com.ar\/principal\/wp-content\/uploads\/2021\/12\/marcha-chinchu-2.jpg\" alt=\"\" class=\"wp-image-141301\" srcset=\"https:\/\/www.hoymercedes.com.ar\/principal\/wp-content\/uploads\/2021\/12\/marcha-chinchu-2.jpg 800w, https:\/\/www.hoymercedes.com.ar\/principal\/wp-content\/uploads\/2021\/12\/marcha-chinchu-2-630x420.jpg 630w, https:\/\/www.hoymercedes.com.ar\/principal\/wp-content\/uploads\/2021\/12\/marcha-chinchu-2-150x100.jpg 150w, https:\/\/www.hoymercedes.com.ar\/principal\/wp-content\/uploads\/2021\/12\/marcha-chinchu-2-700x465.jpg 700w\" sizes=\"auto, (max-width: 800px) 100vw, 800px\" \/><\/figure><\/div>\n\n\n\n<p>El silencio, cortado por las l\u00e1grimas y sollozos de los presentes, colm\u00f3 la intersecci\u00f3n de la avenida 29 y calle 34. La esquina donde fue el hecho se encuentra marcada con cintas de peligro. No obstante, la familia y amigos fueron junt\u00e1ndose en la mano de enfrente para unificar el reclamo familiar ante la muerte del joven de 24 a\u00f1os, futbolista. Vecinos de la zona y amigos de amigos, fueron reuni\u00e9ndose para hacer visible el pedido de justicia. <\/p>\n\n\n\n<p>Su padre, Roque Rodr\u00edguez, aprovech\u00f3 unos minutos para dirigirse ante los presentes: \u00abEsto es Esteban. Gracias por esto. No fue un accidente, no fue un accidente. Vamos a luchar para que nos vuelva a pasar esto. Hoy nos toc\u00f3 a nosotros. No queremos que le toque m\u00e1s a nadie. Gracias por el apoyo. Que Dios los bendiga a todos. No tenemos m\u00e1s palabras para semejante dolor que tenemos\u00bb. Entre aplausos y el grito de \u00abjusticia\u00bb, los presentes fueron abrazando a sus padres, a sus hermanos, a la pareja de Esteban que entre l\u00e1grimas siguieron en silencio y esbozando una agradecimiento ante las palabras de aliento de los presentes. <\/p>\n\n\n\n<p>En el lugar, el abogado de la familia Natalio Nicodemo, cont\u00f3 que dos c\u00e1maras de seguridad del municipio registraron el hecho. Una principalmente muestra c\u00f3mo \u00abChinchu\u00bb a la 1:53 del domingo, hab\u00eda llovizna, cruza la calle 34 y al pisar la rampa se habr\u00eda trastabillado, no llega a caerse, pero al irse a un costado golpea su cara con el poste de luz de hierro y con una placa de metal recubriendo una parte. En ese momento s\u00ed, el cae, sus piernas quedan en la calle y su cuerpo en la rampa. Ambas filmaciones fueron presentadas ante la Fiscal\u00eda que pidi\u00f3 al Municipio que presente la de los d\u00edas previos. <\/p>\n\n\n\n<div class=\"wp-block-image\"><figure class=\"aligncenter size-full\"><img loading=\"lazy\" decoding=\"async\" width=\"800\" height=\"533\" data-attachment-id=\"141299\" data-permalink=\"https:\/\/www.hoymercedes.com.ar\/principal\/2021\/12\/11\/pedido-de-justicia-por-chinchu-rodriguez\/marcha-chinchu-4\/#main\" data-orig-file=\"https:\/\/www.hoymercedes.com.ar\/principal\/wp-content\/uploads\/2021\/12\/marcha-chinchu-4.jpg\" data-orig-size=\"800,533\" data-comments-opened=\"0\" data-image-meta=\"{&quot;aperture&quot;:&quot;0&quot;,&quot;credit&quot;:&quot;&quot;,&quot;camera&quot;:&quot;&quot;,&quot;caption&quot;:&quot;&quot;,&quot;created_timestamp&quot;:&quot;1639164228&quot;,&quot;copyright&quot;:&quot;&quot;,&quot;focal_length&quot;:&quot;0&quot;,&quot;iso&quot;:&quot;0&quot;,&quot;shutter_speed&quot;:&quot;0&quot;,&quot;title&quot;:&quot;&quot;,&quot;orientation&quot;:&quot;1&quot;}\" data-image-title=\"marcha chinchu 4\" data-image-description=\"\" data-image-caption=\"\" data-large-file=\"https:\/\/www.hoymercedes.com.ar\/principal\/wp-content\/uploads\/2021\/12\/marcha-chinchu-4.jpg\" src=\"https:\/\/www.hoymercedes.com.ar\/principal\/wp-content\/uploads\/2021\/12\/marcha-chinchu-4.jpg\" alt=\"\" class=\"wp-image-141299\" srcset=\"https:\/\/www.hoymercedes.com.ar\/principal\/wp-content\/uploads\/2021\/12\/marcha-chinchu-4.jpg 800w, https:\/\/www.hoymercedes.com.ar\/principal\/wp-content\/uploads\/2021\/12\/marcha-chinchu-4-630x420.jpg 630w, https:\/\/www.hoymercedes.com.ar\/principal\/wp-content\/uploads\/2021\/12\/marcha-chinchu-4-150x100.jpg 150w, https:\/\/www.hoymercedes.com.ar\/principal\/wp-content\/uploads\/2021\/12\/marcha-chinchu-4-700x465.jpg 700w\" sizes=\"auto, (max-width: 800px) 100vw, 800px\" \/><\/figure><\/div>\n\n\n\n<p>\u00abHemos avanzado con varias medidas de pruebas que ofrecimos ante la Fiscal\u00eda. La misma Fiscal\u00eda el mismo domingo empez\u00f3 con medidas. Una de ellas fue la pericia t\u00e9cnico-cient\u00edfica de lo que pas\u00f3. Esa pericia arranc\u00f3 el lunes siguiente y este jueves estuvimos con el Ingeniero Vitetta, el encargado de hacer la pericia designada por el Fiscal. Si bien no present\u00f3 ning\u00fan informe, quiso ver algunas cosas que le quedaron pendiente del lado de enfrente. Seguramente, estimo yo, alg\u00fan tipo de incidencia que tuvo la conexi\u00f3n \u00e1erea. Ser\u00e1 la pericia la que pueda determinar la causa\u00bb, expres\u00f3 el abogado Nicodemo. <\/p>\n\n\n\n<p>No obstante, el representante de la familia afirma que \u00abno hay dudas\u00bb de que la columna de hierro revestida en chapa fue la causa de la muerte de Esteban Rodr\u00edguez. \u00abTenemos el video nosotros captado por la c\u00e1mara de seguridad que est\u00e1 en el \u00e1rbol del kiosko. La c\u00e1mara que est\u00e1 sobre la pa\u00f1alera tambi\u00e9n capt\u00f3 el hecho. Pero en la primera se ve toda la secuencia de lo que pas\u00f3. No solo lo de Esteban, sino que tambi\u00e9n unos cuatro minutos antes pasan un grupo de chicos. Uno de ellos roza con el codo la columna y le da una descarga porque se ve que mira la columna, pero siguen caminando. Minutos despu\u00e9s pasa Esteban que trastabilla en la rampa, su cara queda pegada al poste y queda varios minutos recibiendo la descarga. Tuvimos que ver el video, es muy doloroso y terrible\u00bb, agreg\u00f3 Nicodemo. <\/p>\n\n\n\n<p>Asimismo, el abogado cont\u00f3 que el mismo domingo del hecho, empleados de la empresa EDEN fueron convocados a declarar. \u00abEl Jefe de las Cuadrillas de EDEN y el que le sigue, el segundo, hicieron una declaraci\u00f3n. Tengo una reserva para hacer, no quiero expedirme hasta que no est\u00e9n todas las pruebas. Pero de esas declaraciones, yo saco elementos muy importantes. La causa est\u00e1 con medidas agregadas. Otras est\u00e1n pedidas y pendientes que son muy importantes. Desde ya afirmamos que esto no fue un accidente. Hoy est\u00e1 calificado como &#8216;averiguaci\u00f3n de causales de muerte&#8217;, pero yo creo que esto es un homicidio. Despu\u00e9s veremos qu\u00e9 tipo de homicidio, si fue culposo por negligencia, o qu\u00e9. Son cosas que analizaremos cuando tengamos todas las pruebas. Pero no tenemos duda de que esto no es un accidente porque es un hecho evitable. Es un delito\u00bb, agreg\u00f3 el abogado Natalio Nicodemo. <\/p>\n\n\n\n<div class=\"wp-block-image\"><figure class=\"aligncenter size-full\"><img loading=\"lazy\" decoding=\"async\" width=\"800\" height=\"533\" data-attachment-id=\"141300\" data-permalink=\"https:\/\/www.hoymercedes.com.ar\/principal\/2021\/12\/11\/pedido-de-justicia-por-chinchu-rodriguez\/marcha-chinchu-3\/#main\" data-orig-file=\"https:\/\/www.hoymercedes.com.ar\/principal\/wp-content\/uploads\/2021\/12\/marcha-chinchu-3.jpg\" data-orig-size=\"800,533\" data-comments-opened=\"0\" data-image-meta=\"{&quot;aperture&quot;:&quot;0&quot;,&quot;credit&quot;:&quot;&quot;,&quot;camera&quot;:&quot;&quot;,&quot;caption&quot;:&quot;&quot;,&quot;created_timestamp&quot;:&quot;1639163647&quot;,&quot;copyright&quot;:&quot;&quot;,&quot;focal_length&quot;:&quot;0&quot;,&quot;iso&quot;:&quot;0&quot;,&quot;shutter_speed&quot;:&quot;0&quot;,&quot;title&quot;:&quot;&quot;,&quot;orientation&quot;:&quot;1&quot;}\" data-image-title=\"marcha chinchu 3\" data-image-description=\"\" data-image-caption=\"\" data-large-file=\"https:\/\/www.hoymercedes.com.ar\/principal\/wp-content\/uploads\/2021\/12\/marcha-chinchu-3.jpg\" src=\"https:\/\/www.hoymercedes.com.ar\/principal\/wp-content\/uploads\/2021\/12\/marcha-chinchu-3.jpg\" alt=\"\" class=\"wp-image-141300\" srcset=\"https:\/\/www.hoymercedes.com.ar\/principal\/wp-content\/uploads\/2021\/12\/marcha-chinchu-3.jpg 800w, https:\/\/www.hoymercedes.com.ar\/principal\/wp-content\/uploads\/2021\/12\/marcha-chinchu-3-630x420.jpg 630w, https:\/\/www.hoymercedes.com.ar\/principal\/wp-content\/uploads\/2021\/12\/marcha-chinchu-3-150x100.jpg 150w, https:\/\/www.hoymercedes.com.ar\/principal\/wp-content\/uploads\/2021\/12\/marcha-chinchu-3-700x465.jpg 700w\" sizes=\"auto, (max-width: 800px) 100vw, 800px\" \/><\/figure><\/div>\n","protected":false},"excerpt":{"rendered":"<p>Familiares, amigos y vecinos se reunieron en la esquina 29 y 34 con un objetivo, reclamar justicia por Esteban Nicol\u00e1s &#8230; <a title=\"Pedido de justicia por \u00abChinchu\u00bb Rodr\u00edguez\" class=\"read-more\" href=\"https:\/\/www.hoymercedes.com.ar\/principal\/2021\/12\/11\/pedido-de-justicia-por-chinchu-rodriguez\/\" aria-label=\"Leer m\u00e1s sobre Pedido de justicia por \u00abChinchu\u00bb Rodr\u00edguez\">Leer m\u00e1s<\/a><\/p>\n","protected":false},"author":1,"featured_media":141300,"comment_status":"closed","ping_status":"open","sticky":false,"template":"","format":"standard","meta":{"_monsterinsights_skip_tracking":false,"_monsterinsights_sitenote_active":false,"_monsterinsights_sitenote_note":"","_monsterinsights_sitenote_category":0,"jetpack_post_was_ever_published":false,"_jetpack_newsletter_access":"","_jetpack_dont_email_post_to_subs":false,"_jetpack_newsletter_tier_id":0,"_jetpack_memberships_contains_paywalled_content":false,"_jetpack_memberships_contains_paid_content":false,"footnotes":"","jetpack_publicize_message":"","jetpack_publicize_feature_enabled":true,"jetpack_social_post_already_shared":true,"jetpack_social_options":{"image_generator_settings":{"template":"highway","default_image_id":0,"font":"","enabled":false},"version":2},"_wpas_customize_per_network":false},"categories":[85],"tags":[],"class_list":["post-141291","post","type-post","status-publish","format-standard","has-post-thumbnail","hentry","category-policial","generate-columns","tablet-grid-50","mobile-grid-100","grid-parent","grid-50"],"jetpack_publicize_connections":[],"jetpack_featured_media_url":"https:\/\/www.hoymercedes.com.ar\/principal\/wp-content\/uploads\/2021\/12\/marcha-chinchu-3.jpg","wps_subtitle":"Reclamo de la familia y amigos","jetpack_sharing_enabled":true,"_links":{"self":[{"href":"https:\/\/www.hoymercedes.com.ar\/principal\/wp-json\/wp\/v2\/posts\/141291","targetHints":{"allow":["GET"]}}],"collection":[{"href":"https:\/\/www.hoymercedes.com.ar\/principal\/wp-json\/wp\/v2\/posts"}],"about":[{"href":"https:\/\/www.hoymercedes.com.ar\/principal\/wp-json\/wp\/v2\/types\/post"}],"author":[{"embeddable":true,"href":"https:\/\/www.hoymercedes.com.ar\/principal\/wp-json\/wp\/v2\/users\/1"}],"replies":[{"embeddable":true,"href":"https:\/\/www.hoymercedes.com.ar\/principal\/wp-json\/wp\/v2\/comments?post=141291"}],"version-history":[{"count":0,"href":"https:\/\/www.hoymercedes.com.ar\/principal\/wp-json\/wp\/v2\/posts\/141291\/revisions"}],"wp:featuredmedia":[{"embeddable":true,"href":"https:\/\/www.hoymercedes.com.ar\/principal\/wp-json\/wp\/v2\/media\/141300"}],"wp:attachment":[{"href":"https:\/\/www.hoymercedes.com.ar\/principal\/wp-json\/wp\/v2\/media?parent=141291"}],"wp:term":[{"taxonomy":"category","embeddable":true,"href":"https:\/\/www.hoymercedes.com.ar\/principal\/wp-json\/wp\/v2\/categories?post=141291"},{"taxonomy":"post_tag","embeddable":true,"href":"https:\/\/www.hoymercedes.com.ar\/principal\/wp-json\/wp\/v2\/tags?post=141291"}],"curies":[{"name":"wp","href":"https:\/\/api.w.org\/{rel}","templated":true}]}}