{"id":141410,"date":"2021-12-13T19:11:12","date_gmt":"2021-12-13T22:11:12","guid":{"rendered":"https:\/\/www.hoymercedes.com.ar\/principal\/?p=141410"},"modified":"2021-12-13T19:11:19","modified_gmt":"2021-12-13T22:11:19","slug":"lujan-violento-intento-de-robo-con-toma-de-rehenes","status":"publish","type":"post","link":"https:\/\/www.hoymercedes.com.ar\/principal\/2021\/12\/13\/lujan-violento-intento-de-robo-con-toma-de-rehenes\/","title":{"rendered":"Luj\u00e1n: Violento intento de robo con toma de rehenes"},"content":{"rendered":"\n<p>Una familia de barrio Loreto fue sometida y secuestrada por delincuentes que ingresaron a su casa cuando dorm\u00edan. El hecho termin\u00f3 en J\u00e1uregui y un hombre fue golpeado.<\/p>\n\n\n\n<p>l s\u00e1bado a la madrugada se produjo un violento intento de robo y toma de rehenes que comenz\u00f3 en el barrio Loreto y finaliz\u00f3 en la localidad de J\u00e1uregui. Cerca de las 4 de la madrugada, una familia compuesta por un matrimonio y una hija de 8 a\u00f1os, fue sorprendida cuando dorm\u00eda por los propios delincuentes que ya se encontraban en el interior de su vivienda ubicada en barrio Loreto. Los ladrones forzaron una reja de una de las ventanas para poder ingresar.<\/p>\n\n\n\n<p>A partir de all\u00ed comenz\u00f3 un drama psicol\u00f3gico que se extender\u00eda por m\u00e1s de una hora. Los ladrones, que seg\u00fan pudo saber EL CIVISMO eran al menos tres y se encontraban armados, sometieron a la familia y le exigieron que entregara una suma importante de dinero que presuntamente se encontraba escondida en la casa.<\/p>\n\n\n\n<p>No fue un hecho al voleo. Qued\u00f3 claro para la Polic\u00eda y las v\u00edctimas que los delincuentes contaban con cierta informaci\u00f3n. El problema fue que el dato era incorrecto y ese dinero no exist\u00eda.<\/p>\n\n\n\n<p>De esta forma, ante la insistencia de las v\u00edctimas en asegurarles que no ten\u00edan la plata, revolvieron toda la casa durante una hora con la familia maniatada. Incluso el hombre le ofreci\u00f3 su tarjeta de d\u00e9bito e ir a un cajero para retirar todo lo que ten\u00eda en su cuenta. Pero los ladrones se negaron.<\/p>\n\n\n\n<p>De acuerdo a fuentes consultadas por este medio, los malvivientes ten\u00edan alrededor de 30 a\u00f1os, actuaron armados y llevaban barbijos y gorros que imped\u00edan ver con claridad sus rostros. De todas maneras, hasta all\u00ed no se comportaron de forma extremadamente violenta.<\/p>\n\n\n\n<p>Las cosas se complicaron cuando los delincuentes decidieron ir en busca del dinero a la casa del padre de la mujer, la familia D\u2019Amico, en la localidad de J\u00e1uregui, un apellido muy conocido y apreciado en el pueblo que el a\u00f1o pasado debi\u00f3 cerrar su panader\u00eda.<\/p>\n\n\n\n<p>De este modo, los ladrones se subieron al Ford Taunus con las v\u00edctimas en su interior y emprendieron camino hacia el domicilio de D\u2019Amico. Al llegar, Dar\u00edo D\u2019Amico se encontraba despierto y escuch\u00f3 los gritos desesperados de su hija que ped\u00edan que le abrieran la puerta. Cuando lo hizo, uno de los delincuentes se le abalanz\u00f3 e intent\u00f3 someterlo. Pero Dar\u00edo se resisti\u00f3 y comenz\u00f3 una pelea que lo dej\u00f3 con un corte en la cabeza y golpes en la espalda y las piernas.<\/p>\n\n\n\n<p>Ante esta dram\u00e1tica escena, la esposa de Dar\u00edo D\u2019Amico logr\u00f3 salir por la puerta del frente de la casa a los gritos en busca de ayuda de alg\u00fan vecino. Ante ello, los delincuentes decidieron emprender la fuga sin llevarse nada. M\u00e1s tarde la Polic\u00eda encontr\u00f3 abandonado el Ford Taunus no muy lejos de all\u00ed. Lo que hace suponer que fueron escoltados por otro auto.<\/p>\n\n\n\n<p><a href=\"Info: El Civismo \/ Patricio Grande\" data-type=\"URL\" data-id=\"Info: El Civismo \/ Patricio Grande\">Info: El Civismo \/ <\/a><a href=\"https:\/\/www.elcivismo.com.ar\/notas\/45789\/violento-intento-de-robo-con-toma-de-rehenes.html\" target=\"_blank\" rel=\"noopener\">Patricio Grande<\/a><\/p>\n","protected":false},"excerpt":{"rendered":"<p>Una familia de barrio Loreto fue sometida y secuestrada por delincuentes que ingresaron a su casa cuando dorm\u00edan. El hecho &#8230; <a title=\"Luj\u00e1n: Violento intento de robo con toma de rehenes\" class=\"read-more\" href=\"https:\/\/www.hoymercedes.com.ar\/principal\/2021\/12\/13\/lujan-violento-intento-de-robo-con-toma-de-rehenes\/\" aria-label=\"Leer m\u00e1s sobre Luj\u00e1n: Violento intento de robo con toma de rehenes\">Leer m\u00e1s<\/a><\/p>\n","protected":false},"author":1,"featured_media":141411,"comment_status":"closed","ping_status":"open","sticky":false,"template":"","format":"standard","meta":{"_monsterinsights_skip_tracking":false,"_monsterinsights_sitenote_active":false,"_monsterinsights_sitenote_note":"","_monsterinsights_sitenote_category":0,"jetpack_post_was_ever_published":false,"_jetpack_newsletter_access":"","_jetpack_dont_email_post_to_subs":false,"_jetpack_newsletter_tier_id":0,"_jetpack_memberships_contains_paywalled_content":false,"_jetpack_memberships_contains_paid_content":false,"footnotes":"","jetpack_publicize_message":"","jetpack_publicize_feature_enabled":true,"jetpack_social_post_already_shared":true,"jetpack_social_options":{"image_generator_settings":{"template":"highway","default_image_id":0,"font":"","enabled":false},"version":2},"_wpas_customize_per_network":false},"categories":[85],"tags":[8339,17463],"class_list":["post-141410","post","type-post","status-publish","format-standard","has-post-thumbnail","hentry","category-policial","tag-asalto","tag-barrio-loreto","generate-columns","tablet-grid-50","mobile-grid-100","grid-parent","grid-50"],"jetpack_publicize_connections":[],"jetpack_featured_media_url":"https:\/\/www.hoymercedes.com.ar\/principal\/wp-content\/uploads\/2021\/12\/Loreto.jpg","wps_subtitle":"Policiales","jetpack_sharing_enabled":true,"_links":{"self":[{"href":"https:\/\/www.hoymercedes.com.ar\/principal\/wp-json\/wp\/v2\/posts\/141410","targetHints":{"allow":["GET"]}}],"collection":[{"href":"https:\/\/www.hoymercedes.com.ar\/principal\/wp-json\/wp\/v2\/posts"}],"about":[{"href":"https:\/\/www.hoymercedes.com.ar\/principal\/wp-json\/wp\/v2\/types\/post"}],"author":[{"embeddable":true,"href":"https:\/\/www.hoymercedes.com.ar\/principal\/wp-json\/wp\/v2\/users\/1"}],"replies":[{"embeddable":true,"href":"https:\/\/www.hoymercedes.com.ar\/principal\/wp-json\/wp\/v2\/comments?post=141410"}],"version-history":[{"count":0,"href":"https:\/\/www.hoymercedes.com.ar\/principal\/wp-json\/wp\/v2\/posts\/141410\/revisions"}],"wp:featuredmedia":[{"embeddable":true,"href":"https:\/\/www.hoymercedes.com.ar\/principal\/wp-json\/wp\/v2\/media\/141411"}],"wp:attachment":[{"href":"https:\/\/www.hoymercedes.com.ar\/principal\/wp-json\/wp\/v2\/media?parent=141410"}],"wp:term":[{"taxonomy":"category","embeddable":true,"href":"https:\/\/www.hoymercedes.com.ar\/principal\/wp-json\/wp\/v2\/categories?post=141410"},{"taxonomy":"post_tag","embeddable":true,"href":"https:\/\/www.hoymercedes.com.ar\/principal\/wp-json\/wp\/v2\/tags?post=141410"}],"curies":[{"name":"wp","href":"https:\/\/api.w.org\/{rel}","templated":true}]}}