{"id":141477,"date":"2021-12-14T13:28:39","date_gmt":"2021-12-14T16:28:39","guid":{"rendered":"https:\/\/www.hoymercedes.com.ar\/principal\/?p=141477"},"modified":"2021-12-14T13:28:43","modified_gmt":"2021-12-14T16:28:43","slug":"roban-en-laboratorio-de-la-universidad-de-lujan","status":"publish","type":"post","link":"https:\/\/www.hoymercedes.com.ar\/principal\/2021\/12\/14\/roban-en-laboratorio-de-la-universidad-de-lujan\/","title":{"rendered":"Roban en Laboratorio de la Universidad de Luj\u00e1n"},"content":{"rendered":"\n<figure class=\"wp-block-image size-large\"><img decoding=\"async\" src=\"https:\/\/www.hoymercedes.com.ar\/principal\/wp-content\/uploads\/2021\/12\/Robo-UNLu-1024x768.jpeg\" alt=\"\" class=\"wp-image-141478\"\/><\/figure>\n\n\n\n<p>El hecho sucedi\u00f3 durante el fin de semana. Tiempo atr\u00e1s hab\u00eda habido un acto similar, pero incluyendo un incendio de un galp\u00f3n. Seg\u00fan se supo fue el pasado s\u00e1bado. Seg\u00fan personal de seguridad hab\u00edan \u201cpateado\u201d la puerta y robados instrumentos tecnol\u00f3gicos entre ellos una computadora.<\/p>\n\n\n\n<p>El pasado mes hubo el incendio de un galp\u00f3n, hab\u00eda sido intencional. Ahora el robo de una computadora que habr\u00eda sido recuperada, en partes, junto a un monitor y una impresora que no lograron llevarse.<\/p>\n\n\n\n<p>Tambi\u00e9n entre unos 20 a 30 metros de cable del laboratorio. La pregunta que se hacen es el rol de la empresa privada que suministra el servicio de cuidado del predio.<\/p>\n\n\n\n<p>En tanto, este lunes a media ma\u00f1ana apareci\u00f3 la computadora, pero sin el disco r\u00edgido, a unos 50 metros del laboratorio, en una zona que ya hab\u00eda sido rastrillada. \u201cEs todo muy raro\u201d, sintetiz\u00f3 una docente de la UNLu del grupo de Ecolog\u00eda. \u201cEs una zona bastante aislada, no tiene alarma ni garita de seguridad. Va una moto cada tanto a fijarse que est\u00e9 todo bien. No hay alguien permanente\u201d, a\u00f1adi\u00f3, seg\u00fan expone El Civismo de Luj\u00e1n<\/p>\n\n\n\n<p>Foto: <a href=\"https:\/\/ladransanchoweb.com.ar\/robaron-el-laboratorio-de-ecologia-en-la-unlu\/\" target=\"_blank\" rel=\"noopener\">Ladransancho.com.ar<\/a><\/p>\n","protected":false},"excerpt":{"rendered":"<p>El hecho sucedi\u00f3 durante el fin de semana. Tiempo atr\u00e1s hab\u00eda habido un acto similar, pero incluyendo un incendio de &#8230; <a title=\"Roban en Laboratorio de la Universidad de Luj\u00e1n\" class=\"read-more\" href=\"https:\/\/www.hoymercedes.com.ar\/principal\/2021\/12\/14\/roban-en-laboratorio-de-la-universidad-de-lujan\/\" aria-label=\"Leer m\u00e1s sobre Roban en Laboratorio de la Universidad de Luj\u00e1n\">Leer m\u00e1s<\/a><\/p>\n","protected":false},"author":1,"featured_media":141479,"comment_status":"closed","ping_status":"open","sticky":false,"template":"","format":"standard","meta":{"_monsterinsights_skip_tracking":false,"_monsterinsights_sitenote_active":false,"_monsterinsights_sitenote_note":"","_monsterinsights_sitenote_category":0,"jetpack_post_was_ever_published":false,"_jetpack_newsletter_access":"","_jetpack_dont_email_post_to_subs":false,"_jetpack_newsletter_tier_id":0,"_jetpack_memberships_contains_paywalled_content":false,"_jetpack_memberships_contains_paid_content":false,"footnotes":"","jetpack_publicize_message":"","jetpack_publicize_feature_enabled":true,"jetpack_social_post_already_shared":true,"jetpack_social_options":{"image_generator_settings":{"template":"highway","default_image_id":0,"font":"","enabled":false},"version":2},"_wpas_customize_per_network":false},"categories":[85],"tags":[18139],"class_list":["post-141477","post","type-post","status-publish","format-standard","has-post-thumbnail","hentry","category-policial","tag-robo-en-unlu","generate-columns","tablet-grid-50","mobile-grid-100","grid-parent","grid-50"],"jetpack_publicize_connections":[],"jetpack_featured_media_url":"https:\/\/www.hoymercedes.com.ar\/principal\/wp-content\/uploads\/2021\/12\/Robo-UNLu-1.jpeg","wps_subtitle":"Educaci\u00f3n","jetpack_sharing_enabled":true,"_links":{"self":[{"href":"https:\/\/www.hoymercedes.com.ar\/principal\/wp-json\/wp\/v2\/posts\/141477","targetHints":{"allow":["GET"]}}],"collection":[{"href":"https:\/\/www.hoymercedes.com.ar\/principal\/wp-json\/wp\/v2\/posts"}],"about":[{"href":"https:\/\/www.hoymercedes.com.ar\/principal\/wp-json\/wp\/v2\/types\/post"}],"author":[{"embeddable":true,"href":"https:\/\/www.hoymercedes.com.ar\/principal\/wp-json\/wp\/v2\/users\/1"}],"replies":[{"embeddable":true,"href":"https:\/\/www.hoymercedes.com.ar\/principal\/wp-json\/wp\/v2\/comments?post=141477"}],"version-history":[{"count":0,"href":"https:\/\/www.hoymercedes.com.ar\/principal\/wp-json\/wp\/v2\/posts\/141477\/revisions"}],"wp:featuredmedia":[{"embeddable":true,"href":"https:\/\/www.hoymercedes.com.ar\/principal\/wp-json\/wp\/v2\/media\/141479"}],"wp:attachment":[{"href":"https:\/\/www.hoymercedes.com.ar\/principal\/wp-json\/wp\/v2\/media?parent=141477"}],"wp:term":[{"taxonomy":"category","embeddable":true,"href":"https:\/\/www.hoymercedes.com.ar\/principal\/wp-json\/wp\/v2\/categories?post=141477"},{"taxonomy":"post_tag","embeddable":true,"href":"https:\/\/www.hoymercedes.com.ar\/principal\/wp-json\/wp\/v2\/tags?post=141477"}],"curies":[{"name":"wp","href":"https:\/\/api.w.org\/{rel}","templated":true}]}}