{"id":141528,"date":"2021-12-16T09:20:00","date_gmt":"2021-12-16T12:20:00","guid":{"rendered":"https:\/\/www.hoymercedes.com.ar\/principal\/?p=141528"},"modified":"2021-12-16T09:08:06","modified_gmt":"2021-12-16T12:08:06","slug":"convenio-entre-municinpio-estacion-experimental-y-alma-mercedina","status":"publish","type":"post","link":"https:\/\/www.hoymercedes.com.ar\/principal\/2021\/12\/16\/convenio-entre-municinpio-estacion-experimental-y-alma-mercedina\/","title":{"rendered":"Convenio entre Municinpio, Estaci\u00f3n Experimental y Alma Mercedina"},"content":{"rendered":"\n<p>En momentos complicados como fue el inicio de la pandemia, en nuestra ciudad aflor\u00f3 la solidaridad y el trabajo en conjunto. Es as\u00ed como con la articulaci\u00f3n entre el Estado, a trav\u00e9s del Municipio de Mercedes, el Gobierno Nacional y Provincial, la Estaci\u00f3n Experimental y la Cooperativa \u201cAlma Mercedina\u201d se pudieron llevar productos de primera calidad a chicos y j\u00f3venes mercedinos que m\u00e1s lo necesitaban. <\/p>\n\n\n\n<div class=\"wp-block-image\"><figure class=\"aligncenter size-full\"><img loading=\"lazy\" decoding=\"async\" width=\"690\" height=\"465\" data-attachment-id=\"141529\" data-permalink=\"https:\/\/www.hoymercedes.com.ar\/principal\/2021\/12\/16\/convenio-entre-municinpio-estacion-experimental-y-alma-mercedina\/900-6\/#main\" data-orig-file=\"https:\/\/www.hoymercedes.com.ar\/principal\/wp-content\/uploads\/2021\/12\/900-6.jpeg\" data-orig-size=\"690,465\" data-comments-opened=\"0\" data-image-meta=\"{&quot;aperture&quot;:&quot;0&quot;,&quot;credit&quot;:&quot;&quot;,&quot;camera&quot;:&quot;&quot;,&quot;caption&quot;:&quot;&quot;,&quot;created_timestamp&quot;:&quot;1639645340&quot;,&quot;copyright&quot;:&quot;&quot;,&quot;focal_length&quot;:&quot;0&quot;,&quot;iso&quot;:&quot;0&quot;,&quot;shutter_speed&quot;:&quot;0&quot;,&quot;title&quot;:&quot;&quot;,&quot;orientation&quot;:&quot;1&quot;}\" data-image-title=\"900 (6)\" data-image-description=\"\" data-image-caption=\"\" data-large-file=\"https:\/\/www.hoymercedes.com.ar\/principal\/wp-content\/uploads\/2021\/12\/900-6.jpeg\" src=\"https:\/\/www.hoymercedes.com.ar\/principal\/wp-content\/uploads\/2021\/12\/900-6.jpeg\" alt=\"\" class=\"wp-image-141529\" srcset=\"https:\/\/www.hoymercedes.com.ar\/principal\/wp-content\/uploads\/2021\/12\/900-6.jpeg 690w, https:\/\/www.hoymercedes.com.ar\/principal\/wp-content\/uploads\/2021\/12\/900-6-630x425.jpeg 630w, https:\/\/www.hoymercedes.com.ar\/principal\/wp-content\/uploads\/2021\/12\/900-6-150x101.jpeg 150w\" sizes=\"auto, (max-width: 690px) 100vw, 690px\" \/><\/figure><\/div>\n\n\n\n<p>Por este motivo, se oficializ\u00f3, a trav\u00e9s de la firma de un convenio, la producci\u00f3n de dulces \u2013hechos con frutas sin conservantes- sanos y de primera calidad, para comedores y merenderos. \u201cSabemos cu\u00e1ndo nos unimos desde las instituciones, podemos potenciar much\u00edsimo m\u00e1s nuestros objetivos\u201d remarc\u00f3 el intendente Ustarroz.\u00a0\u00a0\u00a0<\/p>\n\n\n\n<p>Al mismo tiempo, el intendente Juan Ignacio Ustarroz manifest\u00f3 \u201cquiero agradecer y felicitar a cada uno de los integrantes de este convenio interinstitucional, el cual, es de suma importancia para la comunidad, donde la uni\u00f3n hace a la fuerza, plasmada en esta realidad\u201d. &nbsp;<\/p>\n\n\n\n<p>Conjuntamente, el Dr. Ustarroz indic\u00f3 \u201cdonde el objetivo central es la alimentaci\u00f3n saludable, de poder brindarle a nuestros ni\u00f1os, j\u00f3venes que van a los comedores o merenderos, un producto de calidad y de primer nivel. Y poder de esta forma incentivar, promover, la actividad de una cooperativa, haci\u00e9ndolo en la unidad con el resto de las instituciones\u201d. &nbsp;<\/p>\n\n\n\n<p>A su vez, el intendente Ustarroz apunt\u00f3 \u201ccreo que la ciudad tiene el gran desaf\u00edo de avanzar de cara al futuro industrializando la ruralidad, generando valor agregado a lo que se produce, donde participa el conocimiento cient\u00edfico, las instituciones, la organizaci\u00f3n a trav\u00e9s de la cooperativa y el Municipio tratando de unir y trabajar con todos estos actores, nacionales, provinciales, privados y de nuestra comunidad\u201d y agreg\u00f3 \u201cmuy agradecidos con cada uno de los integrantes por el trabajo, el esfuerzo y el compromiso, a sabiendas que estamos llevando productos de calidad a nuestros j\u00f3venes, impulsando, a su vez, a una cooperativa como Alma Mercedina, que viene realizando un trabajo muy importante para la ciudad\u201d. &nbsp;<\/p>\n\n\n\n<p>Representaron a la Cooperativa y a la Estaci\u00f3n Experimental Marisa Roseo, Alicia Bustos y H\u00e9ctor Barosela. &nbsp;<\/p>\n\n\n\n<p>Jorgelina Silva, secretaria de desarrollo de la comunidad dijo \u201cesto comenz\u00f3 a principios de la pandemia, donde a trav\u00e9s de la Cooperativa \u201cAlma Mercedina\u201d junto a la cooperadora de la Estaci\u00f3n Experimental quienes nos propusieron comenzar a procesar la fruta de la Estaci\u00f3n Experimental en dulces, que nosotros pod\u00edamos repartir en los distintos comedores, merenderos o las sedes de los programas de la Municipalidad donde hab\u00eda chicos y chicas. Nosotros \u2013obviamente- accedimos, y hoy lo continuamos, firmando este convenio, para establecer esta uni\u00f3n, de la organizaci\u00f3n de la comunidad que tanto beneficia a nuestros vecinos\u201d. &nbsp;<\/p>\n\n\n\n<p>Desde la Cooperativa \u201cAlma Mercedina\u201d se\u00f1alaron \u201cestamos trabajando codo a codo, todos los d\u00edas, para poder hacer llegar a la mesa un producto sano y con frutas mercedinas. Lo que m\u00e1s nos interesa es desarrollar lo local y que ese sea un punto de partida\u201d. &nbsp;<\/p>\n\n\n\n<p>Asimismo, quienes integran las Estaci\u00f3n Experimental destacaron \u201ccreo que la sinergia que se viene dando entre el Municipio de Mercedes y el Centro Experimental es muy importante, nosotros venimos a darle valor a la fruta y que llegue ese producto sano y sin conservantes a los comedores, a los chicos, nos llena de felicidad y nos pone muy contentos\u201d.&nbsp;&nbsp;&nbsp;<\/p>\n\n\n\n<p>Por su parte, desde la Cooperadora de la Estaci\u00f3n Experimental indicaron \u201cvaloramos la intervenci\u00f3n interinstitucional tanto del Estado Nacional a trav\u00e9s de Ministerio de desarrollo Social que puso su aporte, la Municipalidad de Mercedes, la Provincia de Buenos Aires mediante el Ministerio de Desarrollo Agrario, a la cual pertenece la Estaci\u00f3n Experimental y la Cooperativa \u201cAlma Mecedina\u201d de forma particular\u201d y a\u00f1adi\u00f3 \u201ccomo cooperadora apoyamos todos los apoyos t\u00e9cnicos que se hacen desde la Estaci\u00f3n y los logros est\u00e1n a la vista, donde en este momento estamos concretando este proyecto tan importante, como lo es, colaborar y alimentar de manera sana y saludable a nuestros j\u00f3venes\u201d.\u00a0\u00a0\u00a0<\/p>\n\n\n\n<p>Por Prensa Municipal<\/p>\n","protected":false},"excerpt":{"rendered":"<p>En momentos complicados como fue el inicio de la pandemia, en nuestra ciudad aflor\u00f3 la solidaridad y el trabajo en &#8230; <a title=\"Convenio entre Municinpio, Estaci\u00f3n Experimental y Alma Mercedina\" class=\"read-more\" href=\"https:\/\/www.hoymercedes.com.ar\/principal\/2021\/12\/16\/convenio-entre-municinpio-estacion-experimental-y-alma-mercedina\/\" aria-label=\"Leer m\u00e1s sobre Convenio entre Municinpio, Estaci\u00f3n Experimental y Alma Mercedina\">Leer m\u00e1s<\/a><\/p>\n","protected":false},"author":1,"featured_media":141529,"comment_status":"closed","ping_status":"open","sticky":false,"template":"","format":"standard","meta":{"_monsterinsights_skip_tracking":false,"_monsterinsights_sitenote_active":false,"_monsterinsights_sitenote_note":"","_monsterinsights_sitenote_category":0,"jetpack_post_was_ever_published":false,"_jetpack_newsletter_access":"","_jetpack_dont_email_post_to_subs":false,"_jetpack_newsletter_tier_id":0,"_jetpack_memberships_contains_paywalled_content":false,"_jetpack_memberships_contains_paid_content":false,"footnotes":"","jetpack_publicize_message":"","jetpack_publicize_feature_enabled":true,"jetpack_social_post_already_shared":true,"jetpack_social_options":{"image_generator_settings":{"template":"highway","default_image_id":0,"font":"","enabled":false},"version":2},"_wpas_customize_per_network":false},"categories":[8],"tags":[244],"class_list":["post-141528","post","type-post","status-publish","format-standard","has-post-thumbnail","hentry","category-sociedad","tag-municipio-2","generate-columns","tablet-grid-50","mobile-grid-100","grid-parent","grid-50"],"jetpack_publicize_connections":[],"jetpack_featured_media_url":"https:\/\/www.hoymercedes.com.ar\/principal\/wp-content\/uploads\/2021\/12\/900-6.jpeg","wps_subtitle":"","jetpack_sharing_enabled":true,"_links":{"self":[{"href":"https:\/\/www.hoymercedes.com.ar\/principal\/wp-json\/wp\/v2\/posts\/141528","targetHints":{"allow":["GET"]}}],"collection":[{"href":"https:\/\/www.hoymercedes.com.ar\/principal\/wp-json\/wp\/v2\/posts"}],"about":[{"href":"https:\/\/www.hoymercedes.com.ar\/principal\/wp-json\/wp\/v2\/types\/post"}],"author":[{"embeddable":true,"href":"https:\/\/www.hoymercedes.com.ar\/principal\/wp-json\/wp\/v2\/users\/1"}],"replies":[{"embeddable":true,"href":"https:\/\/www.hoymercedes.com.ar\/principal\/wp-json\/wp\/v2\/comments?post=141528"}],"version-history":[{"count":0,"href":"https:\/\/www.hoymercedes.com.ar\/principal\/wp-json\/wp\/v2\/posts\/141528\/revisions"}],"wp:featuredmedia":[{"embeddable":true,"href":"https:\/\/www.hoymercedes.com.ar\/principal\/wp-json\/wp\/v2\/media\/141529"}],"wp:attachment":[{"href":"https:\/\/www.hoymercedes.com.ar\/principal\/wp-json\/wp\/v2\/media?parent=141528"}],"wp:term":[{"taxonomy":"category","embeddable":true,"href":"https:\/\/www.hoymercedes.com.ar\/principal\/wp-json\/wp\/v2\/categories?post=141528"},{"taxonomy":"post_tag","embeddable":true,"href":"https:\/\/www.hoymercedes.com.ar\/principal\/wp-json\/wp\/v2\/tags?post=141528"}],"curies":[{"name":"wp","href":"https:\/\/api.w.org\/{rel}","templated":true}]}}