{"id":141622,"date":"2021-12-18T10:50:00","date_gmt":"2021-12-18T13:50:00","guid":{"rendered":"https:\/\/www.hoymercedes.com.ar\/principal\/?p=141622"},"modified":"2021-12-18T10:35:12","modified_gmt":"2021-12-18T13:35:12","slug":"aprehenden-a-hombre-que-realizo-secuestro-virtual","status":"publish","type":"post","link":"https:\/\/www.hoymercedes.com.ar\/principal\/2021\/12\/18\/aprehenden-a-hombre-que-realizo-secuestro-virtual\/","title":{"rendered":"Aprehenden a hombre que realiz\u00f3 secuestro virtual"},"content":{"rendered":"\n<p>Desde la Secretar\u00eda de Seguridad del Municipio informaron que \u00abcay\u00f3 secuestrador virtual\u00bb luego de que la polic\u00eda aprehendiese a un hombre de 32 a\u00f1os, de nacionaliad paraguaya y domicilio en Lan\u00fas. <\/p>\n\n\n\n<p>De acuerdo a la informaci\u00f3n del \u00e1rea de seguridad, un vecino de Mercedes recibi\u00f3 un llamado telef\u00f3nico, donde \u00able expresaban que ten\u00edan secuestrada a su hija, lo cual era una falacia. Lo extorsionaron pidi\u00e9ndole que ponga dinero dentro de una bolsa y luego lo deje en un lugar determinado de la v\u00eda p\u00fablica\u00bb.<\/p>\n\n\n\n<p>\u00abMomentos despu\u00e9s, cuando el delincuente arrib\u00f3 al lugar y tom\u00f3 la bolsa con el dinero, fue aprehendido por personal policial que se encontraba apostado en las inmediaciones, gracias a que la v\u00edctima pudo dar aviso de la situaci\u00f3n. El delincuente era un masculino de 32 a\u00f1os, de nacionalidad Paraguaya y con domicilio en la localidad de Lan\u00fas\u00bb, informaron desde la Secretar\u00eda de Seguridad del Municipio de Mercedes.<\/p>\n\n\n\n<p>El hecho ser\u00e1 investigado por la Fiscal\u00eda de turno del Departamento Judicial Mercedes<\/p>\n\n\n\n<div class=\"wp-block-image\"><figure class=\"aligncenter size-full\"><img loading=\"lazy\" decoding=\"async\" width=\"526\" height=\"526\" data-attachment-id=\"141625\" data-permalink=\"https:\/\/www.hoymercedes.com.ar\/principal\/2021\/12\/18\/aprehenden-a-hombre-que-realizo-secuestro-virtual\/secuestrador-virtual\/#main\" data-orig-file=\"https:\/\/www.hoymercedes.com.ar\/principal\/wp-content\/uploads\/2021\/12\/secuestrador-virtual.jpg\" data-orig-size=\"526,526\" data-comments-opened=\"0\" data-image-meta=\"{&quot;aperture&quot;:&quot;0&quot;,&quot;credit&quot;:&quot;&quot;,&quot;camera&quot;:&quot;&quot;,&quot;caption&quot;:&quot;&quot;,&quot;created_timestamp&quot;:&quot;0&quot;,&quot;copyright&quot;:&quot;&quot;,&quot;focal_length&quot;:&quot;0&quot;,&quot;iso&quot;:&quot;0&quot;,&quot;shutter_speed&quot;:&quot;0&quot;,&quot;title&quot;:&quot;&quot;,&quot;orientation&quot;:&quot;0&quot;}\" data-image-title=\"secuestrador virtual\" data-image-description=\"\" data-image-caption=\"\" data-large-file=\"https:\/\/www.hoymercedes.com.ar\/principal\/wp-content\/uploads\/2021\/12\/secuestrador-virtual.jpg\" src=\"https:\/\/www.hoymercedes.com.ar\/principal\/wp-content\/uploads\/2021\/12\/secuestrador-virtual.jpg\" alt=\"\" class=\"wp-image-141625\" srcset=\"https:\/\/www.hoymercedes.com.ar\/principal\/wp-content\/uploads\/2021\/12\/secuestrador-virtual.jpg 526w, https:\/\/www.hoymercedes.com.ar\/principal\/wp-content\/uploads\/2021\/12\/secuestrador-virtual-150x150.jpg 150w\" sizes=\"auto, (max-width: 526px) 100vw, 526px\" \/><\/figure><\/div>\n","protected":false},"excerpt":{"rendered":"<p>Desde la Secretar\u00eda de Seguridad del Municipio informaron que \u00abcay\u00f3 secuestrador virtual\u00bb luego de que la polic\u00eda aprehendiese a un &#8230; <a title=\"Aprehenden a hombre que realiz\u00f3 secuestro virtual\" class=\"read-more\" href=\"https:\/\/www.hoymercedes.com.ar\/principal\/2021\/12\/18\/aprehenden-a-hombre-que-realizo-secuestro-virtual\/\" aria-label=\"Leer m\u00e1s sobre Aprehenden a hombre que realiz\u00f3 secuestro virtual\">Leer m\u00e1s<\/a><\/p>\n","protected":false},"author":1,"featured_media":141625,"comment_status":"closed","ping_status":"open","sticky":false,"template":"","format":"standard","meta":{"_monsterinsights_skip_tracking":false,"_monsterinsights_sitenote_active":false,"_monsterinsights_sitenote_note":"","_monsterinsights_sitenote_category":0,"jetpack_post_was_ever_published":false,"_jetpack_newsletter_access":"","_jetpack_dont_email_post_to_subs":false,"_jetpack_newsletter_tier_id":0,"_jetpack_memberships_contains_paywalled_content":false,"_jetpack_memberships_contains_paid_content":false,"footnotes":"","jetpack_publicize_message":"","jetpack_publicize_feature_enabled":true,"jetpack_social_post_already_shared":true,"jetpack_social_options":{"image_generator_settings":{"template":"highway","default_image_id":0,"font":"","enabled":false},"version":2},"_wpas_customize_per_network":false},"categories":[85],"tags":[],"class_list":["post-141622","post","type-post","status-publish","format-standard","has-post-thumbnail","hentry","category-policial","generate-columns","tablet-grid-50","mobile-grid-100","grid-parent","grid-50"],"jetpack_publicize_connections":[],"jetpack_featured_media_url":"https:\/\/www.hoymercedes.com.ar\/principal\/wp-content\/uploads\/2021\/12\/secuestrador-virtual.jpg","wps_subtitle":"","jetpack_sharing_enabled":true,"_links":{"self":[{"href":"https:\/\/www.hoymercedes.com.ar\/principal\/wp-json\/wp\/v2\/posts\/141622","targetHints":{"allow":["GET"]}}],"collection":[{"href":"https:\/\/www.hoymercedes.com.ar\/principal\/wp-json\/wp\/v2\/posts"}],"about":[{"href":"https:\/\/www.hoymercedes.com.ar\/principal\/wp-json\/wp\/v2\/types\/post"}],"author":[{"embeddable":true,"href":"https:\/\/www.hoymercedes.com.ar\/principal\/wp-json\/wp\/v2\/users\/1"}],"replies":[{"embeddable":true,"href":"https:\/\/www.hoymercedes.com.ar\/principal\/wp-json\/wp\/v2\/comments?post=141622"}],"version-history":[{"count":0,"href":"https:\/\/www.hoymercedes.com.ar\/principal\/wp-json\/wp\/v2\/posts\/141622\/revisions"}],"wp:featuredmedia":[{"embeddable":true,"href":"https:\/\/www.hoymercedes.com.ar\/principal\/wp-json\/wp\/v2\/media\/141625"}],"wp:attachment":[{"href":"https:\/\/www.hoymercedes.com.ar\/principal\/wp-json\/wp\/v2\/media?parent=141622"}],"wp:term":[{"taxonomy":"category","embeddable":true,"href":"https:\/\/www.hoymercedes.com.ar\/principal\/wp-json\/wp\/v2\/categories?post=141622"},{"taxonomy":"post_tag","embeddable":true,"href":"https:\/\/www.hoymercedes.com.ar\/principal\/wp-json\/wp\/v2\/tags?post=141622"}],"curies":[{"name":"wp","href":"https:\/\/api.w.org\/{rel}","templated":true}]}}