{"id":141627,"date":"2021-12-18T13:18:22","date_gmt":"2021-12-18T16:18:22","guid":{"rendered":"https:\/\/www.hoymercedes.com.ar\/principal\/?p=141627"},"modified":"2021-12-18T13:18:26","modified_gmt":"2021-12-18T16:18:26","slug":"mercedinos-se-sumaron-a-los-reclamos-por-la-ley-minera-en-chubut","status":"publish","type":"post","link":"https:\/\/www.hoymercedes.com.ar\/principal\/2021\/12\/18\/mercedinos-se-sumaron-a-los-reclamos-por-la-ley-minera-en-chubut\/","title":{"rendered":"Mercedinos se sumaron a los reclamos por la ley minera en Chubut"},"content":{"rendered":"\n<p>Haci\u00e9ndose eco de los reclamos en la provincia de Chubut por una ley que permitir\u00e1 la explotaci\u00f3n de mega miner\u00eda en la provincia y a la que una mayor\u00eda de chubutenses se opone, un grupo de mercedino se pleg\u00f3 a las  movilizaciones en todo el\u202fpa\u00eds contra la zonificaci\u00f3n minera y la represi\u00f3n en Chubut.\u00a0<\/p>\n\n\n\n<p>En la tarde del viernes se hicieron presentes en la Plaza San Mart\u00edn y en la puerta del municipio un grupo de vecinos ambientalistas y del movimiento feminista local. Con una bandera bajo la consigna \u201cNo es No. Chubut resiste. No a la megamineria\u201d, que se replic\u00f3 en las redes sociales de ambientalistas de todo el pa\u00eds dando a conocer los nombres de los legisladores de Chubut que aprobaron la Ley. La bandera luego fue colocada en la plaza.\u00a0<\/p>\n\n\n\n<p>En tanto, el pueblo chubutense se manifest\u00f3 frente a la Casa de Gobierno en Rawson, ante el Concejo Deliberante de Comodoro Rivadavia, as\u00ed como en Trelew, Puerto Madryn, Esquel (pr\u00e1cticamente todo el pueblo estuvo en las calles )y Lago Puelo, entre otras localidades. En rechazo contra la aprobaci\u00f3n de la ley de zonificaci\u00f3n minera en Chubut y el operativo policial desplegado para ello.\u202f\u00a0En sus reclamos, enfatizaron en las \u00abfalsas promesas\u00bb del gobernador Mariano Arcioni (Frente de Todos) que gan\u00f3  con un discurso y promesas anti mineras y de protecci\u00f3n del medio ambiente. <\/p>\n\n\n\n<p>Mientras en Capital Federal la movilizaci\u00f3n bajo la consigna: \u00abBasta de saqueo extractivista y persecuci\u00f3n a los pueblos originarios\u00bb, la movilizaci\u00f3n parti\u00f3 hacia la Casa de Chubut para respaldar al pueblo chubutense, que sali\u00f3 a las calles para voltear la ley sancionada el mi\u00e9rcoles por la noche de forma intempestiva y repudiar la salvaje represi\u00f3n policial. Se denunci\u00f3 al gobernador Mariano Arcioni y su lobby prominero. La lucha contra la megaminer\u00eda contaminante y en defensa del agua sigue siendo un factor de agitaci\u00f3n a lo largo y ancho del pa\u00eds, y con esa fuerza contin\u00faa la lucha para imponer la anulaci\u00f3n de la zonificaci\u00f3n.\u00a0<\/p>\n\n\n\n<p>Colaboraci\u00f3n: Ariel Chacar<\/p>\n","protected":false},"excerpt":{"rendered":"<p>Haci\u00e9ndose eco de los reclamos en la provincia de Chubut por una ley que permitir\u00e1 la explotaci\u00f3n de mega miner\u00eda &#8230; <a title=\"Mercedinos se sumaron a los reclamos por la ley minera en Chubut\" class=\"read-more\" href=\"https:\/\/www.hoymercedes.com.ar\/principal\/2021\/12\/18\/mercedinos-se-sumaron-a-los-reclamos-por-la-ley-minera-en-chubut\/\" aria-label=\"Leer m\u00e1s sobre Mercedinos se sumaron a los reclamos por la ley minera en Chubut\">Leer m\u00e1s<\/a><\/p>\n","protected":false},"author":1,"featured_media":141628,"comment_status":"closed","ping_status":"open","sticky":false,"template":"","format":"standard","meta":{"_monsterinsights_skip_tracking":false,"_monsterinsights_sitenote_active":false,"_monsterinsights_sitenote_note":"","_monsterinsights_sitenote_category":0,"jetpack_post_was_ever_published":false,"_jetpack_newsletter_access":"","_jetpack_dont_email_post_to_subs":false,"_jetpack_newsletter_tier_id":0,"_jetpack_memberships_contains_paywalled_content":false,"_jetpack_memberships_contains_paid_content":false,"footnotes":"","jetpack_publicize_message":"","jetpack_publicize_feature_enabled":true,"jetpack_social_post_already_shared":true,"jetpack_social_options":{"image_generator_settings":{"template":"highway","default_image_id":0,"font":"","enabled":false},"version":2},"_wpas_customize_per_network":false},"categories":[5,5210],"tags":[5319],"class_list":["post-141627","post","type-post","status-publish","format-standard","has-post-thumbnail","hentry","category-politica","category-politica-nacional","tag-politica-2","generate-columns","tablet-grid-50","mobile-grid-100","grid-parent","grid-50"],"jetpack_publicize_connections":[],"jetpack_featured_media_url":"https:\/\/www.hoymercedes.com.ar\/principal\/wp-content\/uploads\/2021\/12\/WhatsApp-Image-2021-12-18-at-11.56.00.jpeg","wps_subtitle":"","jetpack_sharing_enabled":true,"_links":{"self":[{"href":"https:\/\/www.hoymercedes.com.ar\/principal\/wp-json\/wp\/v2\/posts\/141627","targetHints":{"allow":["GET"]}}],"collection":[{"href":"https:\/\/www.hoymercedes.com.ar\/principal\/wp-json\/wp\/v2\/posts"}],"about":[{"href":"https:\/\/www.hoymercedes.com.ar\/principal\/wp-json\/wp\/v2\/types\/post"}],"author":[{"embeddable":true,"href":"https:\/\/www.hoymercedes.com.ar\/principal\/wp-json\/wp\/v2\/users\/1"}],"replies":[{"embeddable":true,"href":"https:\/\/www.hoymercedes.com.ar\/principal\/wp-json\/wp\/v2\/comments?post=141627"}],"version-history":[{"count":0,"href":"https:\/\/www.hoymercedes.com.ar\/principal\/wp-json\/wp\/v2\/posts\/141627\/revisions"}],"wp:featuredmedia":[{"embeddable":true,"href":"https:\/\/www.hoymercedes.com.ar\/principal\/wp-json\/wp\/v2\/media\/141628"}],"wp:attachment":[{"href":"https:\/\/www.hoymercedes.com.ar\/principal\/wp-json\/wp\/v2\/media?parent=141627"}],"wp:term":[{"taxonomy":"category","embeddable":true,"href":"https:\/\/www.hoymercedes.com.ar\/principal\/wp-json\/wp\/v2\/categories?post=141627"},{"taxonomy":"post_tag","embeddable":true,"href":"https:\/\/www.hoymercedes.com.ar\/principal\/wp-json\/wp\/v2\/tags?post=141627"}],"curies":[{"name":"wp","href":"https:\/\/api.w.org\/{rel}","templated":true}]}}