{"id":141720,"date":"2021-12-20T17:08:25","date_gmt":"2021-12-20T20:08:25","guid":{"rendered":"https:\/\/www.hoymercedes.com.ar\/principal\/?p=141720"},"modified":"2021-12-20T17:08:33","modified_gmt":"2021-12-20T20:08:33","slug":"walter-panessi-asumio-el-rectorado-de-la-unlu","status":"publish","type":"post","link":"https:\/\/www.hoymercedes.com.ar\/principal\/2021\/12\/20\/walter-panessi-asumio-el-rectorado-de-la-unlu\/","title":{"rendered":"Walter Panessi asumi\u00f3 el rectorado de la UNLu"},"content":{"rendered":"\n<p>Asumieron las nuevas autoridades del Rectorado y los Departamentos Acad\u00e9micos de la Universidad Nacional de Luj\u00e1n. El mercedino Walter Panessi asumi\u00f3 en la ma\u00f1ana de este lunes como Rector de la UNLu, en un acto en el que tambi\u00e9n juraron la nueva vicerrectora, Mar\u00eda Ester Leguizam\u00f3n, as\u00ed como los directores decanos electos y sus vices de cada Departamento Acad\u00e9mico.<\/p>\n\n\n\n<div class=\"wp-block-jetpack-slideshow aligncenter\" data-effect=\"slide\"><div class=\"wp-block-jetpack-slideshow_container swiper-container\"><ul class=\"wp-block-jetpack-slideshow_swiper-wrapper swiper-wrapper\"><li class=\"wp-block-jetpack-slideshow_slide swiper-slide\"><figure><img loading=\"lazy\" decoding=\"async\" width=\"600\" height=\"400\" alt=\"\" class=\"wp-block-jetpack-slideshow_image wp-image-141726\" data-id=\"141726\" src=\"https:\/\/www.hoymercedes.com.ar\/principal\/wp-content\/uploads\/2021\/12\/asuncion_panessi_600_400_16.jpg\" srcset=\"https:\/\/www.hoymercedes.com.ar\/principal\/wp-content\/uploads\/2021\/12\/asuncion_panessi_600_400_16.jpg 600w, https:\/\/www.hoymercedes.com.ar\/principal\/wp-content\/uploads\/2021\/12\/asuncion_panessi_600_400_16-150x100.jpg 150w\" sizes=\"(max-width: 600px) 100vw, 600px\" \/><\/figure><\/li><li class=\"wp-block-jetpack-slideshow_slide swiper-slide\"><figure><img loading=\"lazy\" decoding=\"async\" width=\"600\" height=\"400\" alt=\"\" class=\"wp-block-jetpack-slideshow_image wp-image-141725\" data-id=\"141725\" src=\"https:\/\/www.hoymercedes.com.ar\/principal\/wp-content\/uploads\/2021\/12\/asuncion_panessi_600_400_18.jpg\" srcset=\"https:\/\/www.hoymercedes.com.ar\/principal\/wp-content\/uploads\/2021\/12\/asuncion_panessi_600_400_18.jpg 600w, https:\/\/www.hoymercedes.com.ar\/principal\/wp-content\/uploads\/2021\/12\/asuncion_panessi_600_400_18-150x100.jpg 150w\" sizes=\"(max-width: 600px) 100vw, 600px\" \/><\/figure><\/li><li class=\"wp-block-jetpack-slideshow_slide swiper-slide\"><figure><img loading=\"lazy\" decoding=\"async\" width=\"600\" height=\"400\" alt=\"\" class=\"wp-block-jetpack-slideshow_image wp-image-141724\" data-id=\"141724\" src=\"https:\/\/www.hoymercedes.com.ar\/principal\/wp-content\/uploads\/2021\/12\/asuncion_panessi_600_400_14.jpg\" srcset=\"https:\/\/www.hoymercedes.com.ar\/principal\/wp-content\/uploads\/2021\/12\/asuncion_panessi_600_400_14.jpg 600w, https:\/\/www.hoymercedes.com.ar\/principal\/wp-content\/uploads\/2021\/12\/asuncion_panessi_600_400_14-150x100.jpg 150w\" sizes=\"(max-width: 600px) 100vw, 600px\" \/><\/figure><\/li><li class=\"wp-block-jetpack-slideshow_slide swiper-slide\"><figure><img loading=\"lazy\" decoding=\"async\" width=\"600\" height=\"400\" alt=\"\" class=\"wp-block-jetpack-slideshow_image wp-image-141723\" data-id=\"141723\" src=\"https:\/\/www.hoymercedes.com.ar\/principal\/wp-content\/uploads\/2021\/12\/asuncion_panessi_600_400_8.jpg\" srcset=\"https:\/\/www.hoymercedes.com.ar\/principal\/wp-content\/uploads\/2021\/12\/asuncion_panessi_600_400_8.jpg 600w, https:\/\/www.hoymercedes.com.ar\/principal\/wp-content\/uploads\/2021\/12\/asuncion_panessi_600_400_8-150x100.jpg 150w\" sizes=\"(max-width: 600px) 100vw, 600px\" \/><\/figure><\/li><li class=\"wp-block-jetpack-slideshow_slide swiper-slide\"><figure><img loading=\"lazy\" decoding=\"async\" width=\"600\" height=\"400\" alt=\"\" class=\"wp-block-jetpack-slideshow_image wp-image-141722\" data-id=\"141722\" src=\"https:\/\/www.hoymercedes.com.ar\/principal\/wp-content\/uploads\/2021\/12\/asuncion_panessi_600_400_3.jpg\" srcset=\"https:\/\/www.hoymercedes.com.ar\/principal\/wp-content\/uploads\/2021\/12\/asuncion_panessi_600_400_3.jpg 600w, https:\/\/www.hoymercedes.com.ar\/principal\/wp-content\/uploads\/2021\/12\/asuncion_panessi_600_400_3-150x100.jpg 150w\" sizes=\"(max-width: 600px) 100vw, 600px\" \/><\/figure><\/li><li class=\"wp-block-jetpack-slideshow_slide swiper-slide\"><figure><img loading=\"lazy\" decoding=\"async\" width=\"600\" height=\"400\" alt=\"\" class=\"wp-block-jetpack-slideshow_image wp-image-141721\" data-id=\"141721\" src=\"https:\/\/www.hoymercedes.com.ar\/principal\/wp-content\/uploads\/2021\/12\/asuncion_panessi_600_400_5.jpg\" srcset=\"https:\/\/www.hoymercedes.com.ar\/principal\/wp-content\/uploads\/2021\/12\/asuncion_panessi_600_400_5.jpg 600w, https:\/\/www.hoymercedes.com.ar\/principal\/wp-content\/uploads\/2021\/12\/asuncion_panessi_600_400_5-150x100.jpg 150w\" sizes=\"(max-width: 600px) 100vw, 600px\" \/><\/figure><\/li><\/ul><a class=\"wp-block-jetpack-slideshow_button-prev swiper-button-prev swiper-button-white\" role=\"button\"><\/a><a class=\"wp-block-jetpack-slideshow_button-next swiper-button-next swiper-button-white\" role=\"button\"><\/a><a aria-label=\"Pause Slideshow\" class=\"wp-block-jetpack-slideshow_button-pause\" role=\"button\"><\/a><div class=\"wp-block-jetpack-slideshow_pagination swiper-pagination swiper-pagination-white\"><\/div><\/div><\/div>\n\n\n\n<p>El acto se realiz\u00f3 en el Comedor de la Sede Central con una importante concurrencia e invitados especiales como los intendentes de Luj\u00e1n, Leonardo Boto, y de Mercedes, Juan Ignacio Ustarroz, entre otras autoridades nacionales, provinciales y municipales que se hicieron presentes.<\/p>\n\n\n\n<p>Luego de la entonaci\u00f3n del Himno Nacional Argentino, hizo uso de la palabra el rector saliente, Antonio Lapolla, quien destac\u00f3 que \u201c<em>en un escenario absolutamente impredecible e incierto continuamos cumpliendo con la misi\u00f3n que la sociedad nos encomend\u00f3, intensificando adem\u00e1s la atenci\u00f3n a los problemas que generaba la pandemia\u201d.<\/em><\/p>\n\n\n\n<p>Lapolla dese\u00f3&nbsp;<em>\u201cun total \u00e9xito en la gesti\u00f3n a las autoridades electas\u201d&nbsp;<\/em>y consider\u00f3 que<em>&nbsp;\u201cel tiempo nos dar\u00e1 una perspectiva adecuada para evaluar estos a\u00f1os tan particulares, pero siento que he cumplido con el juramento realizado antes Ustedes cuando asum\u00ed\u201d. \u201cPara m\u00ed, querida Universidad, estamos en Paz\u201d,&nbsp;<\/em>concluy\u00f3.<\/p>\n\n\n\n<p>Luego se realiz\u00f3 el tradicional juramento de las autoridades electas, en el siguiente orden:<br>&#8211; Rector Walter Fabi\u00e1n Panessi.<br>&#8211; Vicerrectora Mar\u00eda Ester Leguizam\u00f3n.<\/p>\n\n\n\n<p><strong>Departamento de Ciencias B\u00e1sicas<\/strong><br>&#8211; Directora Decana: Emma Luc\u00eda Ferrero.<br>&#8211; Vice Director Decano: Carlos Javier Di Salvo.<\/p>\n\n\n\n<p><strong>Departamento de Ciencias Sociales<\/strong><br>&#8211; Director Decano: Miguel \u00c1ngel N\u00fa\u00f1ez.<br>&#8211; Vice Directora Decana: Fabiana Carlis.<\/p>\n\n\n\n<p><strong>Departamento de Educaci\u00f3n<\/strong><br>&#8211; Directora Decana: Andrea Corrado V\u00e1zquez.<br>&#8211; Vice Directora Decana: Rosana Ponce.<\/p>\n\n\n\n<p><strong>Departamento de Tecnolog\u00eda<\/strong><br>&#8211; Directora Decana: Elena Craig.<br>&#8211; Vice Directora Decana: Jimena Mazieres.<\/p>\n\n\n\n<p>Concluidos los juramentos, se dirigi\u00f3 a los presentes el rector Panessi, quien brind\u00f3 un reconocimiento especial a su antecesor en el cargo, el tambi\u00e9n mercedino Antonio Lapolla, \u201c<em>por su alt\u00edsimo compromiso institucional\u201d\u00a0<\/em>y para quien solicit\u00f3 \u201c<em>un aplauso afectuoso como s\u00edmbolo de reconocimiento\u201d.<\/em><\/p>\n\n\n\n<p>En su dicurso, destac\u00f3 que tanto \u00e9l como Leguizam\u00f3n son graduados de la UNLu, algo que sucede por primera vez y record\u00f3 que en 2022 la UNLu celebrar\u00e1 sus 50 a\u00f1os.&nbsp;<em>\u201cSon tiempos de reconstrucci\u00f3n\u201d,<\/em>&nbsp;indic\u00f3 y rese\u00f1\u00f3 sus principales iniciativas para el mandato 2021 \u2013 2025.<\/p>\n\n\n\n<p>En el cierre, Panessi record\u00f3 a sus padres,&nbsp;<em>\u201cdos trabajadores de clase media baja que tuvieron el orgullo de ver a dos de sus hijos graduados en una universidad\u201d. \u201cQuiero en este hecho simple revalorizar a la educaci\u00f3n p\u00fablica, gratuita y de calidad\u201d<\/em>, expres\u00f3.<\/p>\n\n\n\n<p>Concluido el acto, los participantes se sumaron al brindis de fin de a\u00f1o de la Universidad, en la calle principal de la Sede Central, que fue amenizado con la actuaci\u00f3n de integrantes de Talleres Culturales, Nancy Schettino y Mario Tierno.<\/p>\n\n\n\n<figure class=\"wp-block-embed is-type-video is-provider-youtube wp-block-embed-youtube wp-embed-aspect-16-9 wp-has-aspect-ratio\"><div class=\"wp-block-embed__wrapper\">\n<span class=\"embed-youtube\" style=\"text-align:center; display: block;\"><iframe loading=\"lazy\" class=\"youtube-player\" width=\"1200\" height=\"675\" src=\"https:\/\/www.youtube.com\/embed\/emIVnuBEq1M?version=3&#038;rel=1&#038;showsearch=0&#038;showinfo=1&#038;iv_load_policy=1&#038;fs=1&#038;hl=es-ES&#038;autohide=2&#038;wmode=transparent\" allowfullscreen=\"true\" style=\"border:0;\" sandbox=\"allow-scripts allow-same-origin allow-popups allow-presentation allow-popups-to-escape-sandbox\"><\/iframe><\/span>\n<\/div><\/figure>\n\n\n\n<p>Fuente: Prensa UNLu<\/p>\n","protected":false},"excerpt":{"rendered":"<p>Asumieron las nuevas autoridades del Rectorado y los Departamentos Acad\u00e9micos de la Universidad Nacional de Luj\u00e1n. El mercedino Walter Panessi &#8230; <a title=\"Walter Panessi asumi\u00f3 el rectorado de la UNLu\" class=\"read-more\" href=\"https:\/\/www.hoymercedes.com.ar\/principal\/2021\/12\/20\/walter-panessi-asumio-el-rectorado-de-la-unlu\/\" aria-label=\"Leer m\u00e1s sobre Walter Panessi asumi\u00f3 el rectorado de la UNLu\">Leer m\u00e1s<\/a><\/p>\n","protected":false},"author":1,"featured_media":141726,"comment_status":"closed","ping_status":"open","sticky":false,"template":"","format":"standard","meta":{"_monsterinsights_skip_tracking":false,"_monsterinsights_sitenote_active":false,"_monsterinsights_sitenote_note":"","_monsterinsights_sitenote_category":0,"jetpack_post_was_ever_published":false,"_jetpack_newsletter_access":"","_jetpack_dont_email_post_to_subs":false,"_jetpack_newsletter_tier_id":0,"_jetpack_memberships_contains_paywalled_content":false,"_jetpack_memberships_contains_paid_content":false,"footnotes":"","jetpack_publicize_message":"","jetpack_publicize_feature_enabled":true,"jetpack_social_post_already_shared":true,"jetpack_social_options":{"image_generator_settings":{"template":"highway","default_image_id":0,"font":"","enabled":false},"version":2},"_wpas_customize_per_network":false},"categories":[23],"tags":[47,9172],"class_list":["post-141720","post","type-post","status-publish","format-standard","has-post-thumbnail","hentry","category-educacion","tag-educacion-2","tag-educacion-universitaria","generate-columns","tablet-grid-50","mobile-grid-100","grid-parent","grid-50"],"jetpack_publicize_connections":[],"jetpack_featured_media_url":"https:\/\/www.hoymercedes.com.ar\/principal\/wp-content\/uploads\/2021\/12\/asuncion_panessi_600_400_16.jpg","wps_subtitle":"En la ma\u00f1ana de este lunes","jetpack_sharing_enabled":true,"_links":{"self":[{"href":"https:\/\/www.hoymercedes.com.ar\/principal\/wp-json\/wp\/v2\/posts\/141720","targetHints":{"allow":["GET"]}}],"collection":[{"href":"https:\/\/www.hoymercedes.com.ar\/principal\/wp-json\/wp\/v2\/posts"}],"about":[{"href":"https:\/\/www.hoymercedes.com.ar\/principal\/wp-json\/wp\/v2\/types\/post"}],"author":[{"embeddable":true,"href":"https:\/\/www.hoymercedes.com.ar\/principal\/wp-json\/wp\/v2\/users\/1"}],"replies":[{"embeddable":true,"href":"https:\/\/www.hoymercedes.com.ar\/principal\/wp-json\/wp\/v2\/comments?post=141720"}],"version-history":[{"count":0,"href":"https:\/\/www.hoymercedes.com.ar\/principal\/wp-json\/wp\/v2\/posts\/141720\/revisions"}],"wp:featuredmedia":[{"embeddable":true,"href":"https:\/\/www.hoymercedes.com.ar\/principal\/wp-json\/wp\/v2\/media\/141726"}],"wp:attachment":[{"href":"https:\/\/www.hoymercedes.com.ar\/principal\/wp-json\/wp\/v2\/media?parent=141720"}],"wp:term":[{"taxonomy":"category","embeddable":true,"href":"https:\/\/www.hoymercedes.com.ar\/principal\/wp-json\/wp\/v2\/categories?post=141720"},{"taxonomy":"post_tag","embeddable":true,"href":"https:\/\/www.hoymercedes.com.ar\/principal\/wp-json\/wp\/v2\/tags?post=141720"}],"curies":[{"name":"wp","href":"https:\/\/api.w.org\/{rel}","templated":true}]}}