{"id":141734,"date":"2021-12-20T20:28:55","date_gmt":"2021-12-20T23:28:55","guid":{"rendered":"https:\/\/www.hoymercedes.com.ar\/principal\/?p=141734"},"modified":"2021-12-20T20:29:01","modified_gmt":"2021-12-20T23:29:01","slug":"wado-de-pedro-dijo-que-el-20-de-diciembre-nos-debe-hacer-reflexionar-sobre-la-forma-de-hacer-politica-de-muchos-sectores","status":"publish","type":"post","link":"https:\/\/www.hoymercedes.com.ar\/principal\/2021\/12\/20\/wado-de-pedro-dijo-que-el-20-de-diciembre-nos-debe-hacer-reflexionar-sobre-la-forma-de-hacer-politica-de-muchos-sectores\/","title":{"rendered":"\u00abWado\u00bb de Pedro dijo que el 20 de diciembre \u201cnos debe hacer reflexionar sobre la forma de hacer pol\u00edtica de muchos sectores\u201d"},"content":{"rendered":"\n<figure class=\"wp-block-image size-large\"><img loading=\"lazy\" decoding=\"async\" width=\"1024\" height=\"682\" data-attachment-id=\"141735\" data-permalink=\"https:\/\/www.hoymercedes.com.ar\/principal\/2021\/12\/20\/wado-de-pedro-dijo-que-el-20-de-diciembre-nos-debe-hacer-reflexionar-sobre-la-forma-de-hacer-politica-de-muchos-sectores\/wado-de-pedro-20-dic-2001\/#main\" data-orig-file=\"https:\/\/www.hoymercedes.com.ar\/principal\/wp-content\/uploads\/2021\/12\/Wado-de-Pedro-20-dic-2001.jpg\" data-orig-size=\"2000,1333\" data-comments-opened=\"0\" data-image-meta=\"{&quot;aperture&quot;:&quot;3.5&quot;,&quot;credit&quot;:&quot;&quot;,&quot;camera&quot;:&quot;NIKON D850&quot;,&quot;caption&quot;:&quot;&quot;,&quot;created_timestamp&quot;:&quot;1640014133&quot;,&quot;copyright&quot;:&quot;&quot;,&quot;focal_length&quot;:&quot;38&quot;,&quot;iso&quot;:&quot;100&quot;,&quot;shutter_speed&quot;:&quot;0.004&quot;,&quot;title&quot;:&quot;&quot;,&quot;orientation&quot;:&quot;0&quot;}\" data-image-title=\"Wado-de-Pedro-20-dic-2001\" data-image-description=\"\" data-image-caption=\"\" data-large-file=\"https:\/\/www.hoymercedes.com.ar\/principal\/wp-content\/uploads\/2021\/12\/Wado-de-Pedro-20-dic-2001-1024x682.jpg\" src=\"https:\/\/www.hoymercedes.com.ar\/principal\/wp-content\/uploads\/2021\/12\/Wado-de-Pedro-20-dic-2001-1024x682.jpg\" alt=\"\" class=\"wp-image-141735\" srcset=\"https:\/\/www.hoymercedes.com.ar\/principal\/wp-content\/uploads\/2021\/12\/Wado-de-Pedro-20-dic-2001-1024x682.jpg 1024w, https:\/\/www.hoymercedes.com.ar\/principal\/wp-content\/uploads\/2021\/12\/Wado-de-Pedro-20-dic-2001-630x420.jpg 630w, https:\/\/www.hoymercedes.com.ar\/principal\/wp-content\/uploads\/2021\/12\/Wado-de-Pedro-20-dic-2001-150x100.jpg 150w, https:\/\/www.hoymercedes.com.ar\/principal\/wp-content\/uploads\/2021\/12\/Wado-de-Pedro-20-dic-2001-1536x1024.jpg 1536w, https:\/\/www.hoymercedes.com.ar\/principal\/wp-content\/uploads\/2021\/12\/Wado-de-Pedro-20-dic-2001-700x465.jpg 700w, https:\/\/www.hoymercedes.com.ar\/principal\/wp-content\/uploads\/2021\/12\/Wado-de-Pedro-20-dic-2001.jpg 2000w\" sizes=\"auto, (max-width: 1024px) 100vw, 1024px\" \/><\/figure>\n\n\n\n<p>El ministro del Interior, Wado de Pedro, particip\u00f3 hoy de diferentes homenajes a las v\u00edctimas de la represi\u00f3n policial ocurrida el 20 de diciembre de 2001, realizados por organismos de Derechos Humanos y familiares de las v\u00edctimas de la violencia policial.<\/p>\n\n\n\n<p>\u201cEstamos acompa\u00f1ando a los familiares para recordar los sucesos acontecidos en 2001 en el lugar de los hechos. Ayer el presidente de la Naci\u00f3n, Alberto Fern\u00e1ndez, reconoci\u00f3 a los familiares durante un acto en el que tambi\u00e9n impuls\u00f3 un proyecto de ley para reparar, al menos econ\u00f3micamente, un da\u00f1o que es irreparable, tratando de acompa\u00f1ar y de estar cerca\u201d, comenz\u00f3 diciendo Wado de Pedro, para luego agregar: \u201cEs una jornada que nos debe hacer reflexionar respecto de la forma de hacer pol\u00edtica de muchos sectores. El 19 y 20 de diciembre se le dijo \u00b4basta\u00b4 al 25% de desocupaci\u00f3n, al casi 60% de pobreza, pero tambi\u00e9n se le dijo basta a un gobierno que en campa\u00f1a dijo una cosa y cuando le toc\u00f3 gobernar hizo otra\u201d.<\/p>\n\n\n\n<p>El titular de Interior record\u00f3 que se trat\u00f3 de un gobierno \u201cque hab\u00eda llegado para resolver los problemas de la sociedad, y lo que hicieron fue profundizarlos\u201d; y afirm\u00f3 que \u201ces la misma alianza, con actores muy parecidos a los que despu\u00e9s llegaron al gobierno en el 2015, tambi\u00e9n con el mismo m\u00e9todo, enga\u00f1ando a la sociedad con la complicidad de los medios\u201d.<\/p>\n\n\n\n<p>El ministro record\u00f3 tambi\u00e9n que esta \u00faltima experiencia desemboc\u00f3 en \u201cuna Argentina con el doble de desocupaci\u00f3n, con 25 mil industrias menos, y con todos los argentinos y las argentinas teniendo que soportar la espada del Fondo Monetario Internacional (FMI) sobre las futuras generaciones\u201d.<\/p>\n\n\n\n<p>\u201cTenemos que decir basta a esa clase de dirigentes que, mediante el enga\u00f1o, llegan al poder para beneficiar a un peque\u00f1o sector econ\u00f3mico de la Argentina o a un peque\u00f1o sector econ\u00f3mico internacional, y despu\u00e9s perjudican a varias generaciones de argentinos\u201d, concluy\u00f3 de Pedro.<\/p>\n\n\n\n<p>De este modo, a las 12 horas el funcionario nacional acompa\u00f1\u00f3 en las escalinatas del Congreso de la Naci\u00f3n a los familiares de Jorge Demetrio C\u00e1rdenas, el hombre baleado por la polic\u00eda en ese lugar durante la noche del 19 de diciembre de 2001.<\/p>\n\n\n\n<p>Posteriormente, a las 16, el ministro del Interior particip\u00f3 junto a la agrupaci\u00f3n Hijos y familiares de las v\u00edctimas de la colocaci\u00f3n de ofrendas y flores en las placas ubicadas en diferentes lugares del centro porte\u00f1o en donde fueron asesinados manifestantes durante la jornada del 20 de diciembre: Alberto M\u00e1rquez (Sarmiento y Carlos Pellegrini), Diego \u201cNano\u201d Lamagna y Carlos \u201cPetete\u201d Almir\u00f3n (Hip\u00f3lito Yirigoyen y Av. 9 de Julio), Gast\u00f3n Riva (Tacuar\u00ed y Avenida de Mayo) y Gustavo Benedetto (Chacabuco y Avenida de Mayo).<\/p>\n\n\n\n<p>A las 17.30, el titular de Interior estuvo presente en el acto de lectura del documento emitido por los y las familiares de las v\u00edctimas de la represi\u00f3n de 2001, con motivo de cumplirse el 20\u00b0 aniversario de esas fat\u00eddicas jornadas.<\/p>\n\n\n\n<p>Por \u00faltimo, a las 18, Wado de Pedro particip\u00f3 del homenaje a Gast\u00f3n Riva -el mensajero asesinado por la polic\u00eda el 20 de diciembre-, que organiz\u00f3 el Sindicato \u00danico de Conductores de Motos de la Rep\u00fablica Argentina (Sucmra), en Tacuar\u00ed y Avenida de Mayo.<\/p>\n","protected":false},"excerpt":{"rendered":"<p>El ministro del Interior, Wado de Pedro, particip\u00f3 hoy de diferentes homenajes a las v\u00edctimas de la represi\u00f3n policial ocurrida &#8230; <a title=\"\u00abWado\u00bb de Pedro dijo que el 20 de diciembre \u201cnos debe hacer reflexionar sobre la forma de hacer pol\u00edtica de muchos sectores\u201d\" class=\"read-more\" href=\"https:\/\/www.hoymercedes.com.ar\/principal\/2021\/12\/20\/wado-de-pedro-dijo-que-el-20-de-diciembre-nos-debe-hacer-reflexionar-sobre-la-forma-de-hacer-politica-de-muchos-sectores\/\" aria-label=\"Leer m\u00e1s sobre \u00abWado\u00bb de Pedro dijo que el 20 de diciembre \u201cnos debe hacer reflexionar sobre la forma de hacer pol\u00edtica de muchos sectores\u201d\">Leer m\u00e1s<\/a><\/p>\n","protected":false},"author":1,"featured_media":141735,"comment_status":"closed","ping_status":"open","sticky":false,"template":"","format":"standard","meta":{"_monsterinsights_skip_tracking":false,"_monsterinsights_sitenote_active":false,"_monsterinsights_sitenote_note":"","_monsterinsights_sitenote_category":0,"jetpack_post_was_ever_published":false,"_jetpack_newsletter_access":"","_jetpack_dont_email_post_to_subs":false,"_jetpack_newsletter_tier_id":0,"_jetpack_memberships_contains_paywalled_content":false,"_jetpack_memberships_contains_paid_content":false,"footnotes":"","jetpack_publicize_message":"","jetpack_publicize_feature_enabled":true,"jetpack_social_post_already_shared":true,"jetpack_social_options":{"image_generator_settings":{"template":"highway","default_image_id":0,"font":"","enabled":false},"version":2},"_wpas_customize_per_network":false},"categories":[5],"tags":[281],"class_list":["post-141734","post","type-post","status-publish","format-standard","has-post-thumbnail","hentry","category-politica","tag-wado-de-pedro","generate-columns","tablet-grid-50","mobile-grid-100","grid-parent","grid-50"],"jetpack_publicize_connections":[],"jetpack_featured_media_url":"https:\/\/www.hoymercedes.com.ar\/principal\/wp-content\/uploads\/2021\/12\/Wado-de-Pedro-20-dic-2001.jpg","wps_subtitle":"Politica Nacional","jetpack_sharing_enabled":true,"_links":{"self":[{"href":"https:\/\/www.hoymercedes.com.ar\/principal\/wp-json\/wp\/v2\/posts\/141734","targetHints":{"allow":["GET"]}}],"collection":[{"href":"https:\/\/www.hoymercedes.com.ar\/principal\/wp-json\/wp\/v2\/posts"}],"about":[{"href":"https:\/\/www.hoymercedes.com.ar\/principal\/wp-json\/wp\/v2\/types\/post"}],"author":[{"embeddable":true,"href":"https:\/\/www.hoymercedes.com.ar\/principal\/wp-json\/wp\/v2\/users\/1"}],"replies":[{"embeddable":true,"href":"https:\/\/www.hoymercedes.com.ar\/principal\/wp-json\/wp\/v2\/comments?post=141734"}],"version-history":[{"count":0,"href":"https:\/\/www.hoymercedes.com.ar\/principal\/wp-json\/wp\/v2\/posts\/141734\/revisions"}],"wp:featuredmedia":[{"embeddable":true,"href":"https:\/\/www.hoymercedes.com.ar\/principal\/wp-json\/wp\/v2\/media\/141735"}],"wp:attachment":[{"href":"https:\/\/www.hoymercedes.com.ar\/principal\/wp-json\/wp\/v2\/media?parent=141734"}],"wp:term":[{"taxonomy":"category","embeddable":true,"href":"https:\/\/www.hoymercedes.com.ar\/principal\/wp-json\/wp\/v2\/categories?post=141734"},{"taxonomy":"post_tag","embeddable":true,"href":"https:\/\/www.hoymercedes.com.ar\/principal\/wp-json\/wp\/v2\/tags?post=141734"}],"curies":[{"name":"wp","href":"https:\/\/api.w.org\/{rel}","templated":true}]}}