{"id":141751,"date":"2021-12-21T07:30:00","date_gmt":"2021-12-21T10:30:00","guid":{"rendered":"https:\/\/www.hoymercedes.com.ar\/principal\/?p=141751"},"modified":"2021-12-21T09:42:41","modified_gmt":"2021-12-21T12:42:41","slug":"aprehendido-por-robos-en-la-zona-rural","status":"publish","type":"post","link":"https:\/\/www.hoymercedes.com.ar\/principal\/2021\/12\/21\/aprehendido-por-robos-en-la-zona-rural\/","title":{"rendered":"Aprehendido por robos en la zona rural"},"content":{"rendered":"\n<p>La Secretar\u00eda de Seguridad del Municipio de Mercedes inform\u00f3 que encontraron en flagrancia a individuos en el interior de una vivienda en la zona rural. La persona fue identificada y se constat\u00f3 que \u00abse encontraba con prisi\u00f3n domicililaria bajo monitoreo electr\u00f3nico\u00bb y en el momento deber\u00eda haber estado realizando tareas laborales. <\/p>\n\n\n\n<p>El informe del \u00e1rea de Seguridad Municipal: <br>\u00abEn zona rural, vecinos alertaron al personal policial que hab\u00eda personas sospechosas merodeando la zona. Gracias al programa \u00abTranqueras Seguras\u00bb, el m\u00f3vil lleg\u00f3 r\u00e1pidamente y pudo encontrar en flagrancia a individuos sustrayendo pertenencias del interior de una vivienda. Emprendieron fuga en moto, pero uno de ellos fue aprehendido. Una vez identificado, se constat\u00f3 que el causante se encontraba con prisi\u00f3n domiciliaria bajo monitoreo electr\u00f3nico y, al momento del il\u00edcito, deb\u00eda estar realizando tareas laborales, ya que ten\u00eda autorizaci\u00f3n judicial para salir a trabajar\u00bb<\/p>\n","protected":false},"excerpt":{"rendered":"<p>La Secretar\u00eda de Seguridad del Municipio de Mercedes inform\u00f3 que encontraron en flagrancia a individuos en el interior de una &#8230; <a title=\"Aprehendido por robos en la zona rural\" class=\"read-more\" href=\"https:\/\/www.hoymercedes.com.ar\/principal\/2021\/12\/21\/aprehendido-por-robos-en-la-zona-rural\/\" aria-label=\"Leer m\u00e1s sobre Aprehendido por robos en la zona rural\">Leer m\u00e1s<\/a><\/p>\n","protected":false},"author":1,"featured_media":141752,"comment_status":"closed","ping_status":"open","sticky":false,"template":"","format":"standard","meta":{"_monsterinsights_skip_tracking":false,"_monsterinsights_sitenote_active":false,"_monsterinsights_sitenote_note":"","_monsterinsights_sitenote_category":0,"jetpack_post_was_ever_published":false,"_jetpack_newsletter_access":"","_jetpack_dont_email_post_to_subs":false,"_jetpack_newsletter_tier_id":0,"_jetpack_memberships_contains_paywalled_content":false,"_jetpack_memberships_contains_paid_content":false,"footnotes":"","jetpack_publicize_message":"","jetpack_publicize_feature_enabled":true,"jetpack_social_post_already_shared":true,"jetpack_social_options":{"image_generator_settings":{"template":"highway","default_image_id":0,"font":"","enabled":false},"version":2},"_wpas_customize_per_network":false},"categories":[85],"tags":[],"class_list":["post-141751","post","type-post","status-publish","format-standard","has-post-thumbnail","hentry","category-policial","generate-columns","tablet-grid-50","mobile-grid-100","grid-parent","grid-50"],"jetpack_publicize_connections":[],"jetpack_featured_media_url":"https:\/\/www.hoymercedes.com.ar\/principal\/wp-content\/uploads\/2021\/12\/apreh-rural.jpg","wps_subtitle":"","jetpack_sharing_enabled":true,"_links":{"self":[{"href":"https:\/\/www.hoymercedes.com.ar\/principal\/wp-json\/wp\/v2\/posts\/141751","targetHints":{"allow":["GET"]}}],"collection":[{"href":"https:\/\/www.hoymercedes.com.ar\/principal\/wp-json\/wp\/v2\/posts"}],"about":[{"href":"https:\/\/www.hoymercedes.com.ar\/principal\/wp-json\/wp\/v2\/types\/post"}],"author":[{"embeddable":true,"href":"https:\/\/www.hoymercedes.com.ar\/principal\/wp-json\/wp\/v2\/users\/1"}],"replies":[{"embeddable":true,"href":"https:\/\/www.hoymercedes.com.ar\/principal\/wp-json\/wp\/v2\/comments?post=141751"}],"version-history":[{"count":0,"href":"https:\/\/www.hoymercedes.com.ar\/principal\/wp-json\/wp\/v2\/posts\/141751\/revisions"}],"wp:featuredmedia":[{"embeddable":true,"href":"https:\/\/www.hoymercedes.com.ar\/principal\/wp-json\/wp\/v2\/media\/141752"}],"wp:attachment":[{"href":"https:\/\/www.hoymercedes.com.ar\/principal\/wp-json\/wp\/v2\/media?parent=141751"}],"wp:term":[{"taxonomy":"category","embeddable":true,"href":"https:\/\/www.hoymercedes.com.ar\/principal\/wp-json\/wp\/v2\/categories?post=141751"},{"taxonomy":"post_tag","embeddable":true,"href":"https:\/\/www.hoymercedes.com.ar\/principal\/wp-json\/wp\/v2\/tags?post=141751"}],"curies":[{"name":"wp","href":"https:\/\/api.w.org\/{rel}","templated":true}]}}