{"id":141763,"date":"2021-12-21T14:46:14","date_gmt":"2021-12-21T17:46:14","guid":{"rendered":"https:\/\/www.hoymercedes.com.ar\/principal\/?p=141763"},"modified":"2021-12-21T15:29:07","modified_gmt":"2021-12-21T18:29:07","slug":"justicia-mercedina-pide-captura-y-detienen-a-lujanense","status":"publish","type":"post","link":"https:\/\/www.hoymercedes.com.ar\/principal\/2021\/12\/21\/justicia-mercedina-pide-captura-y-detienen-a-lujanense\/","title":{"rendered":"Justicia mercedina pide captura y detienen a lujanense"},"content":{"rendered":"\n<figure class=\"wp-block-image size-full\"><img loading=\"lazy\" decoding=\"async\" width=\"900\" height=\"540\" data-attachment-id=\"141764\" data-permalink=\"https:\/\/www.hoymercedes.com.ar\/principal\/2021\/12\/21\/justicia-mercedina-pide-captura-y-detienen-a-lujanense\/detenido-lujan_\/#main\" data-orig-file=\"https:\/\/www.hoymercedes.com.ar\/principal\/wp-content\/uploads\/2021\/12\/Detenido.Lujan_.jpg\" data-orig-size=\"900,540\" data-comments-opened=\"0\" data-image-meta=\"{&quot;aperture&quot;:&quot;0&quot;,&quot;credit&quot;:&quot;&quot;,&quot;camera&quot;:&quot;&quot;,&quot;caption&quot;:&quot;&quot;,&quot;created_timestamp&quot;:&quot;0&quot;,&quot;copyright&quot;:&quot;&quot;,&quot;focal_length&quot;:&quot;0&quot;,&quot;iso&quot;:&quot;0&quot;,&quot;shutter_speed&quot;:&quot;0&quot;,&quot;title&quot;:&quot;&quot;,&quot;orientation&quot;:&quot;0&quot;}\" data-image-title=\"Detenido.Lujan_\" data-image-description=\"\" data-image-caption=\"\" data-large-file=\"https:\/\/www.hoymercedes.com.ar\/principal\/wp-content\/uploads\/2021\/12\/Detenido.Lujan_.jpg\" src=\"https:\/\/www.hoymercedes.com.ar\/principal\/wp-content\/uploads\/2021\/12\/Detenido.Lujan_.jpg\" alt=\"\" class=\"wp-image-141764\" srcset=\"https:\/\/www.hoymercedes.com.ar\/principal\/wp-content\/uploads\/2021\/12\/Detenido.Lujan_.jpg 900w, https:\/\/www.hoymercedes.com.ar\/principal\/wp-content\/uploads\/2021\/12\/Detenido.Lujan_-630x378.jpg 630w, https:\/\/www.hoymercedes.com.ar\/principal\/wp-content\/uploads\/2021\/12\/Detenido.Lujan_-150x90.jpg 150w\" sizes=\"auto, (max-width: 900px) 100vw, 900px\" \/><\/figure>\n\n\n\n<p>El procedimiento se vivi\u00f3 en la vecina ciudad de Luj\u00e1n. El masculino fue detenido en el barrio \u201cVilla Mar\u00eda\u201d a instancias del Comando de Patrullas cuando transitaba por la v\u00eda p\u00fablica. Intent\u00f3 darse a la fuga, pero finalmente lo capturaron. Se trata de un pedido del Tribunal en lo Criminal N\u00b0 3 de Mercedes que hab\u00eda solicitado su captura el 7 de agosto de 2021.<\/p>\n\n\n\n<p>El mencionado, de apellido Taborda, tiene varios hechos imputados, siendo alguno de ellos robos agravados por efracci\u00f3n, tambi\u00e9n en tentativa y encubrimiento en concurso real, afirmaron a El Civismo fuentes policiales.<\/p>\n\n\n\n<p>Ahora el sujeto deber\u00e1 comparecer ante la justicia mercedina por los hechos que se le acusan como de su autor\u00eda.<\/p>\n","protected":false},"excerpt":{"rendered":"<p>El procedimiento se vivi\u00f3 en la vecina ciudad de Luj\u00e1n. El masculino fue detenido en el barrio \u201cVilla Mar\u00eda\u201d a &#8230; <a title=\"Justicia mercedina pide captura y detienen a lujanense\" class=\"read-more\" href=\"https:\/\/www.hoymercedes.com.ar\/principal\/2021\/12\/21\/justicia-mercedina-pide-captura-y-detienen-a-lujanense\/\" aria-label=\"Leer m\u00e1s sobre Justicia mercedina pide captura y detienen a lujanense\">Leer m\u00e1s<\/a><\/p>\n","protected":false},"author":1,"featured_media":141764,"comment_status":"closed","ping_status":"open","sticky":false,"template":"","format":"standard","meta":{"_monsterinsights_skip_tracking":false,"_monsterinsights_sitenote_active":false,"_monsterinsights_sitenote_note":"","_monsterinsights_sitenote_category":0,"jetpack_post_was_ever_published":false,"_jetpack_newsletter_access":"","_jetpack_dont_email_post_to_subs":false,"_jetpack_newsletter_tier_id":0,"_jetpack_memberships_contains_paywalled_content":false,"_jetpack_memberships_contains_paid_content":false,"footnotes":"","jetpack_publicize_message":"","jetpack_publicize_feature_enabled":true,"jetpack_social_post_already_shared":true,"jetpack_social_options":{"image_generator_settings":{"template":"highway","default_image_id":0,"font":"","enabled":false},"version":2},"_wpas_customize_per_network":false},"categories":[85],"tags":[325,18147],"class_list":["post-141763","post","type-post","status-publish","format-standard","has-post-thumbnail","hentry","category-policial","tag-justicia","tag-tribunal-en-lo-criminal-n-3","generate-columns","tablet-grid-50","mobile-grid-100","grid-parent","grid-50"],"jetpack_publicize_connections":[],"jetpack_featured_media_url":"https:\/\/www.hoymercedes.com.ar\/principal\/wp-content\/uploads\/2021\/12\/Detenido.Lujan_.jpg","wps_subtitle":"Detenido","jetpack_sharing_enabled":true,"_links":{"self":[{"href":"https:\/\/www.hoymercedes.com.ar\/principal\/wp-json\/wp\/v2\/posts\/141763","targetHints":{"allow":["GET"]}}],"collection":[{"href":"https:\/\/www.hoymercedes.com.ar\/principal\/wp-json\/wp\/v2\/posts"}],"about":[{"href":"https:\/\/www.hoymercedes.com.ar\/principal\/wp-json\/wp\/v2\/types\/post"}],"author":[{"embeddable":true,"href":"https:\/\/www.hoymercedes.com.ar\/principal\/wp-json\/wp\/v2\/users\/1"}],"replies":[{"embeddable":true,"href":"https:\/\/www.hoymercedes.com.ar\/principal\/wp-json\/wp\/v2\/comments?post=141763"}],"version-history":[{"count":0,"href":"https:\/\/www.hoymercedes.com.ar\/principal\/wp-json\/wp\/v2\/posts\/141763\/revisions"}],"wp:featuredmedia":[{"embeddable":true,"href":"https:\/\/www.hoymercedes.com.ar\/principal\/wp-json\/wp\/v2\/media\/141764"}],"wp:attachment":[{"href":"https:\/\/www.hoymercedes.com.ar\/principal\/wp-json\/wp\/v2\/media?parent=141763"}],"wp:term":[{"taxonomy":"category","embeddable":true,"href":"https:\/\/www.hoymercedes.com.ar\/principal\/wp-json\/wp\/v2\/categories?post=141763"},{"taxonomy":"post_tag","embeddable":true,"href":"https:\/\/www.hoymercedes.com.ar\/principal\/wp-json\/wp\/v2\/tags?post=141763"}],"curies":[{"name":"wp","href":"https:\/\/api.w.org\/{rel}","templated":true}]}}