{"id":141798,"date":"2021-12-22T12:47:00","date_gmt":"2021-12-22T15:47:00","guid":{"rendered":"https:\/\/www.hoymercedes.com.ar\/principal\/?p=141798"},"modified":"2021-12-22T22:09:29","modified_gmt":"2021-12-23T01:09:29","slug":"mercedes-premiada-por-sus-trabajos-en-tierras-y-habitat","status":"publish","type":"post","link":"https:\/\/www.hoymercedes.com.ar\/principal\/2021\/12\/22\/mercedes-premiada-por-sus-trabajos-en-tierras-y-habitat\/","title":{"rendered":"Mercedes premiada por sus trabajos en Tierras y Habitat"},"content":{"rendered":"\n<p>Mercedes fue premiada por sus trabajos en el tierras y h\u00e1bitat. Se cont\u00f3 con la presencia del ministro Ferraresi y el secretario Scatolini. El jefe comunal Dr. Juan I. Ustarroz recibi\u00f3 el galard\u00f3n junto al subsecretario Dr. Javier Guevara. En esta ocasi\u00f3n es por la regularizaci\u00f3n del GEO con incorporaci\u00f3n de tierras al banco municipal. Al final del encuentro, Juan Ignacio Duarte present\u00f3 el libro \u201cEl Desarrollo Territorial en Argentina\u201d. La actividad estuvo a cargo de la Secretar\u00eda de Desarrollo Territorial de la Naci\u00f3n.<\/p>\n\n\n\n<div class=\"wp-block-image\"><figure class=\"aligncenter size-large\"><img loading=\"lazy\" decoding=\"async\" width=\"1024\" height=\"576\" data-attachment-id=\"141804\" data-permalink=\"https:\/\/www.hoymercedes.com.ar\/principal\/2021\/12\/22\/mercedes-premiada-por-sus-trabajos-en-tierras-y-habitat\/fhicer4wqayu-sz\/#main\" data-orig-file=\"https:\/\/www.hoymercedes.com.ar\/principal\/wp-content\/uploads\/2021\/12\/FHIcEr4WQAYu-sZ.jpg\" data-orig-size=\"1280,720\" data-comments-opened=\"0\" data-image-meta=\"{&quot;aperture&quot;:&quot;0&quot;,&quot;credit&quot;:&quot;&quot;,&quot;camera&quot;:&quot;&quot;,&quot;caption&quot;:&quot;&quot;,&quot;created_timestamp&quot;:&quot;0&quot;,&quot;copyright&quot;:&quot;&quot;,&quot;focal_length&quot;:&quot;0&quot;,&quot;iso&quot;:&quot;0&quot;,&quot;shutter_speed&quot;:&quot;0&quot;,&quot;title&quot;:&quot;&quot;,&quot;orientation&quot;:&quot;0&quot;}\" data-image-title=\"FHIcEr4WQAYu-sZ\" data-image-description=\"\" data-image-caption=\"\" data-large-file=\"https:\/\/www.hoymercedes.com.ar\/principal\/wp-content\/uploads\/2021\/12\/FHIcEr4WQAYu-sZ-1024x576.jpg\" src=\"https:\/\/www.hoymercedes.com.ar\/principal\/wp-content\/uploads\/2021\/12\/FHIcEr4WQAYu-sZ-1024x576.jpg\" alt=\"\" class=\"wp-image-141804\" srcset=\"https:\/\/www.hoymercedes.com.ar\/principal\/wp-content\/uploads\/2021\/12\/FHIcEr4WQAYu-sZ-1024x576.jpg 1024w, https:\/\/www.hoymercedes.com.ar\/principal\/wp-content\/uploads\/2021\/12\/FHIcEr4WQAYu-sZ-630x354.jpg 630w, https:\/\/www.hoymercedes.com.ar\/principal\/wp-content\/uploads\/2021\/12\/FHIcEr4WQAYu-sZ-150x84.jpg 150w, https:\/\/www.hoymercedes.com.ar\/principal\/wp-content\/uploads\/2021\/12\/FHIcEr4WQAYu-sZ.jpg 1280w\" sizes=\"auto, (max-width: 1024px) 100vw, 1024px\" \/><\/figure><\/div>\n\n\n\n<p>La jornada arranc\u00f3 a las 09.30hs y posteriormente diversos panelistas abordar\u00e1n temas como planificaci\u00f3n territorial; obra p\u00fablica y acceso al h\u00e1bitat; tras un breve receso funcionarios de distintos niveles disertaron sobre la gesti\u00f3n del suelo en los municipios. Antes de finalizar se hizo la entrega de los premios.<\/p>\n\n\n\n<p>Tras el almuerzo un panel de especialistas analiz\u00f3 \u201cEl recupero de valorizaci\u00f3n del suelo en el desarrollo urbano\u201d, durante el cual se analiz\u00f3 la importancia que los municipios y las provincias apliquen la plusval\u00eda.<\/p>\n\n\n\n<p>Luego de la jornada Scatolini y Duarte encabezaron la entrega de los premios al Programa Nacional de Proyectos Innovativos de Acceso al Suelo. En este caso el primero en recibir el premio \u2013el primer premio- fue el intendente de Mercedes Juan Ustarroz por la tarea realizada en el loteo de Agote conocido como \u201cGEO\u201d que permiti\u00f3 regularizar el dominio y sumar lotes para el banco municipal de tierras.<\/p>\n\n\n\n<p>Para el intendente Ustarroz \u201ces un gran orgullo recibir este reconocimiento para nuestro municipio. Es una muestra m\u00e1s del gran trabajo que se lleva adelante desde la Direcci\u00f3n de Tierras y de toda la comuna, con un enorme compromiso de las y los trabajadores municipales\u201d narr\u00f3 y destac\u00f3 que \u201cestamos tambi\u00e9n muy agradecidos al ministro Ferraresi, al secretario Scatolini, porque siempre nos acompa\u00f1an en proyectos de construcci\u00f3n de Vivienda, cr\u00e9ditos, obras, entre otros grandes aportes para nuestra comunidad\u201d<\/p>\n\n\n\n<p>Por su parte, el Dr. Javier Guevara sostuvo que \u201crealmente es gratificante que un panel de especialistas haya dado relevancia a la tarea que se realiz\u00f3 en la Direcci\u00f3n de Tierras. Esto es m\u00e9rito de todos los trabajadores del \u00e1rea, de su directora Valeria Ilarraz y por supuesto del intendente Ustarroz que haya por el a\u00f1o 2018 tom\u00f3 la decisi\u00f3n pol\u00edtica de darle relevancia al \u00e1rea que ven\u00eda trabajando silenciosamente\u201d.<\/p>\n\n\n\n<p>El cierre del evento estuvo a cargo del ministro de Desarrollo Territorial y H\u00e1bitat, Jorge Feraresi, quien valor\u00f3 el objetivo central de esta jornada, y remarc\u00f3 que \u201chay que empezar a poner en valor el rol del Estado como una herramienta clave para el desarrollo\u201d, y a partir de ello \u201cconstruir una Argentina a 20 a\u00f1os que incluya, que tenga en la agenda construir viviendas como un derecho de clase social ascendente que se mantenga en el tiempo\u201d.<\/p>\n\n\n\n<p>En ese sentido, el ministro resalt\u00f3 que \u201cla primera tarea clave para ello es generar suelo urbano, de calidad, para lograr de una vez por todas la democratizaci\u00f3n del suelo\u201d. \u201cEs importante que los argentinos tengan todo el mismo derecho de acceder a la misma calidad de suelo: suelo no inundable, con servicios, que se pueda desarrollar y pueda crecer a partir de este cambio de paradigma que erradica el concepto de \u00b4vivienda social\u00b4, que estigmatiza la pobreza\u201d, finaliz\u00f3 su discurso Ferraresi y cerr\u00f3 sosteniendo: \u201cExiste la idea que hay que dejarles una casa a nuestros hijos, y lo que tenemos que dejarle es una patria\u201d.<\/p>\n\n\n\n<p>Por Prensa Municipal <\/p>\n","protected":false},"excerpt":{"rendered":"<p>Mercedes fue premiada por sus trabajos en el tierras y h\u00e1bitat. Se cont\u00f3 con la presencia del ministro Ferraresi y &#8230; <a title=\"Mercedes premiada por sus trabajos en Tierras y Habitat\" class=\"read-more\" href=\"https:\/\/www.hoymercedes.com.ar\/principal\/2021\/12\/22\/mercedes-premiada-por-sus-trabajos-en-tierras-y-habitat\/\" aria-label=\"Leer m\u00e1s sobre Mercedes premiada por sus trabajos en Tierras y Habitat\">Leer m\u00e1s<\/a><\/p>\n","protected":false},"author":1,"featured_media":141804,"comment_status":"closed","ping_status":"open","sticky":false,"template":"","format":"standard","meta":{"_monsterinsights_skip_tracking":false,"_monsterinsights_sitenote_active":false,"_monsterinsights_sitenote_note":"","_monsterinsights_sitenote_category":0,"jetpack_post_was_ever_published":false,"_jetpack_newsletter_access":"","_jetpack_dont_email_post_to_subs":false,"_jetpack_newsletter_tier_id":0,"_jetpack_memberships_contains_paywalled_content":false,"_jetpack_memberships_contains_paid_content":false,"footnotes":"","jetpack_publicize_message":"","jetpack_publicize_feature_enabled":true,"jetpack_social_post_already_shared":true,"jetpack_social_options":{"image_generator_settings":{"template":"highway","default_image_id":0,"font":"","enabled":false},"version":2},"_wpas_customize_per_network":false},"categories":[30],"tags":[244],"class_list":["post-141798","post","type-post","status-publish","format-standard","has-post-thumbnail","hentry","category-municipio","tag-municipio-2","generate-columns","tablet-grid-50","mobile-grid-100","grid-parent","grid-50"],"jetpack_publicize_connections":[],"jetpack_featured_media_url":"https:\/\/www.hoymercedes.com.ar\/principal\/wp-content\/uploads\/2021\/12\/FHIcEr4WQAYu-sZ.jpg","wps_subtitle":"","jetpack_sharing_enabled":true,"_links":{"self":[{"href":"https:\/\/www.hoymercedes.com.ar\/principal\/wp-json\/wp\/v2\/posts\/141798","targetHints":{"allow":["GET"]}}],"collection":[{"href":"https:\/\/www.hoymercedes.com.ar\/principal\/wp-json\/wp\/v2\/posts"}],"about":[{"href":"https:\/\/www.hoymercedes.com.ar\/principal\/wp-json\/wp\/v2\/types\/post"}],"author":[{"embeddable":true,"href":"https:\/\/www.hoymercedes.com.ar\/principal\/wp-json\/wp\/v2\/users\/1"}],"replies":[{"embeddable":true,"href":"https:\/\/www.hoymercedes.com.ar\/principal\/wp-json\/wp\/v2\/comments?post=141798"}],"version-history":[{"count":0,"href":"https:\/\/www.hoymercedes.com.ar\/principal\/wp-json\/wp\/v2\/posts\/141798\/revisions"}],"wp:featuredmedia":[{"embeddable":true,"href":"https:\/\/www.hoymercedes.com.ar\/principal\/wp-json\/wp\/v2\/media\/141804"}],"wp:attachment":[{"href":"https:\/\/www.hoymercedes.com.ar\/principal\/wp-json\/wp\/v2\/media?parent=141798"}],"wp:term":[{"taxonomy":"category","embeddable":true,"href":"https:\/\/www.hoymercedes.com.ar\/principal\/wp-json\/wp\/v2\/categories?post=141798"},{"taxonomy":"post_tag","embeddable":true,"href":"https:\/\/www.hoymercedes.com.ar\/principal\/wp-json\/wp\/v2\/tags?post=141798"}],"curies":[{"name":"wp","href":"https:\/\/api.w.org\/{rel}","templated":true}]}}