{"id":141822,"date":"2021-12-23T13:40:38","date_gmt":"2021-12-23T16:40:38","guid":{"rendered":"https:\/\/www.hoymercedes.com.ar\/principal\/?p=141822"},"modified":"2021-12-23T13:40:44","modified_gmt":"2021-12-23T16:40:44","slug":"kicillof-anuncio-se-construira-una-nueva-carcel-en-mercedes","status":"publish","type":"post","link":"https:\/\/www.hoymercedes.com.ar\/principal\/2021\/12\/23\/kicillof-anuncio-se-construira-una-nueva-carcel-en-mercedes\/","title":{"rendered":"Kicillof anunci\u00f3 se construir\u00e1 una nueva c\u00e1rcel en Mercedes"},"content":{"rendered":"\n<figure class=\"wp-block-image size-large\"><img loading=\"lazy\" decoding=\"async\" width=\"1024\" height=\"682\" data-attachment-id=\"141824\" data-permalink=\"https:\/\/www.hoymercedes.com.ar\/principal\/2021\/12\/23\/kicillof-anuncio-se-construira-una-nueva-carcel-en-mercedes\/2021_12_22-ak-merlo_don_7672\/#main\" data-orig-file=\"https:\/\/www.hoymercedes.com.ar\/principal\/wp-content\/uploads\/2021\/12\/2021_12_22-AK-MERLO_DON_7672-scaled.jpg\" data-orig-size=\"2560,1704\" data-comments-opened=\"0\" data-image-meta=\"{&quot;aperture&quot;:&quot;4&quot;,&quot;credit&quot;:&quot;Diego Nasello&quot;,&quot;camera&quot;:&quot;NIKON D4&quot;,&quot;caption&quot;:&quot;&quot;,&quot;created_timestamp&quot;:&quot;1325365220&quot;,&quot;copyright&quot;:&quot;Diego Nasello&quot;,&quot;focal_length&quot;:&quot;32&quot;,&quot;iso&quot;:&quot;500&quot;,&quot;shutter_speed&quot;:&quot;0.0015625&quot;,&quot;title&quot;:&quot;&quot;,&quot;orientation&quot;:&quot;0&quot;}\" data-image-title=\"2021_12_22-AK-MERLO_DON_7672\" data-image-description=\"\" data-image-caption=\"\" data-large-file=\"https:\/\/www.hoymercedes.com.ar\/principal\/wp-content\/uploads\/2021\/12\/2021_12_22-AK-MERLO_DON_7672-1024x682.jpg\" src=\"https:\/\/www.hoymercedes.com.ar\/principal\/wp-content\/uploads\/2021\/12\/2021_12_22-AK-MERLO_DON_7672-1024x682.jpg\" alt=\"\" class=\"wp-image-141824\" srcset=\"https:\/\/www.hoymercedes.com.ar\/principal\/wp-content\/uploads\/2021\/12\/2021_12_22-AK-MERLO_DON_7672-1024x682.jpg 1024w, https:\/\/www.hoymercedes.com.ar\/principal\/wp-content\/uploads\/2021\/12\/2021_12_22-AK-MERLO_DON_7672-630x419.jpg 630w, https:\/\/www.hoymercedes.com.ar\/principal\/wp-content\/uploads\/2021\/12\/2021_12_22-AK-MERLO_DON_7672-150x100.jpg 150w, https:\/\/www.hoymercedes.com.ar\/principal\/wp-content\/uploads\/2021\/12\/2021_12_22-AK-MERLO_DON_7672-1536x1022.jpg 1536w, https:\/\/www.hoymercedes.com.ar\/principal\/wp-content\/uploads\/2021\/12\/2021_12_22-AK-MERLO_DON_7672-2048x1363.jpg 2048w, https:\/\/www.hoymercedes.com.ar\/principal\/wp-content\/uploads\/2021\/12\/2021_12_22-AK-MERLO_DON_7672-700x465.jpg 700w\" sizes=\"auto, (max-width: 1024px) 100vw, 1024px\" \/><\/figure>\n\n\n\n<p>El gobernador de la provincia de Buenos Aires, Axel Kicillof, encabez\u00f3 este mi\u00e9rcoles la puesta en marcha de 20 obras del Plan de Infraestructura Penitenciaria para la Provincia. Mercedes es una de las localidades beneficiadas. Alak record\u00f3 las gestiones de \u201cWado\u201d de Pedro que tantos a\u00f1os despu\u00e9s finalmente se concretar\u00e1n. Ustarroz estuvo presente. Ser\u00e1n para construir una nueva unidad penitenciaria que descomprimir\u00e1 la actual Unidad N\u00ba5, siendo la m\u00e1s vieja de la provincia.<\/p>\n\n\n\n<figure class=\"wp-block-embed is-type-video is-provider-youtube wp-block-embed-youtube wp-embed-aspect-16-9 wp-has-aspect-ratio\"><div class=\"wp-block-embed__wrapper\">\n<span class=\"embed-youtube\" style=\"text-align:center; display: block;\"><iframe loading=\"lazy\" class=\"youtube-player\" width=\"1200\" height=\"675\" src=\"https:\/\/www.youtube.com\/embed\/WrwLFYhjNUs?version=3&#038;rel=1&#038;showsearch=0&#038;showinfo=1&#038;iv_load_policy=1&#038;fs=1&#038;hl=es-ES&#038;autohide=2&#038;wmode=transparent\" allowfullscreen=\"true\" style=\"border:0;\" sandbox=\"allow-scripts allow-same-origin allow-popups allow-presentation allow-popups-to-escape-sandbox\"><\/iframe><\/span>\n<\/div><\/figure>\n\n\n\n<p>Estuvieron presentes, adem\u00e1s los ministros de Obras P\u00fablicas de la Naci\u00f3n, Gabriel Katopodis, y de Justicia y Derechos Humanos, Julio Alak, quienes suscribieron un convenio para continuar construyendo plazas en c\u00e1rceles y alcaid\u00edas bonaerenses. Participaron tambi\u00e9n el ministro del Interior de la Naci\u00f3n, Eduardo de Pedro e intendentes de las localidades beneficiadas.<\/p>\n\n\n\n<p>Ustarroz agradeci\u00f3 el apoyo recibido por la provincia, el constante acompa\u00f1amiento del ministro De Pedro y el trabajo realizado en las diversas gestiones que permitir\u00e1n esta importante obra en Mercedes.<\/p>\n\n\n\n<figure class=\"wp-block-image size-large\"><img loading=\"lazy\" decoding=\"async\" width=\"1024\" height=\"684\" data-attachment-id=\"141823\" data-permalink=\"https:\/\/www.hoymercedes.com.ar\/principal\/2021\/12\/23\/kicillof-anuncio-se-construira-una-nueva-carcel-en-mercedes\/fhp4_uoxmam3f6w\/#main\" data-orig-file=\"https:\/\/www.hoymercedes.com.ar\/principal\/wp-content\/uploads\/2021\/12\/FHP4_UoXMAM3F6W.jpg\" data-orig-size=\"1600,1068\" data-comments-opened=\"0\" data-image-meta=\"{&quot;aperture&quot;:&quot;0&quot;,&quot;credit&quot;:&quot;&quot;,&quot;camera&quot;:&quot;&quot;,&quot;caption&quot;:&quot;&quot;,&quot;created_timestamp&quot;:&quot;0&quot;,&quot;copyright&quot;:&quot;&quot;,&quot;focal_length&quot;:&quot;0&quot;,&quot;iso&quot;:&quot;0&quot;,&quot;shutter_speed&quot;:&quot;0&quot;,&quot;title&quot;:&quot;&quot;,&quot;orientation&quot;:&quot;0&quot;}\" data-image-title=\"FHP4_UoXMAM3F6W\" data-image-description=\"\" data-image-caption=\"\" data-large-file=\"https:\/\/www.hoymercedes.com.ar\/principal\/wp-content\/uploads\/2021\/12\/FHP4_UoXMAM3F6W-1024x684.jpg\" src=\"https:\/\/www.hoymercedes.com.ar\/principal\/wp-content\/uploads\/2021\/12\/FHP4_UoXMAM3F6W-1024x684.jpg\" alt=\"\" class=\"wp-image-141823\" srcset=\"https:\/\/www.hoymercedes.com.ar\/principal\/wp-content\/uploads\/2021\/12\/FHP4_UoXMAM3F6W-1024x684.jpg 1024w, https:\/\/www.hoymercedes.com.ar\/principal\/wp-content\/uploads\/2021\/12\/FHP4_UoXMAM3F6W-630x421.jpg 630w, https:\/\/www.hoymercedes.com.ar\/principal\/wp-content\/uploads\/2021\/12\/FHP4_UoXMAM3F6W-150x100.jpg 150w, https:\/\/www.hoymercedes.com.ar\/principal\/wp-content\/uploads\/2021\/12\/FHP4_UoXMAM3F6W-1536x1025.jpg 1536w, https:\/\/www.hoymercedes.com.ar\/principal\/wp-content\/uploads\/2021\/12\/FHP4_UoXMAM3F6W.jpg 1600w\" sizes=\"auto, (max-width: 1024px) 100vw, 1024px\" \/><\/figure>\n\n\n\n<p>Kicillof remarc\u00f3 que \u201cestamos llevando adelante una verdadera transformaci\u00f3n del sistema penitenciario, para que las c\u00e1rceles dejen de implicar una tortura y se conviertan en un camino hacia la reinserci\u00f3n social\u201d. \u201cRespetando los derechos humanos e impulsando planes educativos y talleres laborales, haremos que quienes cumplan sus condenas tengan las oportunidades necesarias para desarrollar una nueva vida\u201d, concluy\u00f3.<\/p>\n\n\n\n<p>El convenio celebrado con la Naci\u00f3n establece fondos por 18 mil millones de pesos para la construcci\u00f3n de tres unidades penitenciarias en Moreno, Mercedes y Florencio Varela; y 10 alcaid\u00edas en Moreno, Tres de Febrero, Tigre, La Plata, Hurlingham, Mor\u00f3n, La Matanza, Ezeiza, Lan\u00fas y Quilmes.<\/p>\n","protected":false},"excerpt":{"rendered":"<p>El gobernador de la provincia de Buenos Aires, Axel Kicillof, encabez\u00f3 este mi\u00e9rcoles la puesta en marcha de 20 obras &#8230; <a title=\"Kicillof anunci\u00f3 se construir\u00e1 una nueva c\u00e1rcel en Mercedes\" class=\"read-more\" href=\"https:\/\/www.hoymercedes.com.ar\/principal\/2021\/12\/23\/kicillof-anuncio-se-construira-una-nueva-carcel-en-mercedes\/\" aria-label=\"Leer m\u00e1s sobre Kicillof anunci\u00f3 se construir\u00e1 una nueva c\u00e1rcel en Mercedes\">Leer m\u00e1s<\/a><\/p>\n","protected":false},"author":1,"featured_media":141824,"comment_status":"closed","ping_status":"open","sticky":false,"template":"","format":"standard","meta":{"_monsterinsights_skip_tracking":false,"_monsterinsights_sitenote_active":false,"_monsterinsights_sitenote_note":"","_monsterinsights_sitenote_category":0,"jetpack_post_was_ever_published":false,"_jetpack_newsletter_access":"","_jetpack_dont_email_post_to_subs":false,"_jetpack_newsletter_tier_id":0,"_jetpack_memberships_contains_paywalled_content":false,"_jetpack_memberships_contains_paid_content":false,"footnotes":"","jetpack_publicize_message":"","jetpack_publicize_feature_enabled":true,"jetpack_social_post_already_shared":true,"jetpack_social_options":{"image_generator_settings":{"template":"highway","default_image_id":0,"font":"","enabled":false},"version":2},"_wpas_customize_per_network":false},"categories":[8],"tags":[17619,424,281],"class_list":["post-141822","post","type-post","status-publish","format-standard","has-post-thumbnail","hentry","category-sociedad","tag-axel-kicillof","tag-ustarroz","tag-wado-de-pedro","generate-columns","tablet-grid-50","mobile-grid-100","grid-parent","grid-50"],"jetpack_publicize_connections":[],"jetpack_featured_media_url":"https:\/\/www.hoymercedes.com.ar\/principal\/wp-content\/uploads\/2021\/12\/2021_12_22-AK-MERLO_DON_7672-scaled.jpg","wps_subtitle":"Infraestructura","jetpack_sharing_enabled":true,"_links":{"self":[{"href":"https:\/\/www.hoymercedes.com.ar\/principal\/wp-json\/wp\/v2\/posts\/141822","targetHints":{"allow":["GET"]}}],"collection":[{"href":"https:\/\/www.hoymercedes.com.ar\/principal\/wp-json\/wp\/v2\/posts"}],"about":[{"href":"https:\/\/www.hoymercedes.com.ar\/principal\/wp-json\/wp\/v2\/types\/post"}],"author":[{"embeddable":true,"href":"https:\/\/www.hoymercedes.com.ar\/principal\/wp-json\/wp\/v2\/users\/1"}],"replies":[{"embeddable":true,"href":"https:\/\/www.hoymercedes.com.ar\/principal\/wp-json\/wp\/v2\/comments?post=141822"}],"version-history":[{"count":0,"href":"https:\/\/www.hoymercedes.com.ar\/principal\/wp-json\/wp\/v2\/posts\/141822\/revisions"}],"wp:featuredmedia":[{"embeddable":true,"href":"https:\/\/www.hoymercedes.com.ar\/principal\/wp-json\/wp\/v2\/media\/141824"}],"wp:attachment":[{"href":"https:\/\/www.hoymercedes.com.ar\/principal\/wp-json\/wp\/v2\/media?parent=141822"}],"wp:term":[{"taxonomy":"category","embeddable":true,"href":"https:\/\/www.hoymercedes.com.ar\/principal\/wp-json\/wp\/v2\/categories?post=141822"},{"taxonomy":"post_tag","embeddable":true,"href":"https:\/\/www.hoymercedes.com.ar\/principal\/wp-json\/wp\/v2\/tags?post=141822"}],"curies":[{"name":"wp","href":"https:\/\/api.w.org\/{rel}","templated":true}]}}