{"id":141831,"date":"2021-12-23T21:28:29","date_gmt":"2021-12-24T00:28:29","guid":{"rendered":"https:\/\/www.hoymercedes.com.ar\/principal\/?p=141831"},"modified":"2021-12-23T21:28:32","modified_gmt":"2021-12-24T00:28:32","slug":"grave-siniestro-vial-en-acceso-sanmartin","status":"publish","type":"post","link":"https:\/\/www.hoymercedes.com.ar\/principal\/2021\/12\/23\/grave-siniestro-vial-en-acceso-sanmartin\/","title":{"rendered":"Grave siniestro vial en Acceso Sanmart\u00edn"},"content":{"rendered":"\n<p>Un grave siniestro vial se produjo pasadas las 19hs de este jueves en Acceso Sanmart\u00edn y 130. Se inform\u00f3 extra oficialmente que una joven de 27 a\u00f1os tendr\u00eda lesiones graves y se encuentran en el Hospital Blas L. Dubarry. La Polic\u00eda Comunal actu\u00f3 en el lugar, cortando la calzada mientras se efectuaban las primeras atenciones y las correspondientes pericias cient\u00edficas. <\/p>\n\n\n\n<p>Por el momento se desconocen los detalles. Extra oficialmente se dijo que podr\u00eda haber sido entre un cami\u00f3n y una motocicleta y que la joven trabaja en un reconocido comercio c\u00e9ntrico.<\/p>\n\n\n\n<p>&#8211; Noticia en desarrollo &#8211; <\/p>\n","protected":false},"excerpt":{"rendered":"<p>Un grave siniestro vial se produjo pasadas las 19hs de este jueves en Acceso Sanmart\u00edn y 130. Se inform\u00f3 extra &#8230; <a title=\"Grave siniestro vial en Acceso Sanmart\u00edn\" class=\"read-more\" href=\"https:\/\/www.hoymercedes.com.ar\/principal\/2021\/12\/23\/grave-siniestro-vial-en-acceso-sanmartin\/\" aria-label=\"Leer m\u00e1s sobre Grave siniestro vial en Acceso Sanmart\u00edn\">Leer m\u00e1s<\/a><\/p>\n","protected":false},"author":1,"featured_media":127982,"comment_status":"closed","ping_status":"open","sticky":false,"template":"","format":"standard","meta":{"_monsterinsights_skip_tracking":false,"_monsterinsights_sitenote_active":false,"_monsterinsights_sitenote_note":"","_monsterinsights_sitenote_category":0,"jetpack_post_was_ever_published":false,"_jetpack_newsletter_access":"","_jetpack_dont_email_post_to_subs":false,"_jetpack_newsletter_tier_id":0,"_jetpack_memberships_contains_paywalled_content":false,"_jetpack_memberships_contains_paid_content":false,"footnotes":"","jetpack_publicize_message":"","jetpack_publicize_feature_enabled":true,"jetpack_social_post_already_shared":true,"jetpack_social_options":{"image_generator_settings":{"template":"highway","default_image_id":0,"font":"","enabled":false},"version":2},"_wpas_customize_per_network":false},"categories":[85],"tags":[10395],"class_list":["post-141831","post","type-post","status-publish","format-standard","has-post-thumbnail","hentry","category-policial","tag-siniestro-vial","generate-columns","tablet-grid-50","mobile-grid-100","grid-parent","grid-50"],"jetpack_publicize_connections":[],"jetpack_featured_media_url":"https:\/\/www.hoymercedes.com.ar\/principal\/wp-content\/uploads\/2021\/04\/PoliciaComual.jpg","wps_subtitle":"Siniestro vial ","jetpack_sharing_enabled":true,"_links":{"self":[{"href":"https:\/\/www.hoymercedes.com.ar\/principal\/wp-json\/wp\/v2\/posts\/141831","targetHints":{"allow":["GET"]}}],"collection":[{"href":"https:\/\/www.hoymercedes.com.ar\/principal\/wp-json\/wp\/v2\/posts"}],"about":[{"href":"https:\/\/www.hoymercedes.com.ar\/principal\/wp-json\/wp\/v2\/types\/post"}],"author":[{"embeddable":true,"href":"https:\/\/www.hoymercedes.com.ar\/principal\/wp-json\/wp\/v2\/users\/1"}],"replies":[{"embeddable":true,"href":"https:\/\/www.hoymercedes.com.ar\/principal\/wp-json\/wp\/v2\/comments?post=141831"}],"version-history":[{"count":0,"href":"https:\/\/www.hoymercedes.com.ar\/principal\/wp-json\/wp\/v2\/posts\/141831\/revisions"}],"wp:featuredmedia":[{"embeddable":true,"href":"https:\/\/www.hoymercedes.com.ar\/principal\/wp-json\/wp\/v2\/media\/127982"}],"wp:attachment":[{"href":"https:\/\/www.hoymercedes.com.ar\/principal\/wp-json\/wp\/v2\/media?parent=141831"}],"wp:term":[{"taxonomy":"category","embeddable":true,"href":"https:\/\/www.hoymercedes.com.ar\/principal\/wp-json\/wp\/v2\/categories?post=141831"},{"taxonomy":"post_tag","embeddable":true,"href":"https:\/\/www.hoymercedes.com.ar\/principal\/wp-json\/wp\/v2\/tags?post=141831"}],"curies":[{"name":"wp","href":"https:\/\/api.w.org\/{rel}","templated":true}]}}