{"id":141861,"date":"2021-12-24T19:29:44","date_gmt":"2021-12-24T22:29:44","guid":{"rendered":"https:\/\/www.hoymercedes.com.ar\/principal\/?p=141861"},"modified":"2021-12-24T19:29:49","modified_gmt":"2021-12-24T22:29:49","slug":"fallecio-la-joven-involucrada-en-siniestro-vial-en-acceso-sanmartin","status":"publish","type":"post","link":"https:\/\/www.hoymercedes.com.ar\/principal\/2021\/12\/24\/fallecio-la-joven-involucrada-en-siniestro-vial-en-acceso-sanmartin\/","title":{"rendered":"Falleci\u00f3 la joven involucrada en siniestro vial en Acceso Sanmart\u00edn"},"content":{"rendered":"\n<p>Lamentablemente durante la jornada de este 24 de diciembre se conoci\u00f3 la triste noticia del fallecimiento de la joven de 26 a\u00f1os de edad que en el d\u00eda de ayer tuvo un siniestro grave en Acceso Sanmart\u00edn y 130. Estaba internada en el Hospital Blas. L Dubarry.<\/p>\n\n\n\n<p>El siniestro se produjo alrededor de las 19hs del d\u00eda de ayer cuando la joven v\u00edctima se movilizaba en una motocicleta y por motivos que son parte de la investigaci\u00f3n tiene el lamentable acontecimiento con una camioneta como la otra parte involucrada.<\/p>\n\n\n\n<p>La joven, Antonela, era empleada de un comercio de la zona. Extraoficialmente se dijo que iban ambos veh\u00edculos en la misma direcci\u00f3n.<\/p>\n","protected":false},"excerpt":{"rendered":"<p>Lamentablemente durante la jornada de este 24 de diciembre se conoci\u00f3 la triste noticia del fallecimiento de la joven de &#8230; <a title=\"Falleci\u00f3 la joven involucrada en siniestro vial en Acceso Sanmart\u00edn\" class=\"read-more\" href=\"https:\/\/www.hoymercedes.com.ar\/principal\/2021\/12\/24\/fallecio-la-joven-involucrada-en-siniestro-vial-en-acceso-sanmartin\/\" aria-label=\"Leer m\u00e1s sobre Falleci\u00f3 la joven involucrada en siniestro vial en Acceso Sanmart\u00edn\">Leer m\u00e1s<\/a><\/p>\n","protected":false},"author":1,"featured_media":127982,"comment_status":"closed","ping_status":"open","sticky":false,"template":"","format":"standard","meta":{"_monsterinsights_skip_tracking":false,"_monsterinsights_sitenote_active":false,"_monsterinsights_sitenote_note":"","_monsterinsights_sitenote_category":0,"jetpack_post_was_ever_published":false,"_jetpack_newsletter_access":"","_jetpack_dont_email_post_to_subs":false,"_jetpack_newsletter_tier_id":0,"_jetpack_memberships_contains_paywalled_content":false,"_jetpack_memberships_contains_paid_content":false,"footnotes":"","jetpack_publicize_message":"","jetpack_publicize_feature_enabled":true,"jetpack_social_post_already_shared":true,"jetpack_social_options":{"image_generator_settings":{"template":"highway","default_image_id":0,"font":"","enabled":false},"version":2},"_wpas_customize_per_network":false},"categories":[8],"tags":[10395],"class_list":["post-141861","post","type-post","status-publish","format-standard","has-post-thumbnail","hentry","category-sociedad","tag-siniestro-vial","generate-columns","tablet-grid-50","mobile-grid-100","grid-parent","grid-50"],"jetpack_publicize_connections":[],"jetpack_featured_media_url":"https:\/\/www.hoymercedes.com.ar\/principal\/wp-content\/uploads\/2021\/04\/PoliciaComual.jpg","wps_subtitle":"Lamentable suceso","jetpack_sharing_enabled":true,"_links":{"self":[{"href":"https:\/\/www.hoymercedes.com.ar\/principal\/wp-json\/wp\/v2\/posts\/141861","targetHints":{"allow":["GET"]}}],"collection":[{"href":"https:\/\/www.hoymercedes.com.ar\/principal\/wp-json\/wp\/v2\/posts"}],"about":[{"href":"https:\/\/www.hoymercedes.com.ar\/principal\/wp-json\/wp\/v2\/types\/post"}],"author":[{"embeddable":true,"href":"https:\/\/www.hoymercedes.com.ar\/principal\/wp-json\/wp\/v2\/users\/1"}],"replies":[{"embeddable":true,"href":"https:\/\/www.hoymercedes.com.ar\/principal\/wp-json\/wp\/v2\/comments?post=141861"}],"version-history":[{"count":0,"href":"https:\/\/www.hoymercedes.com.ar\/principal\/wp-json\/wp\/v2\/posts\/141861\/revisions"}],"wp:featuredmedia":[{"embeddable":true,"href":"https:\/\/www.hoymercedes.com.ar\/principal\/wp-json\/wp\/v2\/media\/127982"}],"wp:attachment":[{"href":"https:\/\/www.hoymercedes.com.ar\/principal\/wp-json\/wp\/v2\/media?parent=141861"}],"wp:term":[{"taxonomy":"category","embeddable":true,"href":"https:\/\/www.hoymercedes.com.ar\/principal\/wp-json\/wp\/v2\/categories?post=141861"},{"taxonomy":"post_tag","embeddable":true,"href":"https:\/\/www.hoymercedes.com.ar\/principal\/wp-json\/wp\/v2\/tags?post=141861"}],"curies":[{"name":"wp","href":"https:\/\/api.w.org\/{rel}","templated":true}]}}