{"id":141895,"date":"2021-12-25T18:18:00","date_gmt":"2021-12-25T21:18:00","guid":{"rendered":"https:\/\/www.hoymercedes.com.ar\/principal\/?p=141895"},"modified":"2021-12-25T21:22:32","modified_gmt":"2021-12-26T00:22:32","slug":"detienen-a-una-mujer-en-allanamiento-por-venta-de-drogas","status":"publish","type":"post","link":"https:\/\/www.hoymercedes.com.ar\/principal\/2021\/12\/25\/detienen-a-una-mujer-en-allanamiento-por-venta-de-drogas\/","title":{"rendered":"Detienen a una mujer en allanamiento por venta de drogas"},"content":{"rendered":"\n<p>Personal de Estaci\u00f3n de Polic\u00eda Comunal de San Antonio de Areco en forma conjunta con personal de la Delegaci\u00f3n Polic\u00eda Federal Mercedes, dieron cumplimiento a orden de allanamiento para el domicilio de calle\u00a0<strong>Bol\u00edvar al 200<\/strong>\u00a0de S.A. de Areco. <\/p>\n\n\n\n<p>Se procedi\u00f3 a la requisa del inmueble, sitio en cual se logra el\u00a0<strong>secuestro de coca\u00edna, marihuana, balanza de presi\u00f3n, dinero en efectivo, telefon\u00eda celular, notebook.<\/strong><\/p>\n\n\n\n<p>Estos elementos prueban la actividad il\u00edcita venta de estupefacientes, procedi\u00e9ndose a la detenci\u00f3n de una femenina mayor de edad.<\/p>\n\n\n\n<p>Resalt\u00e1ndose el trabajo en conjunto llevado a cabo por andas fuerzas, de lo cual se proseguir\u00e1 con este tipo de investigaciones.<\/p>\n\n\n\n<p>El informe policial expresa: \u00abEl pasado mi\u00e9rcoles 22 de diciembre, en horas de la tarde, los Agentes Federales con asiento en la ciudad de Mercedes, dieron cumplimiento a la medida judicial allanando el citado domicilio, donde se logr\u00f3 la detenci\u00f3n de\u00a0<strong>una mujer mayor de edad, argentina<\/strong>, domiciliada en el lugar, y el secuestro de una importante cantidad de clorhidrato de coca\u00edna y marihuana fraccionadas para la venta, una fuerte suma de dinero en efectivo en billetes de baja denominaci\u00f3n producto de la comercializaci\u00f3n de las sustancias il\u00edcitas, y distintos elementos de corte y fraccionamiento, como as\u00ed tambi\u00e9n equipos de telefon\u00eda celular y elementos inform\u00e1ticos. <br>Es importante mencionar que en un radio de quinientos metros aproximadamente, del domicilio allanado, se encuentran varias instituciones educativas de nivel primario, secundario y universitario, de los cuales algunos j\u00f3venes que concurren a dichos establecimientos podr\u00edan llegar a adquirir drogas.<br>En el hecho interviene el\u00a0<strong>Juzgado de Garant\u00edas N\u00b02<\/strong>\u00a0Departamento Judicial de Mercedes, a cargo del Dr. Marcelo E. Romero. Secretar\u00eda \u00danica a cargo del Dr. Radam\u00e9s S. Retegui,\u00a0<strong>U.F.I. N\u00b03<\/strong>\u00a0a cargo del Dr. Luis Emilio Carcagno.<\/p>\n\n\n\n<p>Fuente:<strong>Polic\u00eda Federal Argentina<\/strong><\/p>\n\n\n\n<div class=\"wp-block-image\"><figure class=\"aligncenter size-large\"><img loading=\"lazy\" decoding=\"async\" width=\"768\" height=\"1024\" data-attachment-id=\"141897\" data-permalink=\"https:\/\/www.hoymercedes.com.ar\/principal\/2021\/12\/25\/detienen-a-una-mujer-en-allanamiento-por-venta-de-drogas\/federal-2\/#main\" data-orig-file=\"https:\/\/www.hoymercedes.com.ar\/principal\/wp-content\/uploads\/2021\/12\/federal.png\" data-orig-size=\"896,1194\" data-comments-opened=\"0\" data-image-meta=\"{&quot;aperture&quot;:&quot;0&quot;,&quot;credit&quot;:&quot;&quot;,&quot;camera&quot;:&quot;&quot;,&quot;caption&quot;:&quot;&quot;,&quot;created_timestamp&quot;:&quot;0&quot;,&quot;copyright&quot;:&quot;&quot;,&quot;focal_length&quot;:&quot;0&quot;,&quot;iso&quot;:&quot;0&quot;,&quot;shutter_speed&quot;:&quot;0&quot;,&quot;title&quot;:&quot;&quot;,&quot;orientation&quot;:&quot;0&quot;}\" data-image-title=\"federal\" data-image-description=\"\" data-image-caption=\"\" data-large-file=\"https:\/\/www.hoymercedes.com.ar\/principal\/wp-content\/uploads\/2021\/12\/federal-768x1024.png\" src=\"https:\/\/www.hoymercedes.com.ar\/principal\/wp-content\/uploads\/2021\/12\/federal-768x1024.png\" alt=\"\" class=\"wp-image-141897\" srcset=\"https:\/\/www.hoymercedes.com.ar\/principal\/wp-content\/uploads\/2021\/12\/federal-768x1024.png 768w, https:\/\/www.hoymercedes.com.ar\/principal\/wp-content\/uploads\/2021\/12\/federal-465x620.png 465w, https:\/\/www.hoymercedes.com.ar\/principal\/wp-content\/uploads\/2021\/12\/federal-113x150.png 113w, https:\/\/www.hoymercedes.com.ar\/principal\/wp-content\/uploads\/2021\/12\/federal.png 896w\" sizes=\"auto, (max-width: 768px) 100vw, 768px\" \/><\/figure><\/div>\n\n\n\n<p> <\/p>\n","protected":false},"excerpt":{"rendered":"<p>Personal de Estaci\u00f3n de Polic\u00eda Comunal de San Antonio de Areco en forma conjunta con personal de la Delegaci\u00f3n Polic\u00eda &#8230; <a title=\"Detienen a una mujer en allanamiento por venta de drogas\" class=\"read-more\" href=\"https:\/\/www.hoymercedes.com.ar\/principal\/2021\/12\/25\/detienen-a-una-mujer-en-allanamiento-por-venta-de-drogas\/\" aria-label=\"Leer m\u00e1s sobre Detienen a una mujer en allanamiento por venta de drogas\">Leer m\u00e1s<\/a><\/p>\n","protected":false},"author":1,"featured_media":141897,"comment_status":"closed","ping_status":"open","sticky":false,"template":"","format":"standard","meta":{"_monsterinsights_skip_tracking":false,"_monsterinsights_sitenote_active":false,"_monsterinsights_sitenote_note":"","_monsterinsights_sitenote_category":0,"jetpack_post_was_ever_published":false,"_jetpack_newsletter_access":"","_jetpack_dont_email_post_to_subs":false,"_jetpack_newsletter_tier_id":0,"_jetpack_memberships_contains_paywalled_content":false,"_jetpack_memberships_contains_paid_content":false,"footnotes":"","jetpack_publicize_message":"","jetpack_publicize_feature_enabled":true,"jetpack_social_post_already_shared":true,"jetpack_social_options":{"image_generator_settings":{"template":"highway","default_image_id":0,"font":"","enabled":false},"version":2},"_wpas_customize_per_network":false},"categories":[85],"tags":[],"class_list":["post-141895","post","type-post","status-publish","format-standard","has-post-thumbnail","hentry","category-policial","generate-columns","tablet-grid-50","mobile-grid-100","grid-parent","grid-50"],"jetpack_publicize_connections":[],"jetpack_featured_media_url":"https:\/\/www.hoymercedes.com.ar\/principal\/wp-content\/uploads\/2021\/12\/federal.png","wps_subtitle":"","jetpack_sharing_enabled":true,"_links":{"self":[{"href":"https:\/\/www.hoymercedes.com.ar\/principal\/wp-json\/wp\/v2\/posts\/141895","targetHints":{"allow":["GET"]}}],"collection":[{"href":"https:\/\/www.hoymercedes.com.ar\/principal\/wp-json\/wp\/v2\/posts"}],"about":[{"href":"https:\/\/www.hoymercedes.com.ar\/principal\/wp-json\/wp\/v2\/types\/post"}],"author":[{"embeddable":true,"href":"https:\/\/www.hoymercedes.com.ar\/principal\/wp-json\/wp\/v2\/users\/1"}],"replies":[{"embeddable":true,"href":"https:\/\/www.hoymercedes.com.ar\/principal\/wp-json\/wp\/v2\/comments?post=141895"}],"version-history":[{"count":0,"href":"https:\/\/www.hoymercedes.com.ar\/principal\/wp-json\/wp\/v2\/posts\/141895\/revisions"}],"wp:featuredmedia":[{"embeddable":true,"href":"https:\/\/www.hoymercedes.com.ar\/principal\/wp-json\/wp\/v2\/media\/141897"}],"wp:attachment":[{"href":"https:\/\/www.hoymercedes.com.ar\/principal\/wp-json\/wp\/v2\/media?parent=141895"}],"wp:term":[{"taxonomy":"category","embeddable":true,"href":"https:\/\/www.hoymercedes.com.ar\/principal\/wp-json\/wp\/v2\/categories?post=141895"},{"taxonomy":"post_tag","embeddable":true,"href":"https:\/\/www.hoymercedes.com.ar\/principal\/wp-json\/wp\/v2\/tags?post=141895"}],"curies":[{"name":"wp","href":"https:\/\/api.w.org\/{rel}","templated":true}]}}