{"id":141936,"date":"2021-12-27T18:37:00","date_gmt":"2021-12-27T21:37:00","guid":{"rendered":"https:\/\/www.hoymercedes.com.ar\/principal\/?p=141936"},"modified":"2021-12-27T20:06:45","modified_gmt":"2021-12-27T23:06:45","slug":"detenido-por-exhibiciones-obsenas","status":"publish","type":"post","link":"https:\/\/www.hoymercedes.com.ar\/principal\/2021\/12\/27\/detenido-por-exhibiciones-obsenas\/","title":{"rendered":"Detenido por exhibiciones obscenas"},"content":{"rendered":"\n<p>La Comisar\u00eda de la Mujer y la Familia dio r\u00e1pida respuesta a un llamado al 911 efectuado por una mujer de 29 a\u00f1os de edad que se\u00f1al\u00f3 que un hombre, joven, habia estado exponindo sus genitales en p\u00fablico.<\/p>\n\n\n\n<p>Tras la toma de declaraciones la Polic\u00eda logra identificar al sujeto quien acusa 23 a\u00f1os de edad.<\/p>\n\n\n\n<p>Se expres\u00f3 tambi\u00e9n el mencionado ofrec\u00eda dinero a cambio de sexo, seg\u00fan declaraci\u00f3n de la testigo.<\/p>\n\n\n\n<p>En la causa iniciada interviene la U.F.I N\u00ba6 de Mercedes<\/p>\n","protected":false},"excerpt":{"rendered":"<p>La Comisar\u00eda de la Mujer y la Familia dio r\u00e1pida respuesta a un llamado al 911 efectuado por una mujer &#8230; <a title=\"Detenido por exhibiciones obscenas\" class=\"read-more\" href=\"https:\/\/www.hoymercedes.com.ar\/principal\/2021\/12\/27\/detenido-por-exhibiciones-obsenas\/\" aria-label=\"Leer m\u00e1s sobre Detenido por exhibiciones obscenas\">Leer m\u00e1s<\/a><\/p>\n","protected":false},"author":1,"featured_media":92785,"comment_status":"closed","ping_status":"open","sticky":false,"template":"","format":"standard","meta":{"_monsterinsights_skip_tracking":false,"_monsterinsights_sitenote_active":false,"_monsterinsights_sitenote_note":"","_monsterinsights_sitenote_category":0,"jetpack_post_was_ever_published":false,"_jetpack_newsletter_access":"","_jetpack_dont_email_post_to_subs":false,"_jetpack_newsletter_tier_id":0,"_jetpack_memberships_contains_paywalled_content":false,"_jetpack_memberships_contains_paid_content":false,"footnotes":"","jetpack_publicize_message":"","jetpack_publicize_feature_enabled":true,"jetpack_social_post_already_shared":true,"jetpack_social_options":{"image_generator_settings":{"template":"highway","default_image_id":0,"font":"","enabled":false},"version":2},"_wpas_customize_per_network":false},"categories":[85],"tags":[18158],"class_list":["post-141936","post","type-post","status-publish","format-standard","has-post-thumbnail","hentry","category-policial","tag-exibicionismo","generate-columns","tablet-grid-50","mobile-grid-100","grid-parent","grid-50"],"jetpack_publicize_connections":[],"jetpack_featured_media_url":"https:\/\/www.hoymercedes.com.ar\/principal\/wp-content\/uploads\/2019\/05\/12-policia-patrulleros.jpg","wps_subtitle":"Detenido en la v\u00eda p\u00fablica","jetpack_sharing_enabled":true,"_links":{"self":[{"href":"https:\/\/www.hoymercedes.com.ar\/principal\/wp-json\/wp\/v2\/posts\/141936","targetHints":{"allow":["GET"]}}],"collection":[{"href":"https:\/\/www.hoymercedes.com.ar\/principal\/wp-json\/wp\/v2\/posts"}],"about":[{"href":"https:\/\/www.hoymercedes.com.ar\/principal\/wp-json\/wp\/v2\/types\/post"}],"author":[{"embeddable":true,"href":"https:\/\/www.hoymercedes.com.ar\/principal\/wp-json\/wp\/v2\/users\/1"}],"replies":[{"embeddable":true,"href":"https:\/\/www.hoymercedes.com.ar\/principal\/wp-json\/wp\/v2\/comments?post=141936"}],"version-history":[{"count":0,"href":"https:\/\/www.hoymercedes.com.ar\/principal\/wp-json\/wp\/v2\/posts\/141936\/revisions"}],"wp:featuredmedia":[{"embeddable":true,"href":"https:\/\/www.hoymercedes.com.ar\/principal\/wp-json\/wp\/v2\/media\/92785"}],"wp:attachment":[{"href":"https:\/\/www.hoymercedes.com.ar\/principal\/wp-json\/wp\/v2\/media?parent=141936"}],"wp:term":[{"taxonomy":"category","embeddable":true,"href":"https:\/\/www.hoymercedes.com.ar\/principal\/wp-json\/wp\/v2\/categories?post=141936"},{"taxonomy":"post_tag","embeddable":true,"href":"https:\/\/www.hoymercedes.com.ar\/principal\/wp-json\/wp\/v2\/tags?post=141936"}],"curies":[{"name":"wp","href":"https:\/\/api.w.org\/{rel}","templated":true}]}}