{"id":142028,"date":"2021-12-28T19:22:00","date_gmt":"2021-12-28T22:22:00","guid":{"rendered":"https:\/\/www.hoymercedes.com.ar\/principal\/?p=142028"},"modified":"2021-12-28T19:22:07","modified_gmt":"2021-12-28T22:22:07","slug":"mujer-y-hombre-detenidos-acusados-de-abuso-sexual-agravado","status":"publish","type":"post","link":"https:\/\/www.hoymercedes.com.ar\/principal\/2021\/12\/28\/mujer-y-hombre-detenidos-acusados-de-abuso-sexual-agravado\/","title":{"rendered":"Mujer y hombre detenidos acusados de \u201cabuso sexual agravado\u201d"},"content":{"rendered":"\n<p>Tras orden del Juzgado de Garant\u00edas N\u00ba1 y la U.F.I N\u00ba4 un masculino fue detenido junto a una femenina siendo buscados por una causa con car\u00e1tula de \u201cabuso sexual agravado\u201d. Ahora deber\u00e1n rendir cuentas por las acusaciones ante el Departamento Judicial Mercedes.<\/p>\n\n\n\n<p>Los sujetos, el masculino de 63 a\u00f1os de edad y la femenina de 31 a\u00f1os de edad, ambos tienen domicilio en nuestra ciudad.<\/p>\n\n\n\n<p>Por motivos l\u00f3gicos de las investigaciones de este tipo de delitos hay cuestiones que se mantienen en reserva.<\/p>\n\n\n\n<p>La detenci\u00f3n fue concretada en Avenida 29 en una zona casi c\u00e9ntrica por parte de la Polic\u00eda Comunal Mercedes. <\/p>\n","protected":false},"excerpt":{"rendered":"<p>Tras orden del Juzgado de Garant\u00edas N\u00ba1 y la U.F.I N\u00ba4 un masculino fue detenido junto a una femenina siendo &#8230; <a title=\"Mujer y hombre detenidos acusados de \u201cabuso sexual agravado\u201d\" class=\"read-more\" href=\"https:\/\/www.hoymercedes.com.ar\/principal\/2021\/12\/28\/mujer-y-hombre-detenidos-acusados-de-abuso-sexual-agravado\/\" aria-label=\"Leer m\u00e1s sobre Mujer y hombre detenidos acusados de \u201cabuso sexual agravado\u201d\">Leer m\u00e1s<\/a><\/p>\n","protected":false},"author":1,"featured_media":73586,"comment_status":"closed","ping_status":"open","sticky":false,"template":"","format":"standard","meta":{"_monsterinsights_skip_tracking":false,"_monsterinsights_sitenote_active":false,"_monsterinsights_sitenote_note":"","_monsterinsights_sitenote_category":0,"jetpack_post_was_ever_published":false,"_jetpack_newsletter_access":"","_jetpack_dont_email_post_to_subs":false,"_jetpack_newsletter_tier_id":0,"_jetpack_memberships_contains_paywalled_content":false,"_jetpack_memberships_contains_paid_content":false,"footnotes":"","jetpack_publicize_message":"","jetpack_publicize_feature_enabled":true,"jetpack_social_post_already_shared":true,"jetpack_social_options":{"image_generator_settings":{"template":"highway","default_image_id":0,"font":"","enabled":false},"version":2},"_wpas_customize_per_network":false},"categories":[85],"tags":[5797,5766],"class_list":["post-142028","post","type-post","status-publish","format-standard","has-post-thumbnail","hentry","category-policial","tag-abuso-sexual","tag-policia-comunal","generate-columns","tablet-grid-50","mobile-grid-100","grid-parent","grid-50"],"jetpack_publicize_connections":[],"jetpack_featured_media_url":"https:\/\/www.hoymercedes.com.ar\/principal\/wp-content\/uploads\/2018\/03\/policia-patrullero.jpg","wps_subtitle":"Intervenci\u00f3n judicial y policial","jetpack_sharing_enabled":true,"_links":{"self":[{"href":"https:\/\/www.hoymercedes.com.ar\/principal\/wp-json\/wp\/v2\/posts\/142028","targetHints":{"allow":["GET"]}}],"collection":[{"href":"https:\/\/www.hoymercedes.com.ar\/principal\/wp-json\/wp\/v2\/posts"}],"about":[{"href":"https:\/\/www.hoymercedes.com.ar\/principal\/wp-json\/wp\/v2\/types\/post"}],"author":[{"embeddable":true,"href":"https:\/\/www.hoymercedes.com.ar\/principal\/wp-json\/wp\/v2\/users\/1"}],"replies":[{"embeddable":true,"href":"https:\/\/www.hoymercedes.com.ar\/principal\/wp-json\/wp\/v2\/comments?post=142028"}],"version-history":[{"count":0,"href":"https:\/\/www.hoymercedes.com.ar\/principal\/wp-json\/wp\/v2\/posts\/142028\/revisions"}],"wp:featuredmedia":[{"embeddable":true,"href":"https:\/\/www.hoymercedes.com.ar\/principal\/wp-json\/wp\/v2\/media\/73586"}],"wp:attachment":[{"href":"https:\/\/www.hoymercedes.com.ar\/principal\/wp-json\/wp\/v2\/media?parent=142028"}],"wp:term":[{"taxonomy":"category","embeddable":true,"href":"https:\/\/www.hoymercedes.com.ar\/principal\/wp-json\/wp\/v2\/categories?post=142028"},{"taxonomy":"post_tag","embeddable":true,"href":"https:\/\/www.hoymercedes.com.ar\/principal\/wp-json\/wp\/v2\/tags?post=142028"}],"curies":[{"name":"wp","href":"https:\/\/api.w.org\/{rel}","templated":true}]}}