{"id":142065,"date":"2021-12-29T11:45:00","date_gmt":"2021-12-29T14:45:00","guid":{"rendered":"https:\/\/www.hoymercedes.com.ar\/principal\/?p=142065"},"modified":"2021-12-29T11:16:50","modified_gmt":"2021-12-29T14:16:50","slug":"por-robos-y-estafa-hubo-11-allanamientos-y-cuatro-aprehendidos","status":"publish","type":"post","link":"https:\/\/www.hoymercedes.com.ar\/principal\/2021\/12\/29\/por-robos-y-estafa-hubo-11-allanamientos-y-cuatro-aprehendidos\/","title":{"rendered":"Por \u201crobos\u201d y \u201cestafa\u201d hubo 11 allanamientos y cuatro aprehendidos"},"content":{"rendered":"\n<p>La DDI Luj\u00e1n y las Sub DDI de nuestra ciudad y Chivilcoy realizaron 11 allanamientos en diversas ciudades y aprehendieron a cuatro sujetos que est\u00e1n acusados de integrar una banda que ven\u00eda\u00a0 cometiendo \u201crobos calificados\u201d y hasta una \u201cestafa\u201d en Luj\u00e1n, Mercedes, Chvilcoy, Carmen de Areco, Moreno y CABA.<\/p>\n\n\n\n<p>Seg\u00fan informaron, este martes personal policial de las unidades Investigativas de\u00a0 la DDI Luj\u00e1n, a cargo del comisario inspector Luis Rios del Puerto; la Sub DDI Luj\u00e1n, encabezada por el comisario inspector Marcos Granili, y la Sub DDI Chivilcoy a cargo del comisario Alejandro Chazarreta, procedieron desde la madrugada del martes a efectivizar un total de 11 \u00f3rdenes de allanamientos en forma simult\u00e1nea en nuestra ciudad; en las localidades de Chvilcoy, Carmen de Areco y Moreno y en la Ciudad Aut\u00f3noma de Buenos Aires, en virtud a dos hechos delictivos ocurridos en esa jurisdicci\u00f3n.<\/p>\n\n\n\n<p>La investigaci\u00f3n que diera lugar a los allanamientos se dio \u201cen raz\u00f3n a varios hechos ocurridos en las localidades de los corredores de las rutas 5 y 7 con la modalidad denominada \u2018entradera\u2019 (robo calificado en poblado y en banda), que se venia sucediendo desde octubre pasado y otra causa de \u2018estafa\u2019 en Luj\u00e1n, de la cual se sustanciara la recolecci\u00f3n de datos e identificaci\u00f3n de los domicilios de los imputados\u201d, explicaron.<\/p>\n\n\n\n<p>La investigaci\u00f3n de los hechos recay\u00f3 en el personal de investigaciones, que logr\u00f3 obtener elementos probatorios suficientes de acuerdo a los requerimientos judiciales.<\/p>\n\n\n\n<p>\u201cDicho objetivo se logr\u00f3 mediante una ardua tarea del personal policial destacado, sin dejar de mencionar&nbsp; el trabajo mancomunado con la Fiscal\u00eda con injerencia en los sucesos delictuales\u201d, remarcaron desde la Sub DDI Luj\u00e1n.<\/p>\n\n\n\n<p>Una vez obtenidas las \u00f3rdenes de allanamientos y efectivizadas las mismas desde la madrugada, \u201cse pudo lograr el secuestro de distintos efectos sustra\u00eddos en los robos, como ser prendas de vestir, electrodom\u00e9sticos, dinero en efectivo efectos personales, joyas, alhajas etc. Tambi\u00e9n elementos utilizados para perpetrar los mismos, como ser distintas herramientas de corte, guantes&nbsp; y arma de fuego\u201d, detallaron.<\/p>\n\n\n\n<p>Asimismo, \u201cse encontr\u00f3 una cierta cantidad de marihuana y coca\u00edna, como as\u00ed tambi\u00e9n una balanza de precisi\u00f3n, lo que motiv\u00f3 el inicio correspondiente a las actuaciones judiciales por \u2018infracci\u00f3n a la Ley 23737\u2032\u201d, a\u00f1adieron.<\/p>\n\n\n\n<p>Y por \u00faltimo, detallaron que \u201ccomo resultado de los distintos allanamientos se procedi\u00f3 a la aprehensi\u00f3n de cuatro sujetos masculinos mayores de edad, los cuales quedaron a disposici\u00f3n de la autoridad judicial competente, cumpliendo con las directivas, notificaci\u00f3n de formaci\u00f3n causa, debiendo ser trasladado este mi\u00e9rcoles 29 a primera audiencia juntamente con las actuaciones y elementos secuestrados a la sede del juzgado, a los fines de la prosecuci\u00f3n de la causa judicial\u201d.<\/p>\n\n\n\n<p>De esta manera, afirmaron que le dieron fin al accionar de la banda delictual que operaba en las localidades de Luj\u00e1n, Chivilcoy, Carmen de Areco y Mercedes. La investigaci\u00f3n contin\u00faa en la Fiscal\u00edas del Departamento Judicial Mercedes. <\/p>\n\n\n\n<p>Fuente: Luj\u00e1n Hoy<\/p>\n","protected":false},"excerpt":{"rendered":"<p>La DDI Luj\u00e1n y las Sub DDI de nuestra ciudad y Chivilcoy realizaron 11 allanamientos en diversas ciudades y aprehendieron &#8230; <a title=\"Por \u201crobos\u201d y \u201cestafa\u201d hubo 11 allanamientos y cuatro aprehendidos\" class=\"read-more\" href=\"https:\/\/www.hoymercedes.com.ar\/principal\/2021\/12\/29\/por-robos-y-estafa-hubo-11-allanamientos-y-cuatro-aprehendidos\/\" aria-label=\"Leer m\u00e1s sobre Por \u201crobos\u201d y \u201cestafa\u201d hubo 11 allanamientos y cuatro aprehendidos\">Leer m\u00e1s<\/a><\/p>\n","protected":false},"author":1,"featured_media":142066,"comment_status":"closed","ping_status":"open","sticky":false,"template":"","format":"standard","meta":{"_monsterinsights_skip_tracking":false,"_monsterinsights_sitenote_active":false,"_monsterinsights_sitenote_note":"","_monsterinsights_sitenote_category":0,"jetpack_post_was_ever_published":false,"_jetpack_newsletter_access":"","_jetpack_dont_email_post_to_subs":false,"_jetpack_newsletter_tier_id":0,"_jetpack_memberships_contains_paywalled_content":false,"_jetpack_memberships_contains_paid_content":false,"footnotes":"","jetpack_publicize_message":"","jetpack_publicize_feature_enabled":true,"jetpack_social_post_already_shared":true,"jetpack_social_options":{"image_generator_settings":{"template":"highway","default_image_id":0,"font":"","enabled":false},"version":2},"_wpas_customize_per_network":false},"categories":[85],"tags":[],"class_list":["post-142065","post","type-post","status-publish","format-standard","has-post-thumbnail","hentry","category-policial","generate-columns","tablet-grid-50","mobile-grid-100","grid-parent","grid-50"],"jetpack_publicize_connections":[],"jetpack_featured_media_url":"https:\/\/www.hoymercedes.com.ar\/principal\/wp-content\/uploads\/2021\/12\/Allanameintos-y-detenidos-Sub-DDI-1.jpg","wps_subtitle":"En Luj\u00e1n","jetpack_sharing_enabled":true,"_links":{"self":[{"href":"https:\/\/www.hoymercedes.com.ar\/principal\/wp-json\/wp\/v2\/posts\/142065","targetHints":{"allow":["GET"]}}],"collection":[{"href":"https:\/\/www.hoymercedes.com.ar\/principal\/wp-json\/wp\/v2\/posts"}],"about":[{"href":"https:\/\/www.hoymercedes.com.ar\/principal\/wp-json\/wp\/v2\/types\/post"}],"author":[{"embeddable":true,"href":"https:\/\/www.hoymercedes.com.ar\/principal\/wp-json\/wp\/v2\/users\/1"}],"replies":[{"embeddable":true,"href":"https:\/\/www.hoymercedes.com.ar\/principal\/wp-json\/wp\/v2\/comments?post=142065"}],"version-history":[{"count":0,"href":"https:\/\/www.hoymercedes.com.ar\/principal\/wp-json\/wp\/v2\/posts\/142065\/revisions"}],"wp:featuredmedia":[{"embeddable":true,"href":"https:\/\/www.hoymercedes.com.ar\/principal\/wp-json\/wp\/v2\/media\/142066"}],"wp:attachment":[{"href":"https:\/\/www.hoymercedes.com.ar\/principal\/wp-json\/wp\/v2\/media?parent=142065"}],"wp:term":[{"taxonomy":"category","embeddable":true,"href":"https:\/\/www.hoymercedes.com.ar\/principal\/wp-json\/wp\/v2\/categories?post=142065"},{"taxonomy":"post_tag","embeddable":true,"href":"https:\/\/www.hoymercedes.com.ar\/principal\/wp-json\/wp\/v2\/tags?post=142065"}],"curies":[{"name":"wp","href":"https:\/\/api.w.org\/{rel}","templated":true}]}}