{"id":142325,"date":"2022-01-05T08:30:00","date_gmt":"2022-01-05T11:30:00","guid":{"rendered":"https:\/\/www.hoymercedes.com.ar\/principal\/?p=142325"},"modified":"2022-01-05T01:34:42","modified_gmt":"2022-01-05T04:34:42","slug":"mediante-operativo-cerrojo-y-persecucion-aprehenden-a-ladron-de-ruedas","status":"publish","type":"post","link":"https:\/\/www.hoymercedes.com.ar\/principal\/2022\/01\/05\/mediante-operativo-cerrojo-y-persecucion-aprehenden-a-ladron-de-ruedas\/","title":{"rendered":"Mediante operativo cerrojo y persecuci\u00f3n aprehenden a ladr\u00f3n de ruedas"},"content":{"rendered":"\n<figure class=\"wp-block-image size-large\"><img loading=\"lazy\" decoding=\"async\" width=\"1024\" height=\"576\" data-attachment-id=\"142326\" data-permalink=\"https:\/\/www.hoymercedes.com.ar\/principal\/2022\/01\/05\/mediante-operativo-cerrojo-y-persecucion-aprehenden-a-ladron-de-ruedas\/centrodeimagenes-mercedes-2\/#main\" data-orig-file=\"https:\/\/www.hoymercedes.com.ar\/principal\/wp-content\/uploads\/2022\/01\/CentroDeImagenes-Mercedes-2.jpeg\" data-orig-size=\"1280,720\" data-comments-opened=\"0\" data-image-meta=\"{&quot;aperture&quot;:&quot;0&quot;,&quot;credit&quot;:&quot;&quot;,&quot;camera&quot;:&quot;&quot;,&quot;caption&quot;:&quot;&quot;,&quot;created_timestamp&quot;:&quot;0&quot;,&quot;copyright&quot;:&quot;&quot;,&quot;focal_length&quot;:&quot;0&quot;,&quot;iso&quot;:&quot;0&quot;,&quot;shutter_speed&quot;:&quot;0&quot;,&quot;title&quot;:&quot;&quot;,&quot;orientation&quot;:&quot;0&quot;}\" data-image-title=\"CentroDeImagenes-Mercedes-2\" data-image-description=\"\" data-image-caption=\"\" data-large-file=\"https:\/\/www.hoymercedes.com.ar\/principal\/wp-content\/uploads\/2022\/01\/CentroDeImagenes-Mercedes-2-1024x576.jpeg\" src=\"https:\/\/www.hoymercedes.com.ar\/principal\/wp-content\/uploads\/2022\/01\/CentroDeImagenes-Mercedes-2-1024x576.jpeg\" alt=\"\" class=\"wp-image-142326\" srcset=\"https:\/\/www.hoymercedes.com.ar\/principal\/wp-content\/uploads\/2022\/01\/CentroDeImagenes-Mercedes-2-1024x576.jpeg 1024w, https:\/\/www.hoymercedes.com.ar\/principal\/wp-content\/uploads\/2022\/01\/CentroDeImagenes-Mercedes-2-630x354.jpeg 630w, https:\/\/www.hoymercedes.com.ar\/principal\/wp-content\/uploads\/2022\/01\/CentroDeImagenes-Mercedes-2-150x84.jpeg 150w, https:\/\/www.hoymercedes.com.ar\/principal\/wp-content\/uploads\/2022\/01\/CentroDeImagenes-Mercedes-2.jpeg 1280w\" sizes=\"auto, (max-width: 1024px) 100vw, 1024px\" \/><\/figure>\n\n\n\n<p>En Mercedes un vecino emiti\u00f3 la alerta sobre un intento de robo de \u201cruedas\u201d de veh\u00edculos. Gracias al compromiso ciudadano del vecino que, adem\u00e1s, aport\u00f3 datos del veh\u00edculo donde se movilizaba el malviviente, se inicia un seguimiento mediante las c\u00e1maras del Centro Operativo de Monitoreo, alertando al personal policial sobre los lugares en el que circulaba dicho autom\u00f3vil (un Citroen C4 color gris) divisandolo en avenida 40, sentido este, y luego en calle 15, sentido norte.<\/p>\n\n\n\n<p><br>Si bien en un momento dado el veh\u00edculo logr\u00f3 ser divisado por los efectivos locales, fue perdido de vista r\u00e1pidamente en zona rural, por lo cual se di\u00f3 un alerta en la regi\u00f3n para efectuar un operativo cerrojo para poder detenerlo.<\/p>\n\n\n\n<figure class=\"wp-block-image size-large\"><img loading=\"lazy\" decoding=\"async\" width=\"1024\" height=\"1024\" data-attachment-id=\"142327\" data-permalink=\"https:\/\/www.hoymercedes.com.ar\/principal\/2022\/01\/05\/mediante-operativo-cerrojo-y-persecucion-aprehenden-a-ladron-de-ruedas\/centrodeimagenes-mercedes\/#main\" data-orig-file=\"https:\/\/www.hoymercedes.com.ar\/principal\/wp-content\/uploads\/2022\/01\/CentroDeImagenes-Mercedes.jpeg\" data-orig-size=\"1600,1600\" data-comments-opened=\"0\" data-image-meta=\"{&quot;aperture&quot;:&quot;0&quot;,&quot;credit&quot;:&quot;&quot;,&quot;camera&quot;:&quot;&quot;,&quot;caption&quot;:&quot;&quot;,&quot;created_timestamp&quot;:&quot;0&quot;,&quot;copyright&quot;:&quot;&quot;,&quot;focal_length&quot;:&quot;0&quot;,&quot;iso&quot;:&quot;0&quot;,&quot;shutter_speed&quot;:&quot;0&quot;,&quot;title&quot;:&quot;&quot;,&quot;orientation&quot;:&quot;0&quot;}\" data-image-title=\"CentroDeImagenes-Mercedes\" data-image-description=\"\" data-image-caption=\"\" data-large-file=\"https:\/\/www.hoymercedes.com.ar\/principal\/wp-content\/uploads\/2022\/01\/CentroDeImagenes-Mercedes-1024x1024.jpeg\" src=\"https:\/\/www.hoymercedes.com.ar\/principal\/wp-content\/uploads\/2022\/01\/CentroDeImagenes-Mercedes-1024x1024.jpeg\" alt=\"\" class=\"wp-image-142327\" srcset=\"https:\/\/www.hoymercedes.com.ar\/principal\/wp-content\/uploads\/2022\/01\/CentroDeImagenes-Mercedes-1024x1024.jpeg 1024w, https:\/\/www.hoymercedes.com.ar\/principal\/wp-content\/uploads\/2022\/01\/CentroDeImagenes-Mercedes-620x620.jpeg 620w, https:\/\/www.hoymercedes.com.ar\/principal\/wp-content\/uploads\/2022\/01\/CentroDeImagenes-Mercedes-150x150.jpeg 150w, https:\/\/www.hoymercedes.com.ar\/principal\/wp-content\/uploads\/2022\/01\/CentroDeImagenes-Mercedes-1536x1536.jpeg 1536w, https:\/\/www.hoymercedes.com.ar\/principal\/wp-content\/uploads\/2022\/01\/CentroDeImagenes-Mercedes.jpeg 1600w\" sizes=\"auto, (max-width: 1024px) 100vw, 1024px\" \/><\/figure>\n\n\n\n<p><br>Fue as\u00ed que el Citroen C4 logra ser visto nuevamente en el km 253 de la ruta 41 de inicia nueva persecuci\u00f3n, que sigui\u00f3 por ruta 7 hacia Carmen de Areco donde nuevamente se topa con un nuevo operativo cerrojo, retornando otra vez hacia San Andr\u00e9s de Giles, cruzando canteros centrales y conduciendo en forma absolutamente temeraria, incluyendo varios kil\u00f3metros a contramano por la ruta, logrando ser aprehendido pro personal de Polic\u00eda Vial y Comunal de dicha localidad.<\/p>\n\n\n\n<p><br>El sujeto de 46 a\u00f1os de edad es oriundo de Lomas de Zamora y pose\u00eda un pedido de captura activo por robo.<\/p>\n\n\n\n<p><br>Se supo que, al momento de la aprehensi\u00f3n, pose\u00eda en el el autom\u00f3vil llaves francesas, cruz, picoloro y cricket, c\u00f3mo as\u00ed tambi\u00e9n que durante la fuga se hab\u00eda despojado de un cortacandados y una rueda de auxilio.<\/p>\n\n\n\n<p><br>Una vez m\u00e1s, el compromiso ciudadano y una correcta articulaci\u00f3n, permiti\u00f3 que otro delincuente sea puesto a disposici\u00f3n de la justicia.<\/p>\n","protected":false},"excerpt":{"rendered":"<p>En Mercedes un vecino emiti\u00f3 la alerta sobre un intento de robo de \u201cruedas\u201d de veh\u00edculos. Gracias al compromiso ciudadano &#8230; <a title=\"Mediante operativo cerrojo y persecuci\u00f3n aprehenden a ladr\u00f3n de ruedas\" class=\"read-more\" href=\"https:\/\/www.hoymercedes.com.ar\/principal\/2022\/01\/05\/mediante-operativo-cerrojo-y-persecucion-aprehenden-a-ladron-de-ruedas\/\" aria-label=\"Leer m\u00e1s sobre Mediante operativo cerrojo y persecuci\u00f3n aprehenden a ladr\u00f3n de ruedas\">Leer m\u00e1s<\/a><\/p>\n","protected":false},"author":1,"featured_media":142326,"comment_status":"closed","ping_status":"open","sticky":false,"template":"","format":"standard","meta":{"_monsterinsights_skip_tracking":false,"_monsterinsights_sitenote_active":false,"_monsterinsights_sitenote_note":"","_monsterinsights_sitenote_category":0,"jetpack_post_was_ever_published":false,"_jetpack_newsletter_access":"","_jetpack_dont_email_post_to_subs":false,"_jetpack_newsletter_tier_id":0,"_jetpack_memberships_contains_paywalled_content":false,"_jetpack_memberships_contains_paid_content":false,"footnotes":"","jetpack_publicize_message":"","jetpack_publicize_feature_enabled":true,"jetpack_social_post_already_shared":true,"jetpack_social_options":{"image_generator_settings":{"template":"highway","default_image_id":0,"font":"","enabled":false},"version":2},"_wpas_customize_per_network":false},"categories":[85],"tags":[18171,5766,864],"class_list":["post-142325","post","type-post","status-publish","format-standard","has-post-thumbnail","hentry","category-policial","tag-centro-de-camaras","tag-policia-comunal","tag-seguridad-mercedes","generate-columns","tablet-grid-50","mobile-grid-100","grid-parent","grid-50"],"jetpack_publicize_connections":[],"jetpack_featured_media_url":"https:\/\/www.hoymercedes.com.ar\/principal\/wp-content\/uploads\/2022\/01\/CentroDeImagenes-Mercedes-2.jpeg","wps_subtitle":"Detenido","jetpack_sharing_enabled":true,"_links":{"self":[{"href":"https:\/\/www.hoymercedes.com.ar\/principal\/wp-json\/wp\/v2\/posts\/142325","targetHints":{"allow":["GET"]}}],"collection":[{"href":"https:\/\/www.hoymercedes.com.ar\/principal\/wp-json\/wp\/v2\/posts"}],"about":[{"href":"https:\/\/www.hoymercedes.com.ar\/principal\/wp-json\/wp\/v2\/types\/post"}],"author":[{"embeddable":true,"href":"https:\/\/www.hoymercedes.com.ar\/principal\/wp-json\/wp\/v2\/users\/1"}],"replies":[{"embeddable":true,"href":"https:\/\/www.hoymercedes.com.ar\/principal\/wp-json\/wp\/v2\/comments?post=142325"}],"version-history":[{"count":0,"href":"https:\/\/www.hoymercedes.com.ar\/principal\/wp-json\/wp\/v2\/posts\/142325\/revisions"}],"wp:featuredmedia":[{"embeddable":true,"href":"https:\/\/www.hoymercedes.com.ar\/principal\/wp-json\/wp\/v2\/media\/142326"}],"wp:attachment":[{"href":"https:\/\/www.hoymercedes.com.ar\/principal\/wp-json\/wp\/v2\/media?parent=142325"}],"wp:term":[{"taxonomy":"category","embeddable":true,"href":"https:\/\/www.hoymercedes.com.ar\/principal\/wp-json\/wp\/v2\/categories?post=142325"},{"taxonomy":"post_tag","embeddable":true,"href":"https:\/\/www.hoymercedes.com.ar\/principal\/wp-json\/wp\/v2\/tags?post=142325"}],"curies":[{"name":"wp","href":"https:\/\/api.w.org\/{rel}","templated":true}]}}