{"id":142442,"date":"2022-01-08T16:09:20","date_gmt":"2022-01-08T19:09:20","guid":{"rendered":"https:\/\/www.hoymercedes.com.ar\/principal\/?p=142442"},"modified":"2022-01-08T16:09:27","modified_gmt":"2022-01-08T19:09:27","slug":"cobraran-acceso-al-parque-a-beneficio-de-los-bomberos-voluntarios","status":"publish","type":"post","link":"https:\/\/www.hoymercedes.com.ar\/principal\/2022\/01\/08\/cobraran-acceso-al-parque-a-beneficio-de-los-bomberos-voluntarios\/","title":{"rendered":"Cobrar\u00e1n acceso al Parque a beneficio de los Bomberos Voluntarios"},"content":{"rendered":"\n<p>El Municipio de Mercedes anunci\u00f3 que se cobrar\u00e1 entrada al Parque Municipal a las personas no residentes y turistas. Lo recaudados ser\u00e1 para el cuerpo de Bomberos Voluntarios de Mercedes que se instalar\u00e1n en la puerta de acceso del sector viejo para implementar la medida. Asimismo, informaron que en el \u00absector nuevo\u00bb no correr\u00e1 la medida. <\/p>\n\n\n\n<div class=\"wp-block-image\"><figure class=\"aligncenter size-full\"><img loading=\"lazy\" decoding=\"async\" width=\"800\" height=\"453\" data-attachment-id=\"142443\" data-permalink=\"https:\/\/www.hoymercedes.com.ar\/principal\/2022\/01\/08\/cobraran-acceso-al-parque-a-beneficio-de-los-bomberos-voluntarios\/cobro-parque\/#main\" data-orig-file=\"https:\/\/www.hoymercedes.com.ar\/principal\/wp-content\/uploads\/2022\/01\/cobro-parque.png\" data-orig-size=\"800,453\" data-comments-opened=\"0\" data-image-meta=\"{&quot;aperture&quot;:&quot;0&quot;,&quot;credit&quot;:&quot;&quot;,&quot;camera&quot;:&quot;&quot;,&quot;caption&quot;:&quot;&quot;,&quot;created_timestamp&quot;:&quot;0&quot;,&quot;copyright&quot;:&quot;&quot;,&quot;focal_length&quot;:&quot;0&quot;,&quot;iso&quot;:&quot;0&quot;,&quot;shutter_speed&quot;:&quot;0&quot;,&quot;title&quot;:&quot;&quot;,&quot;orientation&quot;:&quot;0&quot;}\" data-image-title=\"cobro parque\" data-image-description=\"\" data-image-caption=\"\" data-large-file=\"https:\/\/www.hoymercedes.com.ar\/principal\/wp-content\/uploads\/2022\/01\/cobro-parque.png\" src=\"https:\/\/www.hoymercedes.com.ar\/principal\/wp-content\/uploads\/2022\/01\/cobro-parque.png\" alt=\"\" class=\"wp-image-142443\" srcset=\"https:\/\/www.hoymercedes.com.ar\/principal\/wp-content\/uploads\/2022\/01\/cobro-parque.png 800w, https:\/\/www.hoymercedes.com.ar\/principal\/wp-content\/uploads\/2022\/01\/cobro-parque-630x357.png 630w, https:\/\/www.hoymercedes.com.ar\/principal\/wp-content\/uploads\/2022\/01\/cobro-parque-150x85.png 150w\" sizes=\"auto, (max-width: 800px) 100vw, 800px\" \/><\/figure><\/div>\n\n\n\n<p>A trav\u00e9s de una comunicaci\u00f3n enviada a los medios y una conferencia de prensa, el Jefe Comunal Juan Ignacio Ustarroz acompa\u00f1ado por funcionarios y autoridades del cuerpo de Bomberos Voluntarios de Mercedes anunciaron y explicaron la medida y c\u00f3mo se llevar\u00e1 a cabo. <\/p>\n\n\n\n<p>\u00abEntendemos que este verano todos los lugares se van a desbordar de gente. Por lo que creemos, esta es una forma de limitar el ingreso. Donde tambi\u00e9n, mantener una estructura como la del parque conlleva una inversi\u00f3n, por lo que decidimos \u2013como se hace en much\u00edsimas ciudades- que la gente que viene de afuera de nuestra ciudad haga ese aporte, donde el cien por ciento, va a los Bomberos Voluntarios de nuestra ciudad\u201d, dijo el Intendente Municipal. <\/p>\n\n\n\n<p>A lo que agreg\u00f3 que el cobro al sector viejo del Parque Municipal ser\u00e1 los d\u00edas s\u00e1bado y domingo. El ingreso ser\u00e1 de 200 pesos por moto o auto y 1000 pesos para colectivos. En tanto, qui\u00e9nes quieran hacer uso de la pileta deber\u00e1n abonar de acuerdo a la edad y al grupo familiar. Esto es: 300 pesos los menores de 14 a\u00f1os, 500 pesos los mayores y el grupo familiar 1100 pesos. <\/p>\n\n\n\n<p>Con el cobro al ingreso de qui\u00e9nes no residen en Mercedes, \u00abtambi\u00e9n podremos controlar mejor el Parque\u00bb. El Jefe Comunal explic\u00f3 que hubo \u00abinconvenientes, fundamentalmente, con el uso de la pileta. Entonces esta es una forma de tener registros y cuidar, m\u00e1s y mejor nuestro Parque, que tanto nos cuesta mejorarlo y mantenerlo\u201d. <\/p>\n\n\n\n<p>Por su parte, el presidente de la Asociaci\u00f3n Cooperadora de los Bomberos Voluntarios de Mercedes, Pedro Di Cecco adelant\u00f3 que se organizaron en grupo para instalarse los fines de semana (a partir del s\u00e1bado 8) para comenzar a cobrar los valores estipulados por la Comuna. \u00abPara nosotros es un ingreso neto, donde no tenemos gastos ni p\u00e9rdidas. Se les cobrar\u00e1 a los no residentes, es decir, que no pertenezcan a nuestra ciudad\u201d, resalt\u00f3 Di Cecco. <\/p>\n\n\n\n<p>Fuente: Prensa Municipal<\/p>\n","protected":false},"excerpt":{"rendered":"<p>El Municipio de Mercedes anunci\u00f3 que se cobrar\u00e1 entrada al Parque Municipal a las personas no residentes y turistas. Lo &#8230; <a title=\"Cobrar\u00e1n acceso al Parque a beneficio de los Bomberos Voluntarios\" class=\"read-more\" href=\"https:\/\/www.hoymercedes.com.ar\/principal\/2022\/01\/08\/cobraran-acceso-al-parque-a-beneficio-de-los-bomberos-voluntarios\/\" aria-label=\"Leer m\u00e1s sobre Cobrar\u00e1n acceso al Parque a beneficio de los Bomberos Voluntarios\">Leer m\u00e1s<\/a><\/p>\n","protected":false},"author":1,"featured_media":142443,"comment_status":"closed","ping_status":"open","sticky":false,"template":"","format":"standard","meta":{"_monsterinsights_skip_tracking":false,"_monsterinsights_sitenote_active":false,"_monsterinsights_sitenote_note":"","_monsterinsights_sitenote_category":0,"jetpack_post_was_ever_published":false,"_jetpack_newsletter_access":"","_jetpack_dont_email_post_to_subs":false,"_jetpack_newsletter_tier_id":0,"_jetpack_memberships_contains_paywalled_content":false,"_jetpack_memberships_contains_paid_content":false,"footnotes":"","jetpack_publicize_message":"","jetpack_publicize_feature_enabled":true,"jetpack_social_post_already_shared":true,"jetpack_social_options":{"image_generator_settings":{"template":"highway","default_image_id":0,"font":"","enabled":false},"version":2},"_wpas_customize_per_network":false},"categories":[30],"tags":[244],"class_list":["post-142442","post","type-post","status-publish","format-standard","has-post-thumbnail","hentry","category-municipio","tag-municipio-2","generate-columns","tablet-grid-50","mobile-grid-100","grid-parent","grid-50"],"jetpack_publicize_connections":[],"jetpack_featured_media_url":"https:\/\/www.hoymercedes.com.ar\/principal\/wp-content\/uploads\/2022\/01\/cobro-parque.png","wps_subtitle":"Los d\u00edas s\u00e1bado y domingo","jetpack_sharing_enabled":true,"_links":{"self":[{"href":"https:\/\/www.hoymercedes.com.ar\/principal\/wp-json\/wp\/v2\/posts\/142442","targetHints":{"allow":["GET"]}}],"collection":[{"href":"https:\/\/www.hoymercedes.com.ar\/principal\/wp-json\/wp\/v2\/posts"}],"about":[{"href":"https:\/\/www.hoymercedes.com.ar\/principal\/wp-json\/wp\/v2\/types\/post"}],"author":[{"embeddable":true,"href":"https:\/\/www.hoymercedes.com.ar\/principal\/wp-json\/wp\/v2\/users\/1"}],"replies":[{"embeddable":true,"href":"https:\/\/www.hoymercedes.com.ar\/principal\/wp-json\/wp\/v2\/comments?post=142442"}],"version-history":[{"count":0,"href":"https:\/\/www.hoymercedes.com.ar\/principal\/wp-json\/wp\/v2\/posts\/142442\/revisions"}],"wp:featuredmedia":[{"embeddable":true,"href":"https:\/\/www.hoymercedes.com.ar\/principal\/wp-json\/wp\/v2\/media\/142443"}],"wp:attachment":[{"href":"https:\/\/www.hoymercedes.com.ar\/principal\/wp-json\/wp\/v2\/media?parent=142442"}],"wp:term":[{"taxonomy":"category","embeddable":true,"href":"https:\/\/www.hoymercedes.com.ar\/principal\/wp-json\/wp\/v2\/categories?post=142442"},{"taxonomy":"post_tag","embeddable":true,"href":"https:\/\/www.hoymercedes.com.ar\/principal\/wp-json\/wp\/v2\/tags?post=142442"}],"curies":[{"name":"wp","href":"https:\/\/api.w.org\/{rel}","templated":true}]}}